{"id":113209,"date":"2022-12-12T10:49:13","date_gmt":"2022-12-12T13:49:13","guid":{"rendered":"https:\/\/eldiariodesanpedro.com.ar\/sitio\/?p=113209"},"modified":"2022-12-12T10:49:14","modified_gmt":"2022-12-12T13:49:14","slug":"tomas-berthet-en-qatar-es-una-experiencia-unica-e-inolvidable","status":"publish","type":"post","link":"https:\/\/eldiariodesanpedro.com.ar\/sitio\/tomas-berthet-en-qatar-es-una-experiencia-unica-e-inolvidable\/","title":{"rendered":"Tom\u00e1s Berthet en Qatar: \u00abEs una experiencia \u00fanica e inolvidable\u00bb"},"content":{"rendered":"<!-- VideographyWP Plugin Message: Automatic video embedding prevented by plugin options. -->\n\n<p>C\u00f3mo ante Australia el joven integrante de una querida familia sampedrina volvi\u00f3 a estar en la ceremonia previa al cruce entre la selecci\u00f3n Argentina y Pa\u00edses Bajos. Habl\u00f3 en exclusiva desde Qatar y describi\u00f3 lo que se siente estar al lado de los mejores jugadores del mundo.<\/p>\n\n\n\n<p>Hace pocos d\u00edas, luego de la victoria de la selecci\u00f3n Argentina ante Australia en los cuartos de final de la copa del mundo que se juega en Qatar, San Pedro Informa y FM G\u00e9nesis contaban en exclusiva la historia de Tom\u00e1s Berthet, el joven perteneciente a una familia sampedrina que aparece en su silla de rueda delante de los jugadores mientras se entonan las estrofas del himno nacional.<\/p>\n\n\n\n<p>Desde Qatar habl\u00f3 en el aire de FM G\u00e9nesis y cont\u00f3 como surgi\u00f3 la posibilidad de estar en el campo de juego a solo cent\u00edmetros de los mejores jugadores del mundo.<\/p>\n\n\n\n<p>Se dio todo muy r\u00e1pido fue muy fortuito porque yo ya hab\u00eda ingresado al estadio y una persona de la organizaci\u00f3n se me acerc\u00f3 y me dijo qu\u00e9 pod\u00eda estar adentro de la cancha cuando los jugadores cantaron el himno nacional entonces me cit\u00f3 en un lugar determinado y a una hora. Cuando estuve ah\u00ed y ya hab\u00edan ingresado los jugadores y se hab\u00edan formado en fila me acercaron al medio de la cancha para estar en ese lugar.<\/p>\n\n\n\n<p>\u00abEstar ante miles de personas escuchando el himno nacional y con los jugadores tan cerca es una experiencia \u00fanica e inolvidable. Mucha gente de San Pedro se enter\u00f3\u00bb, cont\u00f3 Tom\u00e1s Berthet en una entrevista que di\u00f3 hace unos d\u00edas.<\/p>\n\n\n\n<p>\u00abEstuve cerca de todos los jugadores y hasta del propio Scal\u00f3ni pero no pude obtener una foto con ninguno de ellos porque no se los pod\u00eda desconcentrar\u00bb.<\/p>\n\n\n\n<p>\u00abCon mi familia estamos solamente en Qatar porque como es un mundial at\u00edpico se juegan todos los encuentros aqu\u00ed y es muy f\u00e1cil moverse porque las canchas est\u00e1n muy cerca de todos modos solamente hemos ido a los partidos de Argentina\u00bb.<\/p>\n\n\n\n<p>\u00abLa verdad que es muy sencillo movilizarse en Qatar porque tanto los subtes como los micros brindan todas las comodidades para casos como el m\u00edo, todos tienen sus rampas y cuando sub\u00eds te atan con un cintur\u00f3n de seguridad. En Argentina no tenemos las mismas facilidades para movilizarnos\u00bb.<\/p>\n\n\n\n<p>\u00abLo que se ve en los estadios es \u00fanico hay argentinos en todos lados y parecemos locales. Cada vez somos m\u00e1s\u00bb, remarc\u00f3 el joven.<\/p>\n\n\n\n<p>\u00abCuando las cosas se tienen que dar se dan, yo no me lo propuse y algo que era una ilusi\u00f3n se hizo realidad\u00bb, destac\u00f3.<\/p>\n\n\n\n<p>Fuente: San Pedro Informa<\/p>\n\n\n\n<figure class=\"wp-block-image size-full\"><img decoding=\"async\" width=\"911\" height=\"630\" data-attachment-id=\"113211\" data-permalink=\"https:\/\/eldiariodesanpedro.com.ar\/sitio\/tomas-berthet-en-qatar-es-una-experiencia-unica-e-inolvidable\/descarga-106\/\" data-orig-file=\"https:\/\/eldiariodesanpedro.com.ar\/sitio\/wp-content\/uploads\/2022\/12\/descarga.jpg\" data-orig-size=\"911,630\" data-comments-opened=\"0\" data-image-meta=\"{&quot;aperture&quot;:&quot;0&quot;,&quot;credit&quot;:&quot;&quot;,&quot;camera&quot;:&quot;&quot;,&quot;caption&quot;:&quot;&quot;,&quot;created_timestamp&quot;:&quot;0&quot;,&quot;copyright&quot;:&quot;&quot;,&quot;focal_length&quot;:&quot;0&quot;,&quot;iso&quot;:&quot;0&quot;,&quot;shutter_speed&quot;:&quot;0&quot;,&quot;title&quot;:&quot;&quot;,&quot;orientation&quot;:&quot;0&quot;}\" data-image-title=\"descarga\" data-image-description=\"\" data-image-caption=\"\" data-large-file=\"https:\/\/eldiariodesanpedro.com.ar\/sitio\/wp-content\/uploads\/2022\/12\/descarga.jpg\" data-src=\"https:\/\/eldiariodesanpedro.com.ar\/sitio\/wp-content\/uploads\/2022\/12\/descarga.jpg\" alt=\"\" class=\"wp-image-113211 lazyload\" data-srcset=\"https:\/\/eldiariodesanpedro.com.ar\/sitio\/wp-content\/uploads\/2022\/12\/descarga.jpg 911w, https:\/\/eldiariodesanpedro.com.ar\/sitio\/wp-content\/uploads\/2022\/12\/descarga-300x207.jpg 300w, https:\/\/eldiariodesanpedro.com.ar\/sitio\/wp-content\/uploads\/2022\/12\/descarga-768x531.jpg 768w\" data-sizes=\"(max-width: 911px) 100vw, 911px\" src=\"data:image\/svg+xml;base64,PHN2ZyB3aWR0aD0iMSIgaGVpZ2h0PSIxIiB4bWxucz0iaHR0cDovL3d3dy53My5vcmcvMjAwMC9zdmciPjwvc3ZnPg==\" style=\"--smush-placeholder-width: 911px; --smush-placeholder-aspect-ratio: 911\/630;\" \/><\/figure>\n","protected":false},"excerpt":{"rendered":"<p>C\u00f3mo ante Australia el joven integrante de una querida familia sampedrina volvi\u00f3 a estar en la ceremonia previa al cruce entre la selecci\u00f3n Argentina y Pa\u00edses Bajos. Habl\u00f3 en exclusiva desde Qatar y describi\u00f3 lo que se siente estar al lado de los mejores jugadores del mundo. Hace pocos d\u00edas, luego de la victoria de [&hellip;]<\/p>\n","protected":false},"author":4,"featured_media":113210,"comment_status":"closed","ping_status":"closed","sticky":false,"template":"","format":"standard","meta":{"om_disable_all_campaigns":false,"_jetpack_memberships_contains_paid_content":false,"footnotes":""},"categories":[50,101,2],"tags":[197,696,33,19],"class_list":["post-113209","post","type-post","status-publish","format-standard","has-post-thumbnail","hentry","category-destacadas","category-interes-general-locales","category-locales","tag-buenos-aires","tag-interes-general","tag-locales","tag-san-pedro"],"aioseo_notices":[],"gutentor_comment":0,"jetpack_featured_media_url":"https:\/\/eldiariodesanpedro.com.ar\/sitio\/wp-content\/uploads\/2022\/12\/0000021468-resized-1920x1080-1.jpg","jetpack_shortlink":"https:\/\/wp.me\/p6RhLt-trX","jetpack_sharing_enabled":true,"_links":{"self":[{"href":"https:\/\/eldiariodesanpedro.com.ar\/sitio\/wp-json\/wp\/v2\/posts\/113209","targetHints":{"allow":["GET"]}}],"collection":[{"href":"https:\/\/eldiariodesanpedro.com.ar\/sitio\/wp-json\/wp\/v2\/posts"}],"about":[{"href":"https:\/\/eldiariodesanpedro.com.ar\/sitio\/wp-json\/wp\/v2\/types\/post"}],"author":[{"embeddable":true,"href":"https:\/\/eldiariodesanpedro.com.ar\/sitio\/wp-json\/wp\/v2\/users\/4"}],"replies":[{"embeddable":true,"href":"https:\/\/eldiariodesanpedro.com.ar\/sitio\/wp-json\/wp\/v2\/comments?post=113209"}],"version-history":[{"count":1,"href":"https:\/\/eldiariodesanpedro.com.ar\/sitio\/wp-json\/wp\/v2\/posts\/113209\/revisions"}],"predecessor-version":[{"id":113212,"href":"https:\/\/eldiariodesanpedro.com.ar\/sitio\/wp-json\/wp\/v2\/posts\/113209\/revisions\/113212"}],"wp:featuredmedia":[{"embeddable":true,"href":"https:\/\/eldiariodesanpedro.com.ar\/sitio\/wp-json\/wp\/v2\/media\/113210"}],"wp:attachment":[{"href":"https:\/\/eldiariodesanpedro.com.ar\/sitio\/wp-json\/wp\/v2\/media?parent=113209"}],"wp:term":[{"taxonomy":"category","embeddable":true,"href":"https:\/\/eldiariodesanpedro.com.ar\/sitio\/wp-json\/wp\/v2\/categories?post=113209"},{"taxonomy":"post_tag","embeddable":true,"href":"https:\/\/eldiariodesanpedro.com.ar\/sitio\/wp-json\/wp\/v2\/tags?post=113209"}],"curies":[{"name":"wp","href":"https:\/\/api.w.org\/{rel}","templated":true}]}}