{"id":113203,"date":"2022-12-12T10:45:51","date_gmt":"2022-12-12T13:45:51","guid":{"rendered":"https:\/\/eldiariodesanpedro.com.ar\/sitio\/?p=113203"},"modified":"2022-12-12T10:45:52","modified_gmt":"2022-12-12T13:45:52","slug":"en-el-almacen-de-beladrich-el-mundial-gaucho","status":"publish","type":"post","link":"https:\/\/eldiariodesanpedro.com.ar\/sitio\/en-el-almacen-de-beladrich-el-mundial-gaucho\/","title":{"rendered":"En el almac\u00e9n de Beladrich: \u00abEl Mundial gaucho\u00bb"},"content":{"rendered":"<!-- VideographyWP Plugin Message: Automatic video embedding prevented by plugin options. -->\n\n<p>La aventura de 6 paisanos que vieron el partido en la pulper\u00eda que se qued\u00f3 sin luz en los penales. El almac\u00e9n de Beladrich se encuentra en el partido de San Pedro, en el medio del campo, y es visitado por ciento de personas.<\/p>\n\n\n\n<p>Las aves de rapi\u00f1a sobrevuelan el campo, pacientes a la espera que un animal ceda ante el sol implacable. El molino tiene las aspas paral\u00edticas, la ausencia de viento hace que se vean estampadas al paisaje rural. Las ovejas rasgu\u00f1an el pasto seco, hace seis meses que no llueve en la regi\u00f3n. El monte de eucaliptus, \u00fanico resguardo a la sombra en el p\u00e1ramo, esconde al paraje Beladrich, un delta agreste en el partido de San Pedro \u2013en la Provincia de Buenos Aires- que convoca este viernes a cinco de sus doce vecinos a ver a la selecci\u00f3n.<\/p>\n\n\n\n<p>Est\u00e1n reunidos frente al peque\u00f1o televisor de tubos encastrado en la pared del Almac\u00e9n Beladrich que atiende Mat\u00edas Fegan, de 38 a\u00f1os. \u201cPepo\u201d, una cotorra enjaulada grazna con los v\u00edtores de los concurrentes en cada jugada albiceleste. La gata Bonita, no se inmuta con los festejos desaforados finales del conjunto argentino en su ag\u00f3nica victoria por penales contra Pa\u00edses Bajos.<\/p>\n\n\n\n<p>Un ventilador de piso acondiciona el boliche que levanta temperatura con el calor humano. La antigua pulper\u00eda, construida en 1935, en otro tiempo convocaba a los gauchos a jugar al truco, beber y proveerse antes de encarar con faja y fac\u00f3n las profundidades de la llanura. Hoy se reconvirti\u00f3 en una despensa familiar que sirve a la vez de posta de descanso a los trabajadores rurales de las estancias.<\/p>\n\n\n\n<p>\u201cNo se puede salir que te quema el sol ah\u00ed nom\u00e1s\u201d, dice Fegan vestido con boina negra, bombachas y alpargatas en la previa del partido. Fuma un cigarrillo y prepara las mesas para recibir clientes o amigos, como les dice, para \u00e9l son indistintos.<\/p>\n\n\n\n<p>\u201cNos enfrentamos a una sequ\u00eda, unos calores terribles. No est\u00e1 quedando nada. Con estos calores no se puede andar en el campo, es muy dif\u00edcil trabajar\u201d, dice Fegan cuando el mercurio a la intemperie marca 38 grados. Baja de una furgoneta junto con Ram\u00f3n. En sus hombros transportan dos reses de cuarenta kilos y abren las puertas del parador gaucho. A las 11.30 se abren las persianas de hierro del local que rechinan en sinton\u00eda con el sonido de las chicharras que despiertan al calor del mediod\u00eda que se acerca.<\/p>\n\n\n\n<p>El almac\u00e9n es una barraca de ladrillo tostada por la luz abrasadora. Tiene una mesa de billar y metegol. En los estantes se acumulan botellas de vino y Cinzano, detr\u00e1s del mostrador, cerca de una balanza de principio de siglo XX, hay aceite, paquetes de yerba y alfajores. En la heladera se exhiben fiambres, quesos y embutidos. La barra tiene encima frascos de aceitunas en salmuera y maples de huevos de granja reci\u00e9n empollados, en la casa de Gladys, la abuela de Fegan que vive en el paraje.<\/p>\n\n\n\n<p>\u201cLa gente joven se fue toda, quedan los m\u00e1s viejos nom\u00e1s. Se fueron a la ciudad a trabajar o estudiar. Nadie quiere tener animales ya, se mueren porque no les queda qu\u00e9 comer. Casi no queda pasto. Desde abril que no llueve. No te da mucho el campo, yo tengo unos pocos animales, seis, y tengo que cortar pastos de las canaletas o darles ma\u00edz para que no se me mueran, es lo \u00fanico que tengo para vivir\u201d, dice Gladys, abuela del tabernero en su casa frente al almac\u00e9n. Y agrega: \u201cMe quedo a verlo ac\u00e1, porque a la tarde se junta tanta gente en el boliche, ahora con los partidos del Mundial est\u00e1n todos pegaditos al lado del otro con el calor. Aliento desde mi casa a Messi\u201d.<\/p>\n\n\n\n<p>A\u00fan quedan retazos de la hist\u00f3rica pulper\u00eda, de los tiempos en que era una cantina fronteriza a partir de la cu\u00e1l surgieron sus primeros habitantes. En el cielo raso de madera permanecen los garfios donde antiguamente se colgaba la curtiembre, los cueritos las cinchas y las monturas. Por encima del televisor, un mural inmortaliza a Jos\u00e9 de San Mart\u00edn. En 1813 cuando Beladrich a\u00fan estaba despoblado, el Libertador cruz\u00f3 por aquellas pampas.<\/p>\n\n\n\n<p>\u201cLa cerveza ac\u00e1 se toma a dos manos, es la \u00fanica manera. Hace mucho que no llueve\u201d, dice Ram\u00f3n de 53, y se seca con un pa\u00f1uelo el sudor de la frente que le cae bajo el sombrero. Envuelve la botella en telgopor para que no pierda fr\u00edo.\u201cEste partido es f\u00e1cil, m\u00e1s complicado son los rivales que vienen despu\u00e9s. Estoy tranquilo, ganamos dos a uno\u201d, arriesga antes del partido. Mat\u00edas es m\u00e1s optimista y pronostica un dos a cero a favor de la albiceleste.<\/p>\n\n\n\n<p>Frente a la pulper\u00eda est\u00e1 la cancha abandonada, donde antiguamente jugaba El Universal el equipo de futbol de Beladrich que desapareci\u00f3 hace 40 a\u00f1os, dos a\u00f1os antes que naciera Fegan. Los trofeos del equipo descansan encima de la repisa sobre las botellas de alcohol que se vac\u00edan con velocidad durante el partido. La camiseta del equipo local, como la recuerdan sus vecinos, era verde y blanca, rayada como la de Banfield.<\/p>\n\n\n\n<p>Fuente: La Naci\u00f3n <\/p>\n\n\n\n<figure class=\"wp-block-image size-full\"><img decoding=\"async\" width=\"945\" height=\"630\" data-attachment-id=\"113205\" data-permalink=\"https:\/\/eldiariodesanpedro.com.ar\/sitio\/en-el-almacen-de-beladrich-el-mundial-gaucho\/51225w1440q100\/\" data-orig-file=\"https:\/\/eldiariodesanpedro.com.ar\/sitio\/wp-content\/uploads\/2022\/12\/51225w1440q100.jpg\" data-orig-size=\"945,630\" data-comments-opened=\"0\" data-image-meta=\"{&quot;aperture&quot;:&quot;0&quot;,&quot;credit&quot;:&quot;&quot;,&quot;camera&quot;:&quot;&quot;,&quot;caption&quot;:&quot;&quot;,&quot;created_timestamp&quot;:&quot;0&quot;,&quot;copyright&quot;:&quot;&quot;,&quot;focal_length&quot;:&quot;0&quot;,&quot;iso&quot;:&quot;0&quot;,&quot;shutter_speed&quot;:&quot;0&quot;,&quot;title&quot;:&quot;&quot;,&quot;orientation&quot;:&quot;0&quot;}\" data-image-title=\"51225w1440q100\" data-image-description=\"\" data-image-caption=\"\" data-large-file=\"https:\/\/eldiariodesanpedro.com.ar\/sitio\/wp-content\/uploads\/2022\/12\/51225w1440q100.jpg\" data-src=\"https:\/\/eldiariodesanpedro.com.ar\/sitio\/wp-content\/uploads\/2022\/12\/51225w1440q100.jpg\" alt=\"\" class=\"wp-image-113205 lazyload\" data-srcset=\"https:\/\/eldiariodesanpedro.com.ar\/sitio\/wp-content\/uploads\/2022\/12\/51225w1440q100.jpg 945w, https:\/\/eldiariodesanpedro.com.ar\/sitio\/wp-content\/uploads\/2022\/12\/51225w1440q100-300x200.jpg 300w, https:\/\/eldiariodesanpedro.com.ar\/sitio\/wp-content\/uploads\/2022\/12\/51225w1440q100-768x512.jpg 768w\" data-sizes=\"(max-width: 945px) 100vw, 945px\" src=\"data:image\/svg+xml;base64,PHN2ZyB3aWR0aD0iMSIgaGVpZ2h0PSIxIiB4bWxucz0iaHR0cDovL3d3dy53My5vcmcvMjAwMC9zdmciPjwvc3ZnPg==\" style=\"--smush-placeholder-width: 945px; --smush-placeholder-aspect-ratio: 945\/630;\" \/><\/figure>\n\n\n\n<figure class=\"wp-block-image size-full\"><img decoding=\"async\" width=\"945\" height=\"630\" data-attachment-id=\"113206\" data-permalink=\"https:\/\/eldiariodesanpedro.com.ar\/sitio\/en-el-almacen-de-beladrich-el-mundial-gaucho\/51227w1440q100\/\" data-orig-file=\"https:\/\/eldiariodesanpedro.com.ar\/sitio\/wp-content\/uploads\/2022\/12\/51227w1440q100.jpg\" data-orig-size=\"945,630\" data-comments-opened=\"0\" data-image-meta=\"{&quot;aperture&quot;:&quot;0&quot;,&quot;credit&quot;:&quot;&quot;,&quot;camera&quot;:&quot;&quot;,&quot;caption&quot;:&quot;&quot;,&quot;created_timestamp&quot;:&quot;0&quot;,&quot;copyright&quot;:&quot;&quot;,&quot;focal_length&quot;:&quot;0&quot;,&quot;iso&quot;:&quot;0&quot;,&quot;shutter_speed&quot;:&quot;0&quot;,&quot;title&quot;:&quot;&quot;,&quot;orientation&quot;:&quot;0&quot;}\" data-image-title=\"51227w1440q100\" data-image-description=\"\" data-image-caption=\"\" data-large-file=\"https:\/\/eldiariodesanpedro.com.ar\/sitio\/wp-content\/uploads\/2022\/12\/51227w1440q100.jpg\" data-src=\"https:\/\/eldiariodesanpedro.com.ar\/sitio\/wp-content\/uploads\/2022\/12\/51227w1440q100.jpg\" alt=\"\" class=\"wp-image-113206 lazyload\" data-srcset=\"https:\/\/eldiariodesanpedro.com.ar\/sitio\/wp-content\/uploads\/2022\/12\/51227w1440q100.jpg 945w, https:\/\/eldiariodesanpedro.com.ar\/sitio\/wp-content\/uploads\/2022\/12\/51227w1440q100-300x200.jpg 300w, https:\/\/eldiariodesanpedro.com.ar\/sitio\/wp-content\/uploads\/2022\/12\/51227w1440q100-768x512.jpg 768w\" data-sizes=\"(max-width: 945px) 100vw, 945px\" src=\"data:image\/svg+xml;base64,PHN2ZyB3aWR0aD0iMSIgaGVpZ2h0PSIxIiB4bWxucz0iaHR0cDovL3d3dy53My5vcmcvMjAwMC9zdmciPjwvc3ZnPg==\" style=\"--smush-placeholder-width: 945px; --smush-placeholder-aspect-ratio: 945\/630;\" \/><\/figure>\n\n\n\n<figure class=\"wp-block-image size-full\"><img decoding=\"async\" width=\"945\" height=\"630\" data-attachment-id=\"113207\" data-permalink=\"https:\/\/eldiariodesanpedro.com.ar\/sitio\/en-el-almacen-de-beladrich-el-mundial-gaucho\/51233w1440q100\/\" data-orig-file=\"https:\/\/eldiariodesanpedro.com.ar\/sitio\/wp-content\/uploads\/2022\/12\/51233w1440q100.jpg\" data-orig-size=\"945,630\" data-comments-opened=\"0\" data-image-meta=\"{&quot;aperture&quot;:&quot;0&quot;,&quot;credit&quot;:&quot;&quot;,&quot;camera&quot;:&quot;&quot;,&quot;caption&quot;:&quot;&quot;,&quot;created_timestamp&quot;:&quot;0&quot;,&quot;copyright&quot;:&quot;&quot;,&quot;focal_length&quot;:&quot;0&quot;,&quot;iso&quot;:&quot;0&quot;,&quot;shutter_speed&quot;:&quot;0&quot;,&quot;title&quot;:&quot;&quot;,&quot;orientation&quot;:&quot;0&quot;}\" data-image-title=\"51233w1440q100\" data-image-description=\"\" data-image-caption=\"\" data-large-file=\"https:\/\/eldiariodesanpedro.com.ar\/sitio\/wp-content\/uploads\/2022\/12\/51233w1440q100.jpg\" data-src=\"https:\/\/eldiariodesanpedro.com.ar\/sitio\/wp-content\/uploads\/2022\/12\/51233w1440q100.jpg\" alt=\"\" class=\"wp-image-113207 lazyload\" data-srcset=\"https:\/\/eldiariodesanpedro.com.ar\/sitio\/wp-content\/uploads\/2022\/12\/51233w1440q100.jpg 945w, https:\/\/eldiariodesanpedro.com.ar\/sitio\/wp-content\/uploads\/2022\/12\/51233w1440q100-300x200.jpg 300w, https:\/\/eldiariodesanpedro.com.ar\/sitio\/wp-content\/uploads\/2022\/12\/51233w1440q100-768x512.jpg 768w\" data-sizes=\"(max-width: 945px) 100vw, 945px\" src=\"data:image\/svg+xml;base64,PHN2ZyB3aWR0aD0iMSIgaGVpZ2h0PSIxIiB4bWxucz0iaHR0cDovL3d3dy53My5vcmcvMjAwMC9zdmciPjwvc3ZnPg==\" style=\"--smush-placeholder-width: 945px; --smush-placeholder-aspect-ratio: 945\/630;\" \/><\/figure>\n","protected":false},"excerpt":{"rendered":"<p>La aventura de 6 paisanos que vieron el partido en la pulper\u00eda que se qued\u00f3 sin luz en los penales. El almac\u00e9n de Beladrich se encuentra en el partido de San Pedro, en el medio del campo, y es visitado por ciento de personas. Las aves de rapi\u00f1a sobrevuelan el campo, pacientes a la espera [&hellip;]<\/p>\n","protected":false},"author":4,"featured_media":113204,"comment_status":"closed","ping_status":"closed","sticky":false,"template":"","format":"standard","meta":{"om_disable_all_campaigns":false,"_jetpack_memberships_contains_paid_content":false,"footnotes":""},"categories":[50,101,2],"tags":[197,696,33,19],"class_list":["post-113203","post","type-post","status-publish","format-standard","has-post-thumbnail","hentry","category-destacadas","category-interes-general-locales","category-locales","tag-buenos-aires","tag-interes-general","tag-locales","tag-san-pedro"],"aioseo_notices":[],"gutentor_comment":0,"jetpack_featured_media_url":"https:\/\/eldiariodesanpedro.com.ar\/sitio\/wp-content\/uploads\/2022\/12\/0000021465-resized-1920x1080-1.jpg","jetpack_shortlink":"https:\/\/wp.me\/p6RhLt-trR","jetpack_sharing_enabled":true,"_links":{"self":[{"href":"https:\/\/eldiariodesanpedro.com.ar\/sitio\/wp-json\/wp\/v2\/posts\/113203","targetHints":{"allow":["GET"]}}],"collection":[{"href":"https:\/\/eldiariodesanpedro.com.ar\/sitio\/wp-json\/wp\/v2\/posts"}],"about":[{"href":"https:\/\/eldiariodesanpedro.com.ar\/sitio\/wp-json\/wp\/v2\/types\/post"}],"author":[{"embeddable":true,"href":"https:\/\/eldiariodesanpedro.com.ar\/sitio\/wp-json\/wp\/v2\/users\/4"}],"replies":[{"embeddable":true,"href":"https:\/\/eldiariodesanpedro.com.ar\/sitio\/wp-json\/wp\/v2\/comments?post=113203"}],"version-history":[{"count":1,"href":"https:\/\/eldiariodesanpedro.com.ar\/sitio\/wp-json\/wp\/v2\/posts\/113203\/revisions"}],"predecessor-version":[{"id":113208,"href":"https:\/\/eldiariodesanpedro.com.ar\/sitio\/wp-json\/wp\/v2\/posts\/113203\/revisions\/113208"}],"wp:featuredmedia":[{"embeddable":true,"href":"https:\/\/eldiariodesanpedro.com.ar\/sitio\/wp-json\/wp\/v2\/media\/113204"}],"wp:attachment":[{"href":"https:\/\/eldiariodesanpedro.com.ar\/sitio\/wp-json\/wp\/v2\/media?parent=113203"}],"wp:term":[{"taxonomy":"category","embeddable":true,"href":"https:\/\/eldiariodesanpedro.com.ar\/sitio\/wp-json\/wp\/v2\/categories?post=113203"},{"taxonomy":"post_tag","embeddable":true,"href":"https:\/\/eldiariodesanpedro.com.ar\/sitio\/wp-json\/wp\/v2\/tags?post=113203"}],"curies":[{"name":"wp","href":"https:\/\/api.w.org\/{rel}","templated":true}]}}