{"id":113200,"date":"2022-12-12T10:35:42","date_gmt":"2022-12-12T13:35:42","guid":{"rendered":"https:\/\/eldiariodesanpedro.com.ar\/sitio\/?p=113200"},"modified":"2022-12-12T10:35:44","modified_gmt":"2022-12-12T13:35:44","slug":"absolvieron-al-profesor-acusado-de-abusar-de-sus-alumnos-en-un-jardin-de-santa-lucia","status":"publish","type":"post","link":"https:\/\/eldiariodesanpedro.com.ar\/sitio\/absolvieron-al-profesor-acusado-de-abusar-de-sus-alumnos-en-un-jardin-de-santa-lucia\/","title":{"rendered":"Absolvieron al profesor acusado de abusar de sus alumnos en un jard\u00edn de Santa Luc\u00eda"},"content":{"rendered":"<!-- VideographyWP Plugin Message: Automatic video embedding prevented by plugin options. -->\n\n<p>Tal cual lo adelantado en el aire de FM G\u00e9nesis sobre el mediod\u00eda del mi\u00e9rcoles se conoci\u00f3 la resoluci\u00f3n adoptada por el Tribunal. Finalmente los jueces resolvieron absolver al docente imputado debido a la presencia de dudas a la hora de poder certificar la veracidad de los hechos.<\/p>\n\n\n\n<p>Sobre el mediod\u00eda del mi\u00e9rcoles se conoci\u00f3 el veredicto del Tribunal con respecto a la situaci\u00f3n del docente Lucas Uriel Rodr\u00edguez qui\u00e9n estaba acusado de abusar sexualmente de un grupo de alumnos que concurr\u00edan al jard\u00edn del Instituto Margarita O&#8217;farrell de Santa Luc\u00eda.<\/p>\n\n\n\n<p>Los jueces resaltaron las dudas que se advirtieron durante el debate con respecto a la veracidad de lo que se hab\u00eda denunciado y terminaron siendo determinante para la resoluci\u00f3n final, como asi tambi\u00e9n una fuerte cr\u00edtica al desempe\u00f1o de la perito que estuvo a cargo de la c\u00e1mara gesell de los alumnos involucrados.<\/p>\n\n\n\n<p>C\u00f3mo se recuerda eran tres las denuncias que se analizaban, dos de ellas caratuladas como abuso sexual simple y la restante abuso sexual agravado.<\/p>\n\n\n\n<p>El doctor Marcelo Manso, fiscal que instruy\u00f3 el caso, hab\u00eda solicitado 8 a\u00f1os y 3 meses de prisi\u00f3n para el acusado, mientras que la doctora Liliana Diamante, abogada particular de una de las v\u00edctimas, hab\u00eda solicitado 10 a\u00f1os de prisi\u00f3n efectiva, mientras que el defensor oficial del acusado solicit\u00f3 la absoluci\u00f3n.<\/p>\n\n\n\n<p><\/p>\n","protected":false},"excerpt":{"rendered":"<p>Tal cual lo adelantado en el aire de FM G\u00e9nesis sobre el mediod\u00eda del mi\u00e9rcoles se conoci\u00f3 la resoluci\u00f3n adoptada por el Tribunal. Finalmente los jueces resolvieron absolver al docente imputado debido a la presencia de dudas a la hora de poder certificar la veracidad de los hechos. Sobre el mediod\u00eda del mi\u00e9rcoles se conoci\u00f3 [&hellip;]<\/p>\n","protected":false},"author":4,"featured_media":113201,"comment_status":"closed","ping_status":"closed","sticky":false,"template":"","format":"standard","meta":{"om_disable_all_campaigns":false,"_jetpack_memberships_contains_paid_content":false,"footnotes":""},"categories":[101,2],"tags":[197,696,33,19],"class_list":["post-113200","post","type-post","status-publish","format-standard","has-post-thumbnail","hentry","category-interes-general-locales","category-locales","tag-buenos-aires","tag-interes-general","tag-locales","tag-san-pedro"],"aioseo_notices":[],"gutentor_comment":0,"jetpack_featured_media_url":"https:\/\/eldiariodesanpedro.com.ar\/sitio\/wp-content\/uploads\/2022\/12\/0000021461-resized-1920x1080-1.jpg","jetpack_shortlink":"https:\/\/wp.me\/p6RhLt-trO","jetpack_sharing_enabled":true,"_links":{"self":[{"href":"https:\/\/eldiariodesanpedro.com.ar\/sitio\/wp-json\/wp\/v2\/posts\/113200","targetHints":{"allow":["GET"]}}],"collection":[{"href":"https:\/\/eldiariodesanpedro.com.ar\/sitio\/wp-json\/wp\/v2\/posts"}],"about":[{"href":"https:\/\/eldiariodesanpedro.com.ar\/sitio\/wp-json\/wp\/v2\/types\/post"}],"author":[{"embeddable":true,"href":"https:\/\/eldiariodesanpedro.com.ar\/sitio\/wp-json\/wp\/v2\/users\/4"}],"replies":[{"embeddable":true,"href":"https:\/\/eldiariodesanpedro.com.ar\/sitio\/wp-json\/wp\/v2\/comments?post=113200"}],"version-history":[{"count":1,"href":"https:\/\/eldiariodesanpedro.com.ar\/sitio\/wp-json\/wp\/v2\/posts\/113200\/revisions"}],"predecessor-version":[{"id":113202,"href":"https:\/\/eldiariodesanpedro.com.ar\/sitio\/wp-json\/wp\/v2\/posts\/113200\/revisions\/113202"}],"wp:featuredmedia":[{"embeddable":true,"href":"https:\/\/eldiariodesanpedro.com.ar\/sitio\/wp-json\/wp\/v2\/media\/113201"}],"wp:attachment":[{"href":"https:\/\/eldiariodesanpedro.com.ar\/sitio\/wp-json\/wp\/v2\/media?parent=113200"}],"wp:term":[{"taxonomy":"category","embeddable":true,"href":"https:\/\/eldiariodesanpedro.com.ar\/sitio\/wp-json\/wp\/v2\/categories?post=113200"},{"taxonomy":"post_tag","embeddable":true,"href":"https:\/\/eldiariodesanpedro.com.ar\/sitio\/wp-json\/wp\/v2\/tags?post=113200"}],"curies":[{"name":"wp","href":"https:\/\/api.w.org\/{rel}","templated":true}]}}