{"id":113195,"date":"2022-12-12T10:22:20","date_gmt":"2022-12-12T13:22:20","guid":{"rendered":"https:\/\/eldiariodesanpedro.com.ar\/sitio\/?p=113195"},"modified":"2022-12-12T10:22:21","modified_gmt":"2022-12-12T13:22:21","slug":"difunden-una-carta-inedita-de-gerardo-bozzano","status":"publish","type":"post","link":"https:\/\/eldiariodesanpedro.com.ar\/sitio\/difunden-una-carta-inedita-de-gerardo-bozzano\/","title":{"rendered":"Difunden una carta in\u00e9dita de Gerardo Bozzano"},"content":{"rendered":"<!-- VideographyWP Plugin Message: Automatic video embedding prevented by plugin options. -->\n\n<p><strong>Est\u00e1 firmada junto a su hermana y en ella solicitan a la Justicia indemnizaci\u00f3n por la expropiaci\u00f3n realizada por Rosas a su padre, Agust\u00edn Bozzano, en 1840 por el bloqueo<\/strong><\/p>\n\n\n\n<p>Una carta escrita y firmada por Gerardo Bozzano, quien fuera una de las personalidades de la vida pol\u00edtica institucional m\u00e1s relevantes de las \u00faltimas d\u00e9cadas del siglo XIX y primeras del siglo XX, fue recuperada por el Grupo Conservacionista para el Archivo de Documentaci\u00f3n Hist\u00f3rica del Museo Paleontol\u00f3gico de San Pedro.<\/p>\n\n\n\n<p>La nota est\u00e1 escrita y firmada en conjunto con su hermana, Sra. Antonia R. Bozzano de Aloysio.<\/p>\n\n\n\n<p><strong><u>PEDIDO DE INDEMNIZACI\u00d3N<\/u><\/strong><\/p>\n\n\n\n<p>El ajado documento, fechado el 3 de Junio de 1884, lleg\u00f3 a manos del grupo por donaci\u00f3n del <strong>Sr. Carlos Alberto L\u00f3pez<\/strong>, quien la atesoraba desde hac\u00eda un tiempo.<\/p>\n\n\n\n<p>En la carta, transcripta y analizada por Jos\u00e9 Luis Aguilar y Fernando Chiodini, integrantes del museo, se lee un en\u00e9rgico pedido de indemnizaci\u00f3n al estado por el \u201cdespojo\u201d de bienes sufrido por Agust\u00edn Bozzano, padre de quienes firman la carta, por parte del gobierno de Rosas durante el bloqueo al&nbsp; R\u00edo de La Plata y posteriores enfrentamientos en la guerra del Paran\u00e1.<\/p>\n\n\n\n<p><strong><u>TEXTO DEL DOCUMENTO<\/u><\/strong><\/p>\n\n\n\n<p>Buenos Aires, Junio 3 de 1884<\/p>\n\n\n\n<p>Honorable Se\u00f1or<\/p>\n\n\n\n<p>Gerardo F. Bozzano y Antonia Bozzano, mayores de edad, domiciliados legalmente en la calle de Bol\u00edvar n\u00famero 94, como m\u00e1s haya lugar, decimos<\/p>\n\n\n\n<p>Que las actuaciones solemnemente acompa\u00f1adas en 14 fojas disponibles, prueban que nuestro padre Don Agust\u00edn Bozzano fue despojado el a\u00f1o de 1840 por orden de Rosas y con motivo del bloqueo.<\/p>\n\n\n\n<p>El hecho se produjo en las condiciones que el primer escrito revela de foja 1 a foja 2 vuelta.<\/p>\n\n\n\n<p>Habi\u00e9ndose acreditado con intervenci\u00f3n del Ministerio Fiscal los estremos necesarios , el auto de foja 14 les amerita de su aprobaci\u00f3n definitiva.<\/p>\n\n\n\n<p>(REVERSO)<\/p>\n\n\n\n<p>\/\/&nbsp;&nbsp;&nbsp;&nbsp;&nbsp;&nbsp;&nbsp;&nbsp; Tomamos al mismo auto de nuestra reclamaci\u00f3n para suplicar a Ud., sin perjuicio de los recaudos que puedan exigirse todav\u00eda, nos acuerde la indemnizaci\u00f3n correspondiente a mil seiscientos pesos le\u00f1a de rama, de a diez y seis cargas el peso, al precio de sesenta pesos moneda corriente o sean dos pesos cuarenta y ocho centavos nacionales.<\/p>\n\n\n\n<p>&nbsp;&nbsp;&nbsp;&nbsp;&nbsp;&nbsp;&nbsp;&nbsp;&nbsp;&nbsp;&nbsp;&nbsp;&nbsp; Ser\u00e1 Justicia<\/p>\n\n\n\n<p>G. F. Bozzano<\/p>\n\n\n\n<p>Antonia R. Bozzano de Aloysio<\/p>\n\n\n\n<p><strong><u>BOZZANO, PERSONA CON INQUIETUDES<\/u><\/strong><\/p>\n\n\n\n<p>Si observamos la rese\u00f1a biogr\u00e1fica de <strong><em>sanpedrohist\u00f3rico.blogspot.com<\/em><\/strong><em>, <\/em>de Fernando Chiodini, vemos un personaje muy activo de la vida pol\u00edtica sampedrina de aquellos tiempos.<\/p>\n\n\n\n<p>Naci\u00f3 en Buenos Aires el 24 de setiembre de 1840. Sus padres: Agust\u00edn Bozzano y Mar\u00eda de Jes\u00fas Land\u00edn. Era nieto de Don Miguel Land\u00edn, espa\u00f1ol que se radic\u00f3 en San Pedro en 1796, donde compr\u00f3 casas y campos. Sus estudios secundarios los curs\u00f3 en el Colegio Nacional de Concepci\u00f3n del Uruguay desde 1857 a 1860. Ya en San Pedro instal\u00f3 una escuela donde ense\u00f1o desde 1861 a 1864, a\u00f1o en que la cerr\u00f3 para ocupar la Secretar\u00eda de la Municipalidad durante la Presidencia de Eugenio Arnaldo, puesto que desempe\u00f1\u00f3 durante 23 a\u00f1os en forma continuada. Renunciando en 1880 para ocupar el cargo de Concejal Municipal en los a\u00f1os 1888 y 1889. En 1890 fue elegido Juez de Paz, cargo ofrecido por sus <strong>propios adversarios pol\u00edticos<\/strong>. En 1891 y 1892 fue nuevamente concejal y Juez de Paz en los a\u00f1os 1893\/94\/95 y 96; renunciando para ocupar una banca en el Senado de la Provincia entre los a\u00f1os 1896 &#8211; 1900.<\/p>\n\n\n\n<p>Durante 17 a\u00f1os fue nivelador Municipal; jefe de Obras P\u00fablicas; 6 a\u00f1os presidente del Consejo Escolar e Intendente en 1897.<\/p>\n\n\n\n<p>Falleci\u00f3 el 11 de setiembre de 1923 a los 83 a\u00f1os.<\/p>\n\n\n\n<p>Esta nueva pieza hist\u00f3rica documental recuperada est\u00e1 a disposici\u00f3n de aquellos que deseen tenerla en su versi\u00f3n digital. S\u00f3lo deben enviar un wsp con la solicitud al 3329 537187.<\/p>\n\n\n\n<p>Desde el Grupo Conservacionista se agradece al Sr. <strong>Carlos Alberto L\u00f3pez <\/strong>por su actitud de preservar y ahora permitir la puesta en valor de este documento.<\/p>\n\n\n\n<p><\/p>\n\n\n\n<figure class=\"wp-block-image size-full\"><img decoding=\"async\" width=\"427\" height=\"630\" data-attachment-id=\"113197\" data-permalink=\"https:\/\/eldiariodesanpedro.com.ar\/sitio\/difunden-una-carta-inedita-de-gerardo-bozzano\/camscanner-12-11-2022-09-57_1_3\/\" data-orig-file=\"https:\/\/eldiariodesanpedro.com.ar\/sitio\/wp-content\/uploads\/2022\/12\/CamScanner-12-11-2022-09.57_1_3.jpg\" data-orig-size=\"427,630\" data-comments-opened=\"0\" data-image-meta=\"{&quot;aperture&quot;:&quot;0&quot;,&quot;credit&quot;:&quot;&quot;,&quot;camera&quot;:&quot;&quot;,&quot;caption&quot;:&quot;&quot;,&quot;created_timestamp&quot;:&quot;0&quot;,&quot;copyright&quot;:&quot;&quot;,&quot;focal_length&quot;:&quot;0&quot;,&quot;iso&quot;:&quot;0&quot;,&quot;shutter_speed&quot;:&quot;0&quot;,&quot;title&quot;:&quot;&quot;,&quot;orientation&quot;:&quot;1&quot;}\" data-image-title=\"CamScanner 12-11-2022 09.57_1_3\" data-image-description=\"\" data-image-caption=\"\" data-large-file=\"https:\/\/eldiariodesanpedro.com.ar\/sitio\/wp-content\/uploads\/2022\/12\/CamScanner-12-11-2022-09.57_1_3.jpg\" data-src=\"https:\/\/eldiariodesanpedro.com.ar\/sitio\/wp-content\/uploads\/2022\/12\/CamScanner-12-11-2022-09.57_1_3.jpg\" alt=\"\" class=\"wp-image-113197 lazyload\" data-srcset=\"https:\/\/eldiariodesanpedro.com.ar\/sitio\/wp-content\/uploads\/2022\/12\/CamScanner-12-11-2022-09.57_1_3.jpg 427w, https:\/\/eldiariodesanpedro.com.ar\/sitio\/wp-content\/uploads\/2022\/12\/CamScanner-12-11-2022-09.57_1_3-203x300.jpg 203w\" data-sizes=\"(max-width: 427px) 100vw, 427px\" src=\"data:image\/svg+xml;base64,PHN2ZyB3aWR0aD0iMSIgaGVpZ2h0PSIxIiB4bWxucz0iaHR0cDovL3d3dy53My5vcmcvMjAwMC9zdmciPjwvc3ZnPg==\" style=\"--smush-placeholder-width: 427px; --smush-placeholder-aspect-ratio: 427\/630;\" \/><\/figure>\n\n\n\n<figure class=\"wp-block-image size-full\"><img decoding=\"async\" width=\"430\" height=\"630\" data-attachment-id=\"113198\" data-permalink=\"https:\/\/eldiariodesanpedro.com.ar\/sitio\/difunden-una-carta-inedita-de-gerardo-bozzano\/camscanner-12-11-2022-09-57_2_3\/\" data-orig-file=\"https:\/\/eldiariodesanpedro.com.ar\/sitio\/wp-content\/uploads\/2022\/12\/CamScanner-12-11-2022-09.57_2_3.jpg\" data-orig-size=\"430,630\" data-comments-opened=\"0\" data-image-meta=\"{&quot;aperture&quot;:&quot;0&quot;,&quot;credit&quot;:&quot;&quot;,&quot;camera&quot;:&quot;&quot;,&quot;caption&quot;:&quot;&quot;,&quot;created_timestamp&quot;:&quot;0&quot;,&quot;copyright&quot;:&quot;&quot;,&quot;focal_length&quot;:&quot;0&quot;,&quot;iso&quot;:&quot;0&quot;,&quot;shutter_speed&quot;:&quot;0&quot;,&quot;title&quot;:&quot;&quot;,&quot;orientation&quot;:&quot;1&quot;}\" data-image-title=\"CamScanner 12-11-2022 09.57_2_3\" data-image-description=\"\" data-image-caption=\"\" data-large-file=\"https:\/\/eldiariodesanpedro.com.ar\/sitio\/wp-content\/uploads\/2022\/12\/CamScanner-12-11-2022-09.57_2_3.jpg\" data-src=\"https:\/\/eldiariodesanpedro.com.ar\/sitio\/wp-content\/uploads\/2022\/12\/CamScanner-12-11-2022-09.57_2_3.jpg\" alt=\"\" class=\"wp-image-113198 lazyload\" data-srcset=\"https:\/\/eldiariodesanpedro.com.ar\/sitio\/wp-content\/uploads\/2022\/12\/CamScanner-12-11-2022-09.57_2_3.jpg 430w, https:\/\/eldiariodesanpedro.com.ar\/sitio\/wp-content\/uploads\/2022\/12\/CamScanner-12-11-2022-09.57_2_3-205x300.jpg 205w\" data-sizes=\"(max-width: 430px) 100vw, 430px\" src=\"data:image\/svg+xml;base64,PHN2ZyB3aWR0aD0iMSIgaGVpZ2h0PSIxIiB4bWxucz0iaHR0cDovL3d3dy53My5vcmcvMjAwMC9zdmciPjwvc3ZnPg==\" style=\"--smush-placeholder-width: 430px; --smush-placeholder-aspect-ratio: 430\/630;\" \/><\/figure>\n","protected":false},"excerpt":{"rendered":"<p>Est\u00e1 firmada junto a su hermana y en ella solicitan a la Justicia indemnizaci\u00f3n por la expropiaci\u00f3n realizada por Rosas a su padre, Agust\u00edn Bozzano, en 1840 por el bloqueo Una carta escrita y firmada por Gerardo Bozzano, quien fuera una de las personalidades de la vida pol\u00edtica institucional m\u00e1s relevantes de las \u00faltimas d\u00e9cadas [&hellip;]<\/p>\n","protected":false},"author":4,"featured_media":113196,"comment_status":"closed","ping_status":"closed","sticky":false,"template":"","format":"standard","meta":{"om_disable_all_campaigns":false,"_jetpack_memberships_contains_paid_content":false,"footnotes":""},"categories":[50,101,2],"tags":[197,696,33,19],"class_list":["post-113195","post","type-post","status-publish","format-standard","has-post-thumbnail","hentry","category-destacadas","category-interes-general-locales","category-locales","tag-buenos-aires","tag-interes-general","tag-locales","tag-san-pedro"],"aioseo_notices":[],"gutentor_comment":0,"jetpack_featured_media_url":"https:\/\/eldiariodesanpedro.com.ar\/sitio\/wp-content\/uploads\/2022\/12\/medida-6.png","jetpack_shortlink":"https:\/\/wp.me\/p6RhLt-trJ","jetpack_sharing_enabled":true,"_links":{"self":[{"href":"https:\/\/eldiariodesanpedro.com.ar\/sitio\/wp-json\/wp\/v2\/posts\/113195","targetHints":{"allow":["GET"]}}],"collection":[{"href":"https:\/\/eldiariodesanpedro.com.ar\/sitio\/wp-json\/wp\/v2\/posts"}],"about":[{"href":"https:\/\/eldiariodesanpedro.com.ar\/sitio\/wp-json\/wp\/v2\/types\/post"}],"author":[{"embeddable":true,"href":"https:\/\/eldiariodesanpedro.com.ar\/sitio\/wp-json\/wp\/v2\/users\/4"}],"replies":[{"embeddable":true,"href":"https:\/\/eldiariodesanpedro.com.ar\/sitio\/wp-json\/wp\/v2\/comments?post=113195"}],"version-history":[{"count":1,"href":"https:\/\/eldiariodesanpedro.com.ar\/sitio\/wp-json\/wp\/v2\/posts\/113195\/revisions"}],"predecessor-version":[{"id":113199,"href":"https:\/\/eldiariodesanpedro.com.ar\/sitio\/wp-json\/wp\/v2\/posts\/113195\/revisions\/113199"}],"wp:featuredmedia":[{"embeddable":true,"href":"https:\/\/eldiariodesanpedro.com.ar\/sitio\/wp-json\/wp\/v2\/media\/113196"}],"wp:attachment":[{"href":"https:\/\/eldiariodesanpedro.com.ar\/sitio\/wp-json\/wp\/v2\/media?parent=113195"}],"wp:term":[{"taxonomy":"category","embeddable":true,"href":"https:\/\/eldiariodesanpedro.com.ar\/sitio\/wp-json\/wp\/v2\/categories?post=113195"},{"taxonomy":"post_tag","embeddable":true,"href":"https:\/\/eldiariodesanpedro.com.ar\/sitio\/wp-json\/wp\/v2\/tags?post=113195"}],"curies":[{"name":"wp","href":"https:\/\/api.w.org\/{rel}","templated":true}]}}