{"id":113193,"date":"2022-12-12T10:13:15","date_gmt":"2022-12-12T13:13:15","guid":{"rendered":"https:\/\/eldiariodesanpedro.com.ar\/sitio\/?p=113193"},"modified":"2022-12-12T10:13:16","modified_gmt":"2022-12-12T13:13:16","slug":"anses-informa-el-comienzo-de-pagos-de-jubilaciones-pensiones-auh-y-asignacion-por-hijo","status":"publish","type":"post","link":"https:\/\/eldiariodesanpedro.com.ar\/sitio\/anses-informa-el-comienzo-de-pagos-de-jubilaciones-pensiones-auh-y-asignacion-por-hijo\/","title":{"rendered":"Anses informa el comienzo de pagos de jubilaciones, pensiones, AUH y asignaci\u00f3n por hijo"},"content":{"rendered":"<!-- VideographyWP Plugin Message: Automatic video embedding prevented by plugin options. -->\n\n<p>ANSES informa que hoy comienzan los pagos de jubilaciones y pensiones m\u00ednimas, de la Asignaci\u00f3n Universal por Hijo (AUH) y de la Asignaci\u00f3n Familiar por Hijo, que tienen incluido el incremento del 15,62 por ciento por la Ley de Movilidad. En tanto, los jubilados y pensionados reciben su haber junto al medio aguinaldo.<\/p>\n\n\n\n<p>Adem\u00e1s, con este \u00faltimo aumento se paga el refuerzo de ingresos de 10 mil pesos durante diciembre, enero y febrero, por lo que ninguna jubilaci\u00f3n queda por debajo de los 60 mil pesos.<\/p>\n\n\n\n<p>En este sentido, los cronogramas quedan conformados de la siguiente manera:<br>Jubilaciones y pensiones que no superen un haber m\u00ednimo<br>DNI terminados en 0: 12 de diciembre<br>DNI terminados en 1: 13 de diciembre<br>DNI terminados en 2: 13 de diciembre<br>DNI terminados en 3: 14 de diciembre<br>DNI terminados en 4: 14 de diciembre<br>DNI terminados en 5: 15 de diciembre<br>DNI terminados en 6: 15 de diciembre<br>DNI terminados en 7: 16 de diciembre<br>DNI terminados en 8: 16 de diciembre<br>DNI terminados en 9: 19 de diciembre<\/p>\n\n\n\n<p>Asignaci\u00f3n Universal por Hijo y Asignaci\u00f3n Familiar por Hijo<br>DNI terminados en 0: 12 de diciembre<br>DNI terminados en 1: 13 de diciembre<br>DNI terminados en 2: 14 de diciembre<br>DNI terminados en 3: 15 de diciembre<br>DNI terminados en 4: 16 de diciembre<br>DNI terminados en 5: 19 de diciembre<br>DNI terminados en 6: 20 de diciembre<br>DNI terminados en 7: 21 de diciembre<br>DNI terminados en 8: 22 de diciembre<br>DNI terminados en 9: 23 de diciembre<\/p>\n\n\n\n<p>Asignaci\u00f3n por Embarazo<br>DNI terminados en 0: 12 de diciembre<br>DNI terminados en 1: 13 de diciembre<br>DNI terminados en 2: 14 de diciembre<br>DNI terminados en 3: 15 de diciembre<br>DNI terminados en 4: 16 de diciembre<br>DNI terminados en 5: 19 de diciembre<br>DNI terminados en 6: 20 de diciembre<br>DNI terminados en 7: 21 de diciembre<br>DNI terminados en 8: 22 de diciembre<br>DNI terminados en 9: 23 de diciembre<\/p>\n\n\n\n<p>Becas Progresar<br>DNI terminados en 0 y 1: 12 de diciembre<br>DNI terminados en 2 y 3: 13 de diciembre<br>DNI terminados en 4 y 5: 14 de diciembre<br>DNI terminados en 6 y 7: 15 de diciembre<br>DNI terminados en 8 y 9: 16 de diciembre<\/p>\n","protected":false},"excerpt":{"rendered":"<p>ANSES informa que hoy comienzan los pagos de jubilaciones y pensiones m\u00ednimas, de la Asignaci\u00f3n Universal por Hijo (AUH) y de la Asignaci\u00f3n Familiar por Hijo, que tienen incluido el incremento del 15,62 por ciento por la Ley de Movilidad. En tanto, los jubilados y pensionados reciben su haber junto al medio aguinaldo. Adem\u00e1s, con [&hellip;]<\/p>\n","protected":false},"author":4,"featured_media":111293,"comment_status":"closed","ping_status":"closed","sticky":false,"template":"","format":"standard","meta":{"om_disable_all_campaigns":false,"_jetpack_memberships_contains_paid_content":false,"footnotes":""},"categories":[50,101,2],"tags":[197,696,33,19],"class_list":["post-113193","post","type-post","status-publish","format-standard","has-post-thumbnail","hentry","category-destacadas","category-interes-general-locales","category-locales","tag-buenos-aires","tag-interes-general","tag-locales","tag-san-pedro"],"aioseo_notices":[],"gutentor_comment":0,"jetpack_featured_media_url":"https:\/\/eldiariodesanpedro.com.ar\/sitio\/wp-content\/uploads\/2022\/10\/anses.png","jetpack_shortlink":"https:\/\/wp.me\/p6RhLt-trH","jetpack_sharing_enabled":true,"_links":{"self":[{"href":"https:\/\/eldiariodesanpedro.com.ar\/sitio\/wp-json\/wp\/v2\/posts\/113193","targetHints":{"allow":["GET"]}}],"collection":[{"href":"https:\/\/eldiariodesanpedro.com.ar\/sitio\/wp-json\/wp\/v2\/posts"}],"about":[{"href":"https:\/\/eldiariodesanpedro.com.ar\/sitio\/wp-json\/wp\/v2\/types\/post"}],"author":[{"embeddable":true,"href":"https:\/\/eldiariodesanpedro.com.ar\/sitio\/wp-json\/wp\/v2\/users\/4"}],"replies":[{"embeddable":true,"href":"https:\/\/eldiariodesanpedro.com.ar\/sitio\/wp-json\/wp\/v2\/comments?post=113193"}],"version-history":[{"count":1,"href":"https:\/\/eldiariodesanpedro.com.ar\/sitio\/wp-json\/wp\/v2\/posts\/113193\/revisions"}],"predecessor-version":[{"id":113194,"href":"https:\/\/eldiariodesanpedro.com.ar\/sitio\/wp-json\/wp\/v2\/posts\/113193\/revisions\/113194"}],"wp:featuredmedia":[{"embeddable":true,"href":"https:\/\/eldiariodesanpedro.com.ar\/sitio\/wp-json\/wp\/v2\/media\/111293"}],"wp:attachment":[{"href":"https:\/\/eldiariodesanpedro.com.ar\/sitio\/wp-json\/wp\/v2\/media?parent=113193"}],"wp:term":[{"taxonomy":"category","embeddable":true,"href":"https:\/\/eldiariodesanpedro.com.ar\/sitio\/wp-json\/wp\/v2\/categories?post=113193"},{"taxonomy":"post_tag","embeddable":true,"href":"https:\/\/eldiariodesanpedro.com.ar\/sitio\/wp-json\/wp\/v2\/tags?post=113193"}],"curies":[{"name":"wp","href":"https:\/\/api.w.org\/{rel}","templated":true}]}}