{"id":113191,"date":"2022-12-12T09:59:38","date_gmt":"2022-12-12T12:59:38","guid":{"rendered":"https:\/\/eldiariodesanpedro.com.ar\/sitio\/?p=113191"},"modified":"2022-12-12T09:59:38","modified_gmt":"2022-12-12T12:59:38","slug":"campana-de-vacunacion-contra-el-covid-19","status":"publish","type":"post","link":"https:\/\/eldiariodesanpedro.com.ar\/sitio\/campana-de-vacunacion-contra-el-covid-19\/","title":{"rendered":"Campa\u00f1a de vacunaci\u00f3n contra el covid-19"},"content":{"rendered":"<!-- VideographyWP Plugin Message: Automatic video embedding prevented by plugin options. -->\n\n<p>La Secretar\u00eda de Salud de la Municipalidad de San Pedro informa que contin\u00faa la campa\u00f1a de vacunaci\u00f3n contra el Covid-19.<\/p>\n\n\n\n<p>Se recuerda que, ante el surgimiento de nuevos casos positivos es MUY IMPORTANTE acercarse a los vacunatorios habilitados.<\/p>\n\n\n\n<p>Este lunes se reanuda la vacunaci\u00f3n en el horario de 8 a 13 en:<\/p>\n\n\n\n<ul class=\"wp-block-list\"><li>Centro de Salud Mateo Sbert (Joaqu\u00edn V. Gonzalez 1250)<\/li><li>Centro de Salud Arco Iris (Payador Roberto Ayrala 2601)<\/li><li>Centro de Salud R\u00edo Tala<\/li><li>Hospital Gobernador Castro<\/li><li>Hospital Santa Luc\u00eda<\/li><\/ul>\n\n\n\n<p>En tanto contin\u00fae la provisi\u00f3n de dosis, desde Regi\u00f3n Sanitaria, se recorren cl\u00ednicas, hogares de adultos mayores y otros espacios con pacientes vulnerables para actualizar el esquema.<\/p>\n\n\n\n<p>Desde la Secretar\u00eda de Salud se recuerda adem\u00e1s que m\u00e1s all\u00e1 de la atenci\u00f3n de emergencias, se realizan hisopados en el Laboratorio del Hospital a hombres y mujeres mayores de 50 a\u00f1os y pacientes con comorbilidades que presenten s\u00edntomas compatibles con la enfermedad, de lunes a viernes de 10 a 12 horas y de 18:30 a 20 horas.<\/p>\n","protected":false},"excerpt":{"rendered":"<p>La Secretar\u00eda de Salud de la Municipalidad de San Pedro informa que contin\u00faa la campa\u00f1a de vacunaci\u00f3n contra el Covid-19. Se recuerda que, ante el surgimiento de nuevos casos positivos es MUY IMPORTANTE acercarse a los vacunatorios habilitados. Este lunes se reanuda la vacunaci\u00f3n en el horario de 8 a 13 en: Centro de Salud [&hellip;]<\/p>\n","protected":false},"author":4,"featured_media":92233,"comment_status":"closed","ping_status":"closed","sticky":false,"template":"","format":"standard","meta":{"om_disable_all_campaigns":false,"_jetpack_memberships_contains_paid_content":false,"footnotes":""},"categories":[50,101,2],"tags":[197,696,33,19],"class_list":["post-113191","post","type-post","status-publish","format-standard","has-post-thumbnail","hentry","category-destacadas","category-interes-general-locales","category-locales","tag-buenos-aires","tag-interes-general","tag-locales","tag-san-pedro"],"aioseo_notices":[],"gutentor_comment":0,"jetpack_featured_media_url":"https:\/\/eldiariodesanpedro.com.ar\/sitio\/wp-content\/uploads\/2021\/05\/vacuna-covid-zarate.jpg","jetpack_shortlink":"https:\/\/wp.me\/p6RhLt-trF","jetpack_sharing_enabled":true,"_links":{"self":[{"href":"https:\/\/eldiariodesanpedro.com.ar\/sitio\/wp-json\/wp\/v2\/posts\/113191","targetHints":{"allow":["GET"]}}],"collection":[{"href":"https:\/\/eldiariodesanpedro.com.ar\/sitio\/wp-json\/wp\/v2\/posts"}],"about":[{"href":"https:\/\/eldiariodesanpedro.com.ar\/sitio\/wp-json\/wp\/v2\/types\/post"}],"author":[{"embeddable":true,"href":"https:\/\/eldiariodesanpedro.com.ar\/sitio\/wp-json\/wp\/v2\/users\/4"}],"replies":[{"embeddable":true,"href":"https:\/\/eldiariodesanpedro.com.ar\/sitio\/wp-json\/wp\/v2\/comments?post=113191"}],"version-history":[{"count":1,"href":"https:\/\/eldiariodesanpedro.com.ar\/sitio\/wp-json\/wp\/v2\/posts\/113191\/revisions"}],"predecessor-version":[{"id":113192,"href":"https:\/\/eldiariodesanpedro.com.ar\/sitio\/wp-json\/wp\/v2\/posts\/113191\/revisions\/113192"}],"wp:featuredmedia":[{"embeddable":true,"href":"https:\/\/eldiariodesanpedro.com.ar\/sitio\/wp-json\/wp\/v2\/media\/92233"}],"wp:attachment":[{"href":"https:\/\/eldiariodesanpedro.com.ar\/sitio\/wp-json\/wp\/v2\/media?parent=113191"}],"wp:term":[{"taxonomy":"category","embeddable":true,"href":"https:\/\/eldiariodesanpedro.com.ar\/sitio\/wp-json\/wp\/v2\/categories?post=113191"},{"taxonomy":"post_tag","embeddable":true,"href":"https:\/\/eldiariodesanpedro.com.ar\/sitio\/wp-json\/wp\/v2\/tags?post=113191"}],"curies":[{"name":"wp","href":"https:\/\/api.w.org\/{rel}","templated":true}]}}