{"id":113173,"date":"2022-12-08T15:52:51","date_gmt":"2022-12-08T18:52:51","guid":{"rendered":"https:\/\/eldiariodesanpedro.com.ar\/sitio\/?p=113173"},"modified":"2022-12-08T15:52:53","modified_gmt":"2022-12-08T18:52:53","slug":"colision-entre-un-automovil-y-una-motocicleta-3","status":"publish","type":"post","link":"https:\/\/eldiariodesanpedro.com.ar\/sitio\/colision-entre-un-automovil-y-una-motocicleta-3\/","title":{"rendered":"Colisi\u00f3n entre un autom\u00f3vil y una motocicleta"},"content":{"rendered":"<!-- VideographyWP Plugin Message: Automatic video embedding prevented by plugin options. -->\n\n<p>Este mi\u00e9rcoles siendo las 07 horas, a ra\u00edz de un llamado a dependencia personal acude a calle Ansaloni y Lavalle, lugar donde por razones que se tratan de establecer colisiona autom\u00f3vil Chevrolet Corsa,&nbsp; conducido por masculino de 44 a\u00f1os de edad, con motocicleta Mondial 110cc, guiada por masculino de 58 a\u00f1os de edad, acompa\u00f1ado por una femenina de 59 a\u00f1os.<\/p>\n\n\n\n<p>Como resultado una joven fue trasladad al nosocomio local,\u00a0presentando lesiones\u00a0de car\u00e1cter leves.<\/p>\n\n\n\n<figure class=\"wp-block-image size-full\"><img decoding=\"async\" width=\"1001\" height=\"563\" data-attachment-id=\"113175\" data-permalink=\"https:\/\/eldiariodesanpedro.com.ar\/sitio\/colision-entre-un-automovil-y-una-motocicleta-3\/medida2\/\" data-orig-file=\"https:\/\/eldiariodesanpedro.com.ar\/sitio\/wp-content\/uploads\/2022\/12\/medida2.png\" data-orig-size=\"1001,563\" data-comments-opened=\"0\" data-image-meta=\"{&quot;aperture&quot;:&quot;0&quot;,&quot;credit&quot;:&quot;&quot;,&quot;camera&quot;:&quot;&quot;,&quot;caption&quot;:&quot;&quot;,&quot;created_timestamp&quot;:&quot;0&quot;,&quot;copyright&quot;:&quot;&quot;,&quot;focal_length&quot;:&quot;0&quot;,&quot;iso&quot;:&quot;0&quot;,&quot;shutter_speed&quot;:&quot;0&quot;,&quot;title&quot;:&quot;&quot;,&quot;orientation&quot;:&quot;0&quot;}\" data-image-title=\"medida2\" data-image-description=\"\" data-image-caption=\"\" data-large-file=\"https:\/\/eldiariodesanpedro.com.ar\/sitio\/wp-content\/uploads\/2022\/12\/medida2.png\" data-src=\"https:\/\/eldiariodesanpedro.com.ar\/sitio\/wp-content\/uploads\/2022\/12\/medida2.png\" alt=\"\" class=\"wp-image-113175 lazyload\" data-srcset=\"https:\/\/eldiariodesanpedro.com.ar\/sitio\/wp-content\/uploads\/2022\/12\/medida2.png 1001w, https:\/\/eldiariodesanpedro.com.ar\/sitio\/wp-content\/uploads\/2022\/12\/medida2-300x169.png 300w, https:\/\/eldiariodesanpedro.com.ar\/sitio\/wp-content\/uploads\/2022\/12\/medida2-768x432.png 768w\" data-sizes=\"(max-width: 1001px) 100vw, 1001px\" src=\"data:image\/svg+xml;base64,PHN2ZyB3aWR0aD0iMSIgaGVpZ2h0PSIxIiB4bWxucz0iaHR0cDovL3d3dy53My5vcmcvMjAwMC9zdmciPjwvc3ZnPg==\" style=\"--smush-placeholder-width: 1001px; --smush-placeholder-aspect-ratio: 1001\/563;\" \/><\/figure>\n","protected":false},"excerpt":{"rendered":"<p>Este mi\u00e9rcoles siendo las 07 horas, a ra\u00edz de un llamado a dependencia personal acude a calle Ansaloni y Lavalle, lugar donde por razones que se tratan de establecer colisiona autom\u00f3vil Chevrolet Corsa,&nbsp; conducido por masculino de 44 a\u00f1os de edad, con motocicleta Mondial 110cc, guiada por masculino de 58 a\u00f1os de edad, acompa\u00f1ado por [&hellip;]<\/p>\n","protected":false},"author":4,"featured_media":113174,"comment_status":"closed","ping_status":"closed","sticky":false,"template":"","format":"standard","meta":{"om_disable_all_campaigns":false,"_jetpack_memberships_contains_paid_content":false,"footnotes":""},"categories":[101,2],"tags":[197,33,95,19],"class_list":["post-113173","post","type-post","status-publish","format-standard","has-post-thumbnail","hentry","category-interes-general-locales","category-locales","tag-buenos-aires","tag-locales","tag-policiales","tag-san-pedro"],"aioseo_notices":[],"gutentor_comment":0,"jetpack_featured_media_url":"https:\/\/eldiariodesanpedro.com.ar\/sitio\/wp-content\/uploads\/2022\/12\/medida-5.png","jetpack_shortlink":"https:\/\/wp.me\/p6RhLt-trn","jetpack_sharing_enabled":true,"_links":{"self":[{"href":"https:\/\/eldiariodesanpedro.com.ar\/sitio\/wp-json\/wp\/v2\/posts\/113173","targetHints":{"allow":["GET"]}}],"collection":[{"href":"https:\/\/eldiariodesanpedro.com.ar\/sitio\/wp-json\/wp\/v2\/posts"}],"about":[{"href":"https:\/\/eldiariodesanpedro.com.ar\/sitio\/wp-json\/wp\/v2\/types\/post"}],"author":[{"embeddable":true,"href":"https:\/\/eldiariodesanpedro.com.ar\/sitio\/wp-json\/wp\/v2\/users\/4"}],"replies":[{"embeddable":true,"href":"https:\/\/eldiariodesanpedro.com.ar\/sitio\/wp-json\/wp\/v2\/comments?post=113173"}],"version-history":[{"count":1,"href":"https:\/\/eldiariodesanpedro.com.ar\/sitio\/wp-json\/wp\/v2\/posts\/113173\/revisions"}],"predecessor-version":[{"id":113176,"href":"https:\/\/eldiariodesanpedro.com.ar\/sitio\/wp-json\/wp\/v2\/posts\/113173\/revisions\/113176"}],"wp:featuredmedia":[{"embeddable":true,"href":"https:\/\/eldiariodesanpedro.com.ar\/sitio\/wp-json\/wp\/v2\/media\/113174"}],"wp:attachment":[{"href":"https:\/\/eldiariodesanpedro.com.ar\/sitio\/wp-json\/wp\/v2\/media?parent=113173"}],"wp:term":[{"taxonomy":"category","embeddable":true,"href":"https:\/\/eldiariodesanpedro.com.ar\/sitio\/wp-json\/wp\/v2\/categories?post=113173"},{"taxonomy":"post_tag","embeddable":true,"href":"https:\/\/eldiariodesanpedro.com.ar\/sitio\/wp-json\/wp\/v2\/tags?post=113173"}],"curies":[{"name":"wp","href":"https:\/\/api.w.org\/{rel}","templated":true}]}}