{"id":113168,"date":"2022-12-08T15:17:34","date_gmt":"2022-12-08T18:17:34","guid":{"rendered":"https:\/\/eldiariodesanpedro.com.ar\/sitio\/?p=113168"},"modified":"2022-12-08T15:17:35","modified_gmt":"2022-12-08T18:17:35","slug":"invitacion-a-comedores-clubes-y-entidades-de-bien-publico-a-tramitar-subsidios-en-las-proximas-facturas-de-gas-natural","status":"publish","type":"post","link":"https:\/\/eldiariodesanpedro.com.ar\/sitio\/invitacion-a-comedores-clubes-y-entidades-de-bien-publico-a-tramitar-subsidios-en-las-proximas-facturas-de-gas-natural\/","title":{"rendered":"Invitaci\u00f3n a comedores, clubes y entidades de bien p\u00fablico a tramitar subsidios en las pr\u00f3ximas facturas de gas natural"},"content":{"rendered":"<!-- VideographyWP Plugin Message: Automatic video embedding prevented by plugin options. -->\n\n<p>En el Centro Cultural Abelardo Castillo, la Secretar\u00eda de Desarrollo Humano, la Secretar\u00eda de Obras P\u00fablicas y la Direcci\u00f3n de Comisiones de Fomento convocaron hoy a una primera reuni\u00f3n con representantes de diferentes entidades de la comunidad, que podr\u00e1n acceder a subsidios que se ver\u00e1n reflejados en quitas de las facturas de consumo de gas natural, en el marco del programa lanzado para tal fin.<\/p>\n\n\n\n<p>Luego de gestiones realizadas por el Intendente, Dr. Ram\u00f3n Salazar, un equipo del Enargas junto al Secretario de Obras P\u00fablicas Javier Silva, explicaron a los concurrentes la modalidad a trav\u00e9s de la cual se deber\u00e1n presentar las solicitudes correspondientes, habilitadas para comedores, hogares de adultos mayores, clubes y entidades de bien p\u00fablico.<\/p>\n\n\n\n<p>Desde la Direcci\u00f3n de Comisiones de Fomento que conduce Jimena Mari\u00f1o ya se ha comenzado a brindar mayor informaci\u00f3n a los grupos de San Pedro y de las localidades para que presenten las solicitudes que ser\u00e1n analizadas por el organismo para hacer efectivos estos beneficios a partir del 2023.<\/p>\n\n\n\n<p>Quienes deseen contactarse v\u00eda Comisiones de Fomento pueden hacerlo llamando al 3329 63-6296 y v\u00eda web ingresando en la p\u00e1gina web argentina.gob ar\/desarrollosocial y en la gu\u00eda de tr\u00e1mites en la secci\u00f3n \u00abSolicitar la tarifa diferencial para entidades de bien p\u00fablico\u00bb. El acceso directo est\u00e1 en el siguiente enlace: https:\/\/bit.ly\/3uzxAS4<\/p>\n\n\n\n<p>La reuni\u00f3n tambi\u00e9n fue propicia para analizar la situaci\u00f3n de diferentes proyectos de extensiones de obras de gas sobre los que trabaja para el mediano y largo plazo.<\/p>\n\n\n\n<figure class=\"wp-block-image size-large\"><img decoding=\"async\" width=\"1024\" height=\"575\" data-attachment-id=\"113170\" data-permalink=\"https:\/\/eldiariodesanpedro.com.ar\/sitio\/invitacion-a-comedores-clubes-y-entidades-de-bien-publico-a-tramitar-subsidios-en-las-proximas-facturas-de-gas-natural\/whatsapp-image-2022-12-07-at-18-23-17\/\" data-orig-file=\"https:\/\/eldiariodesanpedro.com.ar\/sitio\/wp-content\/uploads\/2022\/12\/WhatsApp-Image-2022-12-07-at-18.23.17.jpeg\" data-orig-size=\"1121,630\" data-comments-opened=\"0\" data-image-meta=\"{&quot;aperture&quot;:&quot;0&quot;,&quot;credit&quot;:&quot;&quot;,&quot;camera&quot;:&quot;&quot;,&quot;caption&quot;:&quot;&quot;,&quot;created_timestamp&quot;:&quot;0&quot;,&quot;copyright&quot;:&quot;&quot;,&quot;focal_length&quot;:&quot;0&quot;,&quot;iso&quot;:&quot;0&quot;,&quot;shutter_speed&quot;:&quot;0&quot;,&quot;title&quot;:&quot;&quot;,&quot;orientation&quot;:&quot;0&quot;}\" data-image-title=\"WhatsApp Image 2022-12-07 at 18.23.17\" data-image-description=\"\" data-image-caption=\"\" data-large-file=\"https:\/\/eldiariodesanpedro.com.ar\/sitio\/wp-content\/uploads\/2022\/12\/WhatsApp-Image-2022-12-07-at-18.23.17-1024x575.jpeg\" data-src=\"https:\/\/eldiariodesanpedro.com.ar\/sitio\/wp-content\/uploads\/2022\/12\/WhatsApp-Image-2022-12-07-at-18.23.17-1024x575.jpeg\" alt=\"\" class=\"wp-image-113170 lazyload\" data-srcset=\"https:\/\/eldiariodesanpedro.com.ar\/sitio\/wp-content\/uploads\/2022\/12\/WhatsApp-Image-2022-12-07-at-18.23.17-1024x575.jpeg 1024w, https:\/\/eldiariodesanpedro.com.ar\/sitio\/wp-content\/uploads\/2022\/12\/WhatsApp-Image-2022-12-07-at-18.23.17-300x169.jpeg 300w, https:\/\/eldiariodesanpedro.com.ar\/sitio\/wp-content\/uploads\/2022\/12\/WhatsApp-Image-2022-12-07-at-18.23.17-768x432.jpeg 768w, https:\/\/eldiariodesanpedro.com.ar\/sitio\/wp-content\/uploads\/2022\/12\/WhatsApp-Image-2022-12-07-at-18.23.17.jpeg 1121w\" data-sizes=\"(max-width: 1024px) 100vw, 1024px\" src=\"data:image\/svg+xml;base64,PHN2ZyB3aWR0aD0iMSIgaGVpZ2h0PSIxIiB4bWxucz0iaHR0cDovL3d3dy53My5vcmcvMjAwMC9zdmciPjwvc3ZnPg==\" style=\"--smush-placeholder-width: 1024px; --smush-placeholder-aspect-ratio: 1024\/575;\" \/><\/figure>\n\n\n\n<figure class=\"wp-block-image size-large\"><img decoding=\"async\" width=\"1024\" height=\"575\" data-attachment-id=\"113171\" data-permalink=\"https:\/\/eldiariodesanpedro.com.ar\/sitio\/invitacion-a-comedores-clubes-y-entidades-de-bien-publico-a-tramitar-subsidios-en-las-proximas-facturas-de-gas-natural\/whatsapp-image-2022-12-07-at-18-23-23\/\" data-orig-file=\"https:\/\/eldiariodesanpedro.com.ar\/sitio\/wp-content\/uploads\/2022\/12\/WhatsApp-Image-2022-12-07-at-18.23.23.jpeg\" data-orig-size=\"1121,630\" data-comments-opened=\"0\" data-image-meta=\"{&quot;aperture&quot;:&quot;0&quot;,&quot;credit&quot;:&quot;&quot;,&quot;camera&quot;:&quot;&quot;,&quot;caption&quot;:&quot;&quot;,&quot;created_timestamp&quot;:&quot;0&quot;,&quot;copyright&quot;:&quot;&quot;,&quot;focal_length&quot;:&quot;0&quot;,&quot;iso&quot;:&quot;0&quot;,&quot;shutter_speed&quot;:&quot;0&quot;,&quot;title&quot;:&quot;&quot;,&quot;orientation&quot;:&quot;0&quot;}\" data-image-title=\"WhatsApp Image 2022-12-07 at 18.23.23\" data-image-description=\"\" data-image-caption=\"\" data-large-file=\"https:\/\/eldiariodesanpedro.com.ar\/sitio\/wp-content\/uploads\/2022\/12\/WhatsApp-Image-2022-12-07-at-18.23.23-1024x575.jpeg\" data-src=\"https:\/\/eldiariodesanpedro.com.ar\/sitio\/wp-content\/uploads\/2022\/12\/WhatsApp-Image-2022-12-07-at-18.23.23-1024x575.jpeg\" alt=\"\" class=\"wp-image-113171 lazyload\" data-srcset=\"https:\/\/eldiariodesanpedro.com.ar\/sitio\/wp-content\/uploads\/2022\/12\/WhatsApp-Image-2022-12-07-at-18.23.23-1024x575.jpeg 1024w, https:\/\/eldiariodesanpedro.com.ar\/sitio\/wp-content\/uploads\/2022\/12\/WhatsApp-Image-2022-12-07-at-18.23.23-300x169.jpeg 300w, https:\/\/eldiariodesanpedro.com.ar\/sitio\/wp-content\/uploads\/2022\/12\/WhatsApp-Image-2022-12-07-at-18.23.23-768x432.jpeg 768w, https:\/\/eldiariodesanpedro.com.ar\/sitio\/wp-content\/uploads\/2022\/12\/WhatsApp-Image-2022-12-07-at-18.23.23.jpeg 1121w\" data-sizes=\"(max-width: 1024px) 100vw, 1024px\" src=\"data:image\/svg+xml;base64,PHN2ZyB3aWR0aD0iMSIgaGVpZ2h0PSIxIiB4bWxucz0iaHR0cDovL3d3dy53My5vcmcvMjAwMC9zdmciPjwvc3ZnPg==\" style=\"--smush-placeholder-width: 1024px; --smush-placeholder-aspect-ratio: 1024\/575;\" \/><\/figure>\n","protected":false},"excerpt":{"rendered":"<p>En el Centro Cultural Abelardo Castillo, la Secretar\u00eda de Desarrollo Humano, la Secretar\u00eda de Obras P\u00fablicas y la Direcci\u00f3n de Comisiones de Fomento convocaron hoy a una primera reuni\u00f3n con representantes de diferentes entidades de la comunidad, que podr\u00e1n acceder a subsidios que se ver\u00e1n reflejados en quitas de las facturas de consumo de gas [&hellip;]<\/p>\n","protected":false},"author":4,"featured_media":113169,"comment_status":"closed","ping_status":"closed","sticky":false,"template":"","format":"standard","meta":{"om_disable_all_campaigns":false,"_jetpack_memberships_contains_paid_content":false,"footnotes":""},"categories":[50,101,2],"tags":[197,3283,696,3282,33,19],"class_list":["post-113168","post","type-post","status-publish","format-standard","has-post-thumbnail","hentry","category-destacadas","category-interes-general-locales","category-locales","tag-buenos-aires","tag-clubes-y-entidades-de-bien-publico-a-tramitar-subsidios-en-las-proximas-facturas-de-gas-natural","tag-interes-general","tag-invitacion-a-comedores","tag-locales","tag-san-pedro"],"aioseo_notices":[],"gutentor_comment":0,"jetpack_featured_media_url":"https:\/\/eldiariodesanpedro.com.ar\/sitio\/wp-content\/uploads\/2022\/12\/WhatsApp-Image-2022-12-07-at-18.23.15.jpeg","jetpack_shortlink":"https:\/\/wp.me\/p6RhLt-tri","jetpack_sharing_enabled":true,"_links":{"self":[{"href":"https:\/\/eldiariodesanpedro.com.ar\/sitio\/wp-json\/wp\/v2\/posts\/113168","targetHints":{"allow":["GET"]}}],"collection":[{"href":"https:\/\/eldiariodesanpedro.com.ar\/sitio\/wp-json\/wp\/v2\/posts"}],"about":[{"href":"https:\/\/eldiariodesanpedro.com.ar\/sitio\/wp-json\/wp\/v2\/types\/post"}],"author":[{"embeddable":true,"href":"https:\/\/eldiariodesanpedro.com.ar\/sitio\/wp-json\/wp\/v2\/users\/4"}],"replies":[{"embeddable":true,"href":"https:\/\/eldiariodesanpedro.com.ar\/sitio\/wp-json\/wp\/v2\/comments?post=113168"}],"version-history":[{"count":1,"href":"https:\/\/eldiariodesanpedro.com.ar\/sitio\/wp-json\/wp\/v2\/posts\/113168\/revisions"}],"predecessor-version":[{"id":113172,"href":"https:\/\/eldiariodesanpedro.com.ar\/sitio\/wp-json\/wp\/v2\/posts\/113168\/revisions\/113172"}],"wp:featuredmedia":[{"embeddable":true,"href":"https:\/\/eldiariodesanpedro.com.ar\/sitio\/wp-json\/wp\/v2\/media\/113169"}],"wp:attachment":[{"href":"https:\/\/eldiariodesanpedro.com.ar\/sitio\/wp-json\/wp\/v2\/media?parent=113168"}],"wp:term":[{"taxonomy":"category","embeddable":true,"href":"https:\/\/eldiariodesanpedro.com.ar\/sitio\/wp-json\/wp\/v2\/categories?post=113168"},{"taxonomy":"post_tag","embeddable":true,"href":"https:\/\/eldiariodesanpedro.com.ar\/sitio\/wp-json\/wp\/v2\/tags?post=113168"}],"curies":[{"name":"wp","href":"https:\/\/api.w.org\/{rel}","templated":true}]}}