{"id":113165,"date":"2022-12-08T15:10:38","date_gmt":"2022-12-08T18:10:38","guid":{"rendered":"https:\/\/eldiariodesanpedro.com.ar\/sitio\/?p=113165"},"modified":"2022-12-08T15:10:39","modified_gmt":"2022-12-08T18:10:39","slug":"a-partir-de-manana-comienza-la-fiesta-del-chopp-entre-otras-actividades-durante-el-fin-de-semana-largo","status":"publish","type":"post","link":"https:\/\/eldiariodesanpedro.com.ar\/sitio\/a-partir-de-manana-comienza-la-fiesta-del-chopp-entre-otras-actividades-durante-el-fin-de-semana-largo\/","title":{"rendered":"A partir de ma\u00f1ana comienza la Fiesta del Chopp entre otras actividades durante el fin de semana largo"},"content":{"rendered":"<!-- VideographyWP Plugin Message: Automatic video embedding prevented by plugin options. -->\n\n<p>Se presentaron esta ma\u00f1ana en la Secretar\u00eda de Turismo y Cultura las actividades programadas para el pr\u00f3ximo fin de semana que contar\u00e1 con una amplia variedad de eventos que se desarrollar\u00e1n en nuestra ciudad ofreciendo una variada agenda para que disfruten sampedrinos y turistas con la realizaci\u00f3n de la 8\u00ba edici\u00f3n de la feria del libro y el escritor sampedrino, la Fiesta del Chopp en el Paseo P\u00fablico Municipal, Feria de Artesanos y Emprendedores en el Paseo Agenor Almada, Milonga en la ex peatonal, F\u00fatbol Femenino en el Estadio Municipal y el inicio de la temporada tur\u00edstica tanto en la Playa de Vuelta de Obligado como en el Complejo Municipal Tiro Federal que contar\u00e1n con servicio de guardavidas de lunes a viernes de 12 a 20 hs. y los fines de semana de 10 a 20 hs.<\/p>\n\n\n\n<p>Los anuncios se realizaron a trav\u00e9s de una conferencia de prensa encabezada por la Secretaria de Turismo y Cultura, Marcela Cu\u00f1er de la que participaron Ana In\u00e9s Hidalgo junto a Claudio Mendoza Vargas, en representaci\u00f3n de la Comisi\u00f3n Pro Glorieta del Tango; Claudio Camacho, organizador de la Fiesta del Chopp y Cristian Romero, representando a la organizaci\u00f3n de la Copa Amistad, un torneo de F\u00fatbol Femenino que se desarrollar\u00e1 en el Estadio Municipal con la participaci\u00f3n del equipo Femenino de River Plate.<\/p>\n\n\n\n<p>Agenda cultural y de Actividades:<\/p>\n\n\n\n<p>Mi\u00e9rcoles 7 de diciembre:<\/p>\n\n\n\n<p>La 2001 se presenta en 30 y algo desde las 23.00 hs.<\/p>\n\n\n\n<p>Jueves 8 de diciembre:<\/p>\n\n\n\n<p>Nueva convocatoria al Casting de Talentos en San Pedro en el Centro Cultural Municipal Abelardo Castillo desde las 10.00 hs.<\/p>\n\n\n\n<p>Acto Inaugural de la 8\u00ba edici\u00f3n de la feria del libro y el escritor sampedrino en el Centro de Comercio, Turismo e Industria a las 19.30 hs. con la actuaci\u00f3n de la Orquesta de la Armada Argentina.<\/p>\n\n\n\n<p>Feria de Artesanos y Emprendedores en el Paseo Agenor Almada desde las 12.00 hs.<\/p>\n\n\n\n<p>Viernes 9 de diciembre:<\/p>\n\n\n\n<p>8\u00ba edici\u00f3n de la feria del libro y el escritor sampedrino en el Centro de Comercio, Turismo e Industria que contar\u00e1 con rondas de lecturas, talleres, presentaciones de libros, cuentos infantiles, m\u00fasica en vivo y diferentes stands.<\/p>\n\n\n\n<p>Feria de Artesanos y Emprendedores en el Paseo Agenor Almada.<\/p>\n\n\n\n<p>Cuarta edici\u00f3n Fiesta del Chopp desde las 12 hs. en el Paseo P\u00fablico Municipal que contar\u00e1 con 14 stands con diferentes tipos de comidas, 10 stands de cerveza artesanal con diferentes variedades y m\u00e1s de 30 shows en el escenario durante los 3 d\u00edas.<br>Clase abierta del taller anual a cargo de Santiago Altolaguirre desde las 21.30 hs. en Sala Cuarta Pared.<\/p>\n\n\n\n<p>S\u00e1bado 10 de diciembre:<\/p>\n\n\n\n<p>Feria de Artesanos y Emprendedores en el Paseo Agenor Almada.<\/p>\n\n\n\n<p>Cuarta edici\u00f3n Fiesta del Chopp en el Paseo P\u00fablico Municipal.<\/p>\n\n\n\n<p>8\u00ba edici\u00f3n de la feria del libro y el escritor sampedrino en el Centro de Comercio, Turismo e Industria.<\/p>\n\n\n\n<p>\u00daltimo Concurso Nacional de Comercial en 30 y algo con una Masterclass de Leo Macias y la participaci\u00f3n de Escuelas Locales, de Mar del Plata y la zona.<\/p>\n\n\n\n<p>Boleros a la Carta en el Teatro Caf\u00e9 Wojtyla desde las 21.30 hs. con la actuaci\u00f3n de Fabi\u00e1n Miranda, Rub\u00e9n Maseroni, Armando \u00c1lvarez y Marcos Errapan. Para reservas contactar al 3329570184 \/ 623464.<\/p>\n\n\n\n<p>Concierto del Coro Mac y Ensamble Instrumental del Conservatorio de M\u00fasica \u201cCarlos Guastavino\u201d en el Centro Cultural \u201cAbelardo Castillo\u201d desde las 20.30 hs. con entrada libre y gratuita.<\/p>\n\n\n\n<p>Copa Amistad San Pedro, cuadrangular de f\u00fatbol femenino en el Estadio Municipal del que participan los equipos de La Esperanza, Agricultores, La Roca y Club Atl\u00e9tico River Plate. Desde las 10 hs. el Cuerpo T\u00e9cnico de River realizar\u00e1 una cl\u00ednica gratuita para dirigentes, t\u00e9cnicos, jugadores, jugadoras y p\u00fablico general.<\/p>\n\n\n\n<p>Domingo 11 de diciembre:<\/p>\n\n\n\n<p>Feria de Artesanos y Emprendedores en el Paseo Agenor Almada.<\/p>\n\n\n\n<p>Cuarta edici\u00f3n Fiesta del Chopp en el Paseo P\u00fablico Municipal.<\/p>\n\n\n\n<p>Copa Amistad San Pedro, cuadrangular de f\u00fatbol femenino en el Estadio Municipal del que participan los equipos de La Esperanza, Agricultores, La Roca y Club Atl\u00e9tico River Plate.<\/p>\n\n\n\n<p>Milonga en zona de la ex peatonal (Balcarce entre 25 de Mayo y Mitre) desde las 19 hs. organizado por el grupo La Glorieta del Tango contar\u00e1 con la participaci\u00f3n de la orquesta Rosarina y Milonguera, Roberto Aguirre y Anita Sala. El evento es con entrada Libre y Gratuita<\/p>\n\n\n\n<p>La Compa\u00f1\u00eda El Vacil\u00f3n presenta una variet\u00e9 con la participaci\u00f3n de Santiago Altolaguirre, Gabo C\u00e1ceres, Tati S\u00e1nchez, Victoria Verdano y Walter Petroni en Sala Cuarta Pared desde las 20.30 hs. Reservas al 3329-540510.<\/p>\n","protected":false},"excerpt":{"rendered":"<p>Se presentaron esta ma\u00f1ana en la Secretar\u00eda de Turismo y Cultura las actividades programadas para el pr\u00f3ximo fin de semana que contar\u00e1 con una amplia variedad de eventos que se desarrollar\u00e1n en nuestra ciudad ofreciendo una variada agenda para que disfruten sampedrinos y turistas con la realizaci\u00f3n de la 8\u00ba edici\u00f3n de la feria del [&hellip;]<\/p>\n","protected":false},"author":4,"featured_media":113166,"comment_status":"closed","ping_status":"closed","sticky":false,"template":"","format":"standard","meta":{"om_disable_all_campaigns":false,"_jetpack_memberships_contains_paid_content":false,"footnotes":""},"categories":[50,101,2],"tags":[197,696,33,19],"class_list":["post-113165","post","type-post","status-publish","format-standard","has-post-thumbnail","hentry","category-destacadas","category-interes-general-locales","category-locales","tag-buenos-aires","tag-interes-general","tag-locales","tag-san-pedro"],"aioseo_notices":[],"gutentor_comment":0,"jetpack_featured_media_url":"https:\/\/eldiariodesanpedro.com.ar\/sitio\/wp-content\/uploads\/2022\/12\/265586406_1120657668741440_4306539394930134176_n.jpg","jetpack_shortlink":"https:\/\/wp.me\/p6RhLt-trf","jetpack_sharing_enabled":true,"_links":{"self":[{"href":"https:\/\/eldiariodesanpedro.com.ar\/sitio\/wp-json\/wp\/v2\/posts\/113165","targetHints":{"allow":["GET"]}}],"collection":[{"href":"https:\/\/eldiariodesanpedro.com.ar\/sitio\/wp-json\/wp\/v2\/posts"}],"about":[{"href":"https:\/\/eldiariodesanpedro.com.ar\/sitio\/wp-json\/wp\/v2\/types\/post"}],"author":[{"embeddable":true,"href":"https:\/\/eldiariodesanpedro.com.ar\/sitio\/wp-json\/wp\/v2\/users\/4"}],"replies":[{"embeddable":true,"href":"https:\/\/eldiariodesanpedro.com.ar\/sitio\/wp-json\/wp\/v2\/comments?post=113165"}],"version-history":[{"count":1,"href":"https:\/\/eldiariodesanpedro.com.ar\/sitio\/wp-json\/wp\/v2\/posts\/113165\/revisions"}],"predecessor-version":[{"id":113167,"href":"https:\/\/eldiariodesanpedro.com.ar\/sitio\/wp-json\/wp\/v2\/posts\/113165\/revisions\/113167"}],"wp:featuredmedia":[{"embeddable":true,"href":"https:\/\/eldiariodesanpedro.com.ar\/sitio\/wp-json\/wp\/v2\/media\/113166"}],"wp:attachment":[{"href":"https:\/\/eldiariodesanpedro.com.ar\/sitio\/wp-json\/wp\/v2\/media?parent=113165"}],"wp:term":[{"taxonomy":"category","embeddable":true,"href":"https:\/\/eldiariodesanpedro.com.ar\/sitio\/wp-json\/wp\/v2\/categories?post=113165"},{"taxonomy":"post_tag","embeddable":true,"href":"https:\/\/eldiariodesanpedro.com.ar\/sitio\/wp-json\/wp\/v2\/tags?post=113165"}],"curies":[{"name":"wp","href":"https:\/\/api.w.org\/{rel}","templated":true}]}}