{"id":113155,"date":"2022-12-08T14:45:58","date_gmt":"2022-12-08T17:45:58","guid":{"rendered":"https:\/\/eldiariodesanpedro.com.ar\/sitio\/?p=113155"},"modified":"2022-12-08T14:45:59","modified_gmt":"2022-12-08T17:45:59","slug":"presentacion-de-la-8o-edicion-de-la-feria-del-libro-y-el-escritor-sampedrino","status":"publish","type":"post","link":"https:\/\/eldiariodesanpedro.com.ar\/sitio\/presentacion-de-la-8o-edicion-de-la-feria-del-libro-y-el-escritor-sampedrino\/","title":{"rendered":"Presentaci\u00f3n de la 8\u00ba edici\u00f3n de la feria del libro y el escritor sampedrino"},"content":{"rendered":"<!-- VideographyWP Plugin Message: Automatic video embedding prevented by plugin options. -->\n\n<p>Este martes, en el Centro de Comercio, Industria y Turismo se llev\u00f3 a cabo la presentaci\u00f3n de la 8\u00ba edici\u00f3n de la feria del libro y el escritor sampedrino, declarada \u00abDe Inter\u00e9s Municipal\u00bb, que se desarrollar\u00e1 con entrada libre y gratuita, los d\u00edas 9 y 10 de diciembre, con la participaci\u00f3n de la Biblioteca Popular Rafael Obligado, la Fundaci\u00f3n Rep\u00fablica, \u00abSan Pedro Escribe\u00bb y la Sociedad Argentina de Escritores Baradero &#8211; San Pedro, entre otras organizaciones.<\/p>\n\n\n\n<p>Las actividades comenzar\u00e1n el jueves 8 de diciembre a las 19.30 hs. en el Centro de Comercio e Industria donde se desarrollar\u00e1 el acto Inaugural que contar\u00e1 con la actuaci\u00f3n de la Orquesta de la Armada Argentina.<\/p>\n\n\n\n<p>La presentaci\u00f3n se realiz\u00f3 a trav\u00e9s de una conferencia de prensa de la que participaron la Secretaria de Turismo y Cultura, Marcela Cu\u00f1er; Pablo Bardeli, referente distrital de la Fundaci\u00f3n Rep\u00fablica; Blanca Navarro, presidenta de la Biblioteca Popular Rafael Obligado, junto a la bibliotecaria Anal\u00eda Roldan; Mar\u00eda In\u00e9s Corda y Raquel Castillo, en representaci\u00f3n de Escritores sampedrinos y Carlos Collaretti, Gerente del Centro de Comercio Industria y Turismo de San Pedro.<\/p>\n\n\n\n<p>Durante el evento se podr\u00e1n disfrutar de rondas de lecturas, talleres, presentaciones de libros, cuentos infantiles, m\u00fasica en vivo y diferentes stands de las organizaciones que participan de la 8\u00ba edici\u00f3n de la feria del libro y el escritor sampedrino.<\/p>\n\n\n\n<p>Para m\u00e1s informaci\u00f3n pueden consultar las siguientes redes sociales:<br>Instagram: feriadellibrosampedrina<br>Facebook: FeriadelLibrosampedrina<br>Youtube: Feriadellibrosampedrina<\/p>\n\n\n\n<iframe data-src=\"https:\/\/www.facebook.com\/plugins\/video.php?height=314&#038;href=https%3A%2F%2Fwww.facebook.com%2Fdiariosp2%2Fvideos%2F855306458993148%2F&#038;show_text=false&#038;width=560&#038;t=0\" width=\"560\" height=\"314\" style=\"border:none;overflow:hidden\" scrolling=\"no\" frameborder=\"0\" allowfullscreen=\"true\" allow=\"autoplay; clipboard-write; encrypted-media; picture-in-picture; web-share\" allowFullScreen=\"true\" src=\"data:image\/svg+xml;base64,PHN2ZyB3aWR0aD0iMSIgaGVpZ2h0PSIxIiB4bWxucz0iaHR0cDovL3d3dy53My5vcmcvMjAwMC9zdmciPjwvc3ZnPg==\" class=\"lazyload\" data-load-mode=\"1\"><\/iframe>\n","protected":false},"excerpt":{"rendered":"<p>Este martes, en el Centro de Comercio, Industria y Turismo se llev\u00f3 a cabo la presentaci\u00f3n de la 8\u00ba edici\u00f3n de la feria del libro y el escritor sampedrino, declarada \u00abDe Inter\u00e9s Municipal\u00bb, que se desarrollar\u00e1 con entrada libre y gratuita, los d\u00edas 9 y 10 de diciembre, con la participaci\u00f3n de la Biblioteca Popular [&hellip;]<\/p>\n","protected":false},"author":4,"featured_media":113156,"comment_status":"closed","ping_status":"closed","sticky":false,"template":"","format":"standard","meta":{"om_disable_all_campaigns":false,"_jetpack_memberships_contains_paid_content":false,"footnotes":""},"categories":[50,101,2],"tags":[197,696,33,3281,19],"class_list":["post-113155","post","type-post","status-publish","format-standard","has-post-thumbnail","hentry","category-destacadas","category-interes-general-locales","category-locales","tag-buenos-aires","tag-interes-general","tag-locales","tag-presentacion-de-la-8o-edicion-de-la-feria-del-libro-y-el-escritor-sampedrino","tag-san-pedro"],"aioseo_notices":[],"gutentor_comment":0,"jetpack_featured_media_url":"https:\/\/eldiariodesanpedro.com.ar\/sitio\/wp-content\/uploads\/2022\/12\/WhatsApp-Image-2022-12-06-at-13.40.48.jpeg","jetpack_shortlink":"https:\/\/wp.me\/p6RhLt-tr5","jetpack_sharing_enabled":true,"_links":{"self":[{"href":"https:\/\/eldiariodesanpedro.com.ar\/sitio\/wp-json\/wp\/v2\/posts\/113155","targetHints":{"allow":["GET"]}}],"collection":[{"href":"https:\/\/eldiariodesanpedro.com.ar\/sitio\/wp-json\/wp\/v2\/posts"}],"about":[{"href":"https:\/\/eldiariodesanpedro.com.ar\/sitio\/wp-json\/wp\/v2\/types\/post"}],"author":[{"embeddable":true,"href":"https:\/\/eldiariodesanpedro.com.ar\/sitio\/wp-json\/wp\/v2\/users\/4"}],"replies":[{"embeddable":true,"href":"https:\/\/eldiariodesanpedro.com.ar\/sitio\/wp-json\/wp\/v2\/comments?post=113155"}],"version-history":[{"count":1,"href":"https:\/\/eldiariodesanpedro.com.ar\/sitio\/wp-json\/wp\/v2\/posts\/113155\/revisions"}],"predecessor-version":[{"id":113157,"href":"https:\/\/eldiariodesanpedro.com.ar\/sitio\/wp-json\/wp\/v2\/posts\/113155\/revisions\/113157"}],"wp:featuredmedia":[{"embeddable":true,"href":"https:\/\/eldiariodesanpedro.com.ar\/sitio\/wp-json\/wp\/v2\/media\/113156"}],"wp:attachment":[{"href":"https:\/\/eldiariodesanpedro.com.ar\/sitio\/wp-json\/wp\/v2\/media?parent=113155"}],"wp:term":[{"taxonomy":"category","embeddable":true,"href":"https:\/\/eldiariodesanpedro.com.ar\/sitio\/wp-json\/wp\/v2\/categories?post=113155"},{"taxonomy":"post_tag","embeddable":true,"href":"https:\/\/eldiariodesanpedro.com.ar\/sitio\/wp-json\/wp\/v2\/tags?post=113155"}],"curies":[{"name":"wp","href":"https:\/\/api.w.org\/{rel}","templated":true}]}}