{"id":113041,"date":"2022-12-05T10:37:36","date_gmt":"2022-12-05T13:37:36","guid":{"rendered":"https:\/\/eldiariodesanpedro.com.ar\/sitio\/?p=113041"},"modified":"2022-12-05T10:37:37","modified_gmt":"2022-12-05T13:37:37","slug":"el-intendente-salazar-recibio-a-la-subsecretaria-de-residuos-solidos-urbanos-y-economia-circular-jackie-flores","status":"publish","type":"post","link":"https:\/\/eldiariodesanpedro.com.ar\/sitio\/el-intendente-salazar-recibio-a-la-subsecretaria-de-residuos-solidos-urbanos-y-economia-circular-jackie-flores\/","title":{"rendered":"El Intendente Salazar recibi\u00f3 a la Subsecretaria de Residuos S\u00f3lidos Urbanos y Econom\u00eda Circular, Jackie Flores"},"content":{"rendered":"<!-- VideographyWP Plugin Message: Automatic video embedding prevented by plugin options. -->\n\n<p>EL pasado viernes el Dr. Ram\u00f3n Salazar recibi\u00f3 en el despacho oficial a la Subsecretaria de Residuos S\u00f3lidos Urbanos y Econom\u00eda Circular del Ministerio de Ambiente de la Provincia de Buenos Aires, Jackie Flores en el marco de las gestiones que se vienen realizando en la construcci\u00f3n de la Gesti\u00f3n Integral de Residuos S\u00f3lidos Urbanos del Municipio y continuar abordando conjuntamente la agenda de trabajo del programa \u201cMi Provincia Recicla\u201d que se viene desarrollando en nuestra ciudad.<\/p>\n\n\n\n<p>Durante el encuentro, del que participaron el Director Provincial de Residuos S\u00f3lidos Urbanos, Lautaro Tombesi; el Secretario de Coordinaci\u00f3n, Luciano Arias; el Director de Ambiente, Gustavo Sol\u00e1, la Concejala Rita Leguizam\u00f3n, el Concejal Gast\u00f3n Casco y el referente del Movimiento de Trabajadores Excluidos, Patricio \u201cPoli\u201d Rosales, se evaluaron las acciones que se vienen llevando adelante tanto desde la dimensi\u00f3n ambiental, con la problem\u00e1tica de tener un basural a cielo abierto, como la dimensi\u00f3n social para con los recuperadores que all\u00ed trabajan y la continuidad de acciones como el Censo de Recuperadores en el basural que se realiz\u00f3 de manera conjunta con el Ministerio de Ambiente, siendo el primer Municipio en realizarlo de forma conjunta con la Provincia.<\/p>\n\n\n\n<p>En este marco, se establecieron los pasos a seguir para continuar profundizando las pol\u00edticas ambientales que buscan el objetivo fundamental propuesto por el Gobierno Municipal de erradicar el basural a cielo abierto con inclusi\u00f3n de los trabajadores.<\/p>\n\n\n\n<figure class=\"wp-block-image size-full\"><img decoding=\"async\" width=\"945\" height=\"630\" data-attachment-id=\"113043\" data-permalink=\"https:\/\/eldiariodesanpedro.com.ar\/sitio\/el-intendente-salazar-recibio-a-la-subsecretaria-de-residuos-solidos-urbanos-y-economia-circular-jackie-flores\/whatsapp-image-2022-12-02-at-18-00-50\/\" data-orig-file=\"https:\/\/eldiariodesanpedro.com.ar\/sitio\/wp-content\/uploads\/2022\/12\/WhatsApp-Image-2022-12-02-at-18.00.50.jpeg\" data-orig-size=\"945,630\" data-comments-opened=\"0\" data-image-meta=\"{&quot;aperture&quot;:&quot;0&quot;,&quot;credit&quot;:&quot;&quot;,&quot;camera&quot;:&quot;&quot;,&quot;caption&quot;:&quot;&quot;,&quot;created_timestamp&quot;:&quot;0&quot;,&quot;copyright&quot;:&quot;&quot;,&quot;focal_length&quot;:&quot;0&quot;,&quot;iso&quot;:&quot;0&quot;,&quot;shutter_speed&quot;:&quot;0&quot;,&quot;title&quot;:&quot;&quot;,&quot;orientation&quot;:&quot;0&quot;}\" data-image-title=\"WhatsApp Image 2022-12-02 at 18.00.50\" data-image-description=\"\" data-image-caption=\"\" data-large-file=\"https:\/\/eldiariodesanpedro.com.ar\/sitio\/wp-content\/uploads\/2022\/12\/WhatsApp-Image-2022-12-02-at-18.00.50.jpeg\" data-src=\"https:\/\/eldiariodesanpedro.com.ar\/sitio\/wp-content\/uploads\/2022\/12\/WhatsApp-Image-2022-12-02-at-18.00.50.jpeg\" alt=\"\" class=\"wp-image-113043 lazyload\" data-srcset=\"https:\/\/eldiariodesanpedro.com.ar\/sitio\/wp-content\/uploads\/2022\/12\/WhatsApp-Image-2022-12-02-at-18.00.50.jpeg 945w, https:\/\/eldiariodesanpedro.com.ar\/sitio\/wp-content\/uploads\/2022\/12\/WhatsApp-Image-2022-12-02-at-18.00.50-300x200.jpeg 300w, https:\/\/eldiariodesanpedro.com.ar\/sitio\/wp-content\/uploads\/2022\/12\/WhatsApp-Image-2022-12-02-at-18.00.50-768x512.jpeg 768w\" data-sizes=\"(max-width: 945px) 100vw, 945px\" src=\"data:image\/svg+xml;base64,PHN2ZyB3aWR0aD0iMSIgaGVpZ2h0PSIxIiB4bWxucz0iaHR0cDovL3d3dy53My5vcmcvMjAwMC9zdmciPjwvc3ZnPg==\" style=\"--smush-placeholder-width: 945px; --smush-placeholder-aspect-ratio: 945\/630;\" \/><\/figure>\n\n\n\n<figure class=\"wp-block-image size-full\"><img decoding=\"async\" width=\"945\" height=\"630\" data-attachment-id=\"113045\" data-permalink=\"https:\/\/eldiariodesanpedro.com.ar\/sitio\/el-intendente-salazar-recibio-a-la-subsecretaria-de-residuos-solidos-urbanos-y-economia-circular-jackie-flores\/whatsapp-image-2022-12-02-at-18-00-51\/\" data-orig-file=\"https:\/\/eldiariodesanpedro.com.ar\/sitio\/wp-content\/uploads\/2022\/12\/WhatsApp-Image-2022-12-02-at-18.00.51.jpeg\" data-orig-size=\"945,630\" data-comments-opened=\"0\" data-image-meta=\"{&quot;aperture&quot;:&quot;0&quot;,&quot;credit&quot;:&quot;&quot;,&quot;camera&quot;:&quot;&quot;,&quot;caption&quot;:&quot;&quot;,&quot;created_timestamp&quot;:&quot;0&quot;,&quot;copyright&quot;:&quot;&quot;,&quot;focal_length&quot;:&quot;0&quot;,&quot;iso&quot;:&quot;0&quot;,&quot;shutter_speed&quot;:&quot;0&quot;,&quot;title&quot;:&quot;&quot;,&quot;orientation&quot;:&quot;0&quot;}\" data-image-title=\"WhatsApp Image 2022-12-02 at 18.00.51\" data-image-description=\"\" data-image-caption=\"\" data-large-file=\"https:\/\/eldiariodesanpedro.com.ar\/sitio\/wp-content\/uploads\/2022\/12\/WhatsApp-Image-2022-12-02-at-18.00.51.jpeg\" data-src=\"https:\/\/eldiariodesanpedro.com.ar\/sitio\/wp-content\/uploads\/2022\/12\/WhatsApp-Image-2022-12-02-at-18.00.51.jpeg\" alt=\"\" class=\"wp-image-113045 lazyload\" data-srcset=\"https:\/\/eldiariodesanpedro.com.ar\/sitio\/wp-content\/uploads\/2022\/12\/WhatsApp-Image-2022-12-02-at-18.00.51.jpeg 945w, https:\/\/eldiariodesanpedro.com.ar\/sitio\/wp-content\/uploads\/2022\/12\/WhatsApp-Image-2022-12-02-at-18.00.51-300x200.jpeg 300w, https:\/\/eldiariodesanpedro.com.ar\/sitio\/wp-content\/uploads\/2022\/12\/WhatsApp-Image-2022-12-02-at-18.00.51-768x512.jpeg 768w\" data-sizes=\"(max-width: 945px) 100vw, 945px\" src=\"data:image\/svg+xml;base64,PHN2ZyB3aWR0aD0iMSIgaGVpZ2h0PSIxIiB4bWxucz0iaHR0cDovL3d3dy53My5vcmcvMjAwMC9zdmciPjwvc3ZnPg==\" style=\"--smush-placeholder-width: 945px; --smush-placeholder-aspect-ratio: 945\/630;\" \/><\/figure>\n","protected":false},"excerpt":{"rendered":"<p>EL pasado viernes el Dr. Ram\u00f3n Salazar recibi\u00f3 en el despacho oficial a la Subsecretaria de Residuos S\u00f3lidos Urbanos y Econom\u00eda Circular del Ministerio de Ambiente de la Provincia de Buenos Aires, Jackie Flores en el marco de las gestiones que se vienen realizando en la construcci\u00f3n de la Gesti\u00f3n Integral de Residuos S\u00f3lidos Urbanos [&hellip;]<\/p>\n","protected":false},"author":4,"featured_media":113042,"comment_status":"closed","ping_status":"closed","sticky":false,"template":"","format":"standard","meta":{"om_disable_all_campaigns":false,"_jetpack_memberships_contains_paid_content":false,"footnotes":""},"categories":[50,101,2],"tags":[197,696,33,19],"class_list":["post-113041","post","type-post","status-publish","format-standard","has-post-thumbnail","hentry","category-destacadas","category-interes-general-locales","category-locales","tag-buenos-aires","tag-interes-general","tag-locales","tag-san-pedro"],"aioseo_notices":[],"gutentor_comment":0,"jetpack_featured_media_url":"https:\/\/eldiariodesanpedro.com.ar\/sitio\/wp-content\/uploads\/2022\/12\/WhatsApp-Image-2022-12-02-at-18.00.49.jpeg","jetpack_shortlink":"https:\/\/wp.me\/p6RhLt-tpf","jetpack_sharing_enabled":true,"_links":{"self":[{"href":"https:\/\/eldiariodesanpedro.com.ar\/sitio\/wp-json\/wp\/v2\/posts\/113041","targetHints":{"allow":["GET"]}}],"collection":[{"href":"https:\/\/eldiariodesanpedro.com.ar\/sitio\/wp-json\/wp\/v2\/posts"}],"about":[{"href":"https:\/\/eldiariodesanpedro.com.ar\/sitio\/wp-json\/wp\/v2\/types\/post"}],"author":[{"embeddable":true,"href":"https:\/\/eldiariodesanpedro.com.ar\/sitio\/wp-json\/wp\/v2\/users\/4"}],"replies":[{"embeddable":true,"href":"https:\/\/eldiariodesanpedro.com.ar\/sitio\/wp-json\/wp\/v2\/comments?post=113041"}],"version-history":[{"count":1,"href":"https:\/\/eldiariodesanpedro.com.ar\/sitio\/wp-json\/wp\/v2\/posts\/113041\/revisions"}],"predecessor-version":[{"id":113046,"href":"https:\/\/eldiariodesanpedro.com.ar\/sitio\/wp-json\/wp\/v2\/posts\/113041\/revisions\/113046"}],"wp:featuredmedia":[{"embeddable":true,"href":"https:\/\/eldiariodesanpedro.com.ar\/sitio\/wp-json\/wp\/v2\/media\/113042"}],"wp:attachment":[{"href":"https:\/\/eldiariodesanpedro.com.ar\/sitio\/wp-json\/wp\/v2\/media?parent=113041"}],"wp:term":[{"taxonomy":"category","embeddable":true,"href":"https:\/\/eldiariodesanpedro.com.ar\/sitio\/wp-json\/wp\/v2\/categories?post=113041"},{"taxonomy":"post_tag","embeddable":true,"href":"https:\/\/eldiariodesanpedro.com.ar\/sitio\/wp-json\/wp\/v2\/tags?post=113041"}],"curies":[{"name":"wp","href":"https:\/\/api.w.org\/{rel}","templated":true}]}}