{"id":113028,"date":"2022-12-02T10:15:08","date_gmt":"2022-12-02T13:15:08","guid":{"rendered":"https:\/\/eldiariodesanpedro.com.ar\/sitio\/?p=113028"},"modified":"2022-12-02T10:15:09","modified_gmt":"2022-12-02T13:15:09","slug":"ultima-reunion-de-la-mesa-local-de-atencion-y-prevencion-de-la-violencia-de-genero-y-familiar-del-2022","status":"publish","type":"post","link":"https:\/\/eldiariodesanpedro.com.ar\/sitio\/ultima-reunion-de-la-mesa-local-de-atencion-y-prevencion-de-la-violencia-de-genero-y-familiar-del-2022\/","title":{"rendered":"\u00daltima reuni\u00f3n de la Mesa Local de Atenci\u00f3n y Prevenci\u00f3n de la Violencia de G\u00e9nero y Familiar del 2022"},"content":{"rendered":"<!-- VideographyWP Plugin Message: Automatic video embedding prevented by plugin options. -->\n\n<p>Este jueves 1\u00b0, como cada primer jueves de mes, se concret\u00f3 en la Secretar\u00eda de Pol\u00edticas de G\u00e9nero, Mujeres y Diversidad de San Pedro, la reuni\u00f3n mensual de la Mesa Local de Atenci\u00f3n y Prevenci\u00f3n de la Violencia de G\u00e9nero y Familiar, creada por Ordenanza 6332\/18.<\/p>\n\n\n\n<p>Durante la reuni\u00f3n, la secretaria Laura Monfasani, acompa\u00f1ada por parte de su equipo de profesionales, brind\u00f3 un detalle de las actuaciones e intervenciones realizadas desde el \u00e1rea, respondiendo adem\u00e1s consultas e inquietudes de quienes concurrieron en representaci\u00f3n de distintas instituciones y\/u organizaciones.<\/p>\n\n\n\n<p>Monfasani destac\u00f3 una vez m\u00e1s la articulaci\u00f3n alcanzada con otras instituciones como Educaci\u00f3n, Seguridad, Salud, Desarrollo Humano, el Juzgado de Paz y la Comisar\u00eda de la Mujer y la Familia, adem\u00e1s de con organizaciones feministas y de diversidad de nuestra ciudad, logr\u00e1ndose importantes avances en la atenci\u00f3n y contenci\u00f3n de quienes se encuentran en situaci\u00f3n de violencia por razones de g\u00e9nero, as\u00ed como en la visibilizaci\u00f3n y concientizaci\u00f3n en las problem\u00e1ticas.<\/p>\n\n\n\n<p>Las y los presentes acordaron adem\u00e1s la necesidad de trabajar, de cara al 2023, en el pedido conjunto de mayor celeridad y resoluciones con perspectiva de g\u00e9nero por parte de la Justicia, entendiendo que la falta de respuestas a nivel penal y de participaci\u00f3n de las autoridades judiciales en estos espacios colectivos, no favorece las respuestas y la contenci\u00f3n y asistencia de las personas en situaci\u00f3n de violencia por razones de g\u00e9nero. La reforma judicial transfeminista es una consigna en la que, quienes trabajan en el abordaje de las problem\u00e1ticas contempladas por la Mesa, vienen insistiendo a nivel nacional.<\/p>\n\n\n\n<p>Asimismo, quienes se encontraban presentes celebraron el a\u00f1o de trabajo conjunto y los logros alcanzados, renovando el compromiso de cara al 2023 de seguir trabajando articuladamente y en red, con participaci\u00f3n del Estado y organizaciones de la sociedad civil.<\/p>\n\n\n\n<p>De la reuni\u00f3n participaron el secretario de Gobierno Mart\u00edn Baraybar; la secretaria de Pol\u00edticas de G\u00e9nero, Mujeres y Diversidad Laura Monfasani; el secretario de Desarrollo Humano Walter S\u00e1nchez; el secretario de Seguridad Juan Carlos Ag\u00fcero; la titular de la Comisar\u00eda de la Mujer y la Familia, Oficial Principal Mariana Aguil\u00e1, junto a la Segunda Jefa de la dependencia, Patricia Melgar; la responsable del Centro de Acceso a la Justicia, Dra. Guadalupe Fraga; la Dra. Perla Torrillo, en representaci\u00f3n del Juzgado de Paz; la inspectora Mara Oru\u00e9 Tapia, en representaci\u00f3n de Jefatura Distrital de Educaci\u00f3n; la concejala Candelaria Cuscuela en representaci\u00f3n del bloque Frente de Todos; el concejal Hugo Binimelis en representaci\u00f3n del bloque Juntos UCR; la Dra. Norma Atrip en representaci\u00f3n de la Comisi\u00f3n de Abogados.<\/p>\n\n\n\n<p>Como parte del equipo de la Secretar\u00eda de Pol\u00edticas de G\u00e9nero, Mujeres y Diversidad estuvieron presentes la Coordinadora de la Oficina de Atenci\u00f3n a las Violencias, Dra. M\u00f3nica Ortega; la T\u00e9cnica Georgina Araldi, a cargo de Asistencia Directa; y Nadia Quiroga, a cargo de la coordinaci\u00f3n de la Mesa.<\/p>\n\n\n\n<p>Las organizaciones de la sociedad civil estuvieron representadas por Ana Santacreu y Natalia Giraldi Castelli, de Mujeres de las Canaletas; Rita Leguizam\u00f3n, Mujeres Evita; Gisele Mieres, de la agrupaci\u00f3n feminista Minerva Mirabal; Marianela Gir\u00e1ndola, de la agrupaci\u00f3n feminista Libres de Miedo; Mayra Zahlan\u00e9, de Marea-Somos Barrios de Pie; Enrique Ferroni, de Libres del Sur; Mary Hern\u00e1ndez, de la Asociaci\u00f3n de Trabajadores de la Sanidad Argentina (ATSA); Gladys Moix, de la Agrupaci\u00f3n Mayo.<\/p>\n\n\n\n<figure class=\"wp-block-image size-full\"><img decoding=\"async\" width=\"761\" height=\"630\" data-attachment-id=\"113033\" data-permalink=\"https:\/\/eldiariodesanpedro.com.ar\/sitio\/ultima-reunion-de-la-mesa-local-de-atencion-y-prevencion-de-la-violencia-de-genero-y-familiar-del-2022\/whatsapp-image-2022-12-02-at-10-09-55\/\" data-orig-file=\"https:\/\/eldiariodesanpedro.com.ar\/sitio\/wp-content\/uploads\/2022\/12\/WhatsApp-Image-2022-12-02-at-10.09.55.jpeg\" data-orig-size=\"761,630\" data-comments-opened=\"0\" data-image-meta=\"{&quot;aperture&quot;:&quot;0&quot;,&quot;credit&quot;:&quot;&quot;,&quot;camera&quot;:&quot;&quot;,&quot;caption&quot;:&quot;&quot;,&quot;created_timestamp&quot;:&quot;0&quot;,&quot;copyright&quot;:&quot;&quot;,&quot;focal_length&quot;:&quot;0&quot;,&quot;iso&quot;:&quot;0&quot;,&quot;shutter_speed&quot;:&quot;0&quot;,&quot;title&quot;:&quot;&quot;,&quot;orientation&quot;:&quot;0&quot;}\" data-image-title=\"WhatsApp Image 2022-12-02 at 10.09.55\" data-image-description=\"\" data-image-caption=\"\" data-large-file=\"https:\/\/eldiariodesanpedro.com.ar\/sitio\/wp-content\/uploads\/2022\/12\/WhatsApp-Image-2022-12-02-at-10.09.55.jpeg\" data-src=\"https:\/\/eldiariodesanpedro.com.ar\/sitio\/wp-content\/uploads\/2022\/12\/WhatsApp-Image-2022-12-02-at-10.09.55.jpeg\" alt=\"\" class=\"wp-image-113033 lazyload\" data-srcset=\"https:\/\/eldiariodesanpedro.com.ar\/sitio\/wp-content\/uploads\/2022\/12\/WhatsApp-Image-2022-12-02-at-10.09.55.jpeg 761w, https:\/\/eldiariodesanpedro.com.ar\/sitio\/wp-content\/uploads\/2022\/12\/WhatsApp-Image-2022-12-02-at-10.09.55-300x248.jpeg 300w\" data-sizes=\"(max-width: 761px) 100vw, 761px\" src=\"data:image\/svg+xml;base64,PHN2ZyB3aWR0aD0iMSIgaGVpZ2h0PSIxIiB4bWxucz0iaHR0cDovL3d3dy53My5vcmcvMjAwMC9zdmciPjwvc3ZnPg==\" style=\"--smush-placeholder-width: 761px; --smush-placeholder-aspect-ratio: 761\/630;\" \/><\/figure>\n\n\n\n<figure class=\"wp-block-image size-full\"><img decoding=\"async\" width=\"849\" height=\"630\" data-attachment-id=\"113032\" data-permalink=\"https:\/\/eldiariodesanpedro.com.ar\/sitio\/ultima-reunion-de-la-mesa-local-de-atencion-y-prevencion-de-la-violencia-de-genero-y-familiar-del-2022\/whatsapp-image-2022-12-02-at-10-09-54\/\" data-orig-file=\"https:\/\/eldiariodesanpedro.com.ar\/sitio\/wp-content\/uploads\/2022\/12\/WhatsApp-Image-2022-12-02-at-10.09.54.jpeg\" data-orig-size=\"849,630\" data-comments-opened=\"0\" data-image-meta=\"{&quot;aperture&quot;:&quot;0&quot;,&quot;credit&quot;:&quot;&quot;,&quot;camera&quot;:&quot;&quot;,&quot;caption&quot;:&quot;&quot;,&quot;created_timestamp&quot;:&quot;0&quot;,&quot;copyright&quot;:&quot;&quot;,&quot;focal_length&quot;:&quot;0&quot;,&quot;iso&quot;:&quot;0&quot;,&quot;shutter_speed&quot;:&quot;0&quot;,&quot;title&quot;:&quot;&quot;,&quot;orientation&quot;:&quot;0&quot;}\" data-image-title=\"WhatsApp Image 2022-12-02 at 10.09.54\" data-image-description=\"\" data-image-caption=\"\" data-large-file=\"https:\/\/eldiariodesanpedro.com.ar\/sitio\/wp-content\/uploads\/2022\/12\/WhatsApp-Image-2022-12-02-at-10.09.54.jpeg\" data-src=\"https:\/\/eldiariodesanpedro.com.ar\/sitio\/wp-content\/uploads\/2022\/12\/WhatsApp-Image-2022-12-02-at-10.09.54.jpeg\" alt=\"\" class=\"wp-image-113032 lazyload\" data-srcset=\"https:\/\/eldiariodesanpedro.com.ar\/sitio\/wp-content\/uploads\/2022\/12\/WhatsApp-Image-2022-12-02-at-10.09.54.jpeg 849w, https:\/\/eldiariodesanpedro.com.ar\/sitio\/wp-content\/uploads\/2022\/12\/WhatsApp-Image-2022-12-02-at-10.09.54-300x223.jpeg 300w, https:\/\/eldiariodesanpedro.com.ar\/sitio\/wp-content\/uploads\/2022\/12\/WhatsApp-Image-2022-12-02-at-10.09.54-768x570.jpeg 768w\" data-sizes=\"(max-width: 849px) 100vw, 849px\" src=\"data:image\/svg+xml;base64,PHN2ZyB3aWR0aD0iMSIgaGVpZ2h0PSIxIiB4bWxucz0iaHR0cDovL3d3dy53My5vcmcvMjAwMC9zdmciPjwvc3ZnPg==\" style=\"--smush-placeholder-width: 849px; --smush-placeholder-aspect-ratio: 849\/630;\" \/><\/figure>\n\n\n\n<figure class=\"wp-block-image size-full\"><img decoding=\"async\" width=\"840\" height=\"630\" data-attachment-id=\"113030\" data-permalink=\"https:\/\/eldiariodesanpedro.com.ar\/sitio\/ultima-reunion-de-la-mesa-local-de-atencion-y-prevencion-de-la-violencia-de-genero-y-familiar-del-2022\/whatsapp-image-2022-12-02-at-10-09-53\/\" data-orig-file=\"https:\/\/eldiariodesanpedro.com.ar\/sitio\/wp-content\/uploads\/2022\/12\/WhatsApp-Image-2022-12-02-at-10.09.53.jpeg\" data-orig-size=\"840,630\" data-comments-opened=\"0\" data-image-meta=\"{&quot;aperture&quot;:&quot;0&quot;,&quot;credit&quot;:&quot;&quot;,&quot;camera&quot;:&quot;&quot;,&quot;caption&quot;:&quot;&quot;,&quot;created_timestamp&quot;:&quot;0&quot;,&quot;copyright&quot;:&quot;&quot;,&quot;focal_length&quot;:&quot;0&quot;,&quot;iso&quot;:&quot;0&quot;,&quot;shutter_speed&quot;:&quot;0&quot;,&quot;title&quot;:&quot;&quot;,&quot;orientation&quot;:&quot;0&quot;}\" data-image-title=\"WhatsApp Image 2022-12-02 at 10.09.53\" data-image-description=\"\" data-image-caption=\"\" data-large-file=\"https:\/\/eldiariodesanpedro.com.ar\/sitio\/wp-content\/uploads\/2022\/12\/WhatsApp-Image-2022-12-02-at-10.09.53.jpeg\" data-src=\"https:\/\/eldiariodesanpedro.com.ar\/sitio\/wp-content\/uploads\/2022\/12\/WhatsApp-Image-2022-12-02-at-10.09.53.jpeg\" alt=\"\" class=\"wp-image-113030 lazyload\" data-srcset=\"https:\/\/eldiariodesanpedro.com.ar\/sitio\/wp-content\/uploads\/2022\/12\/WhatsApp-Image-2022-12-02-at-10.09.53.jpeg 840w, https:\/\/eldiariodesanpedro.com.ar\/sitio\/wp-content\/uploads\/2022\/12\/WhatsApp-Image-2022-12-02-at-10.09.53-300x225.jpeg 300w, https:\/\/eldiariodesanpedro.com.ar\/sitio\/wp-content\/uploads\/2022\/12\/WhatsApp-Image-2022-12-02-at-10.09.53-768x576.jpeg 768w, https:\/\/eldiariodesanpedro.com.ar\/sitio\/wp-content\/uploads\/2022\/12\/WhatsApp-Image-2022-12-02-at-10.09.53-272x204.jpeg 272w\" data-sizes=\"(max-width: 840px) 100vw, 840px\" src=\"data:image\/svg+xml;base64,PHN2ZyB3aWR0aD0iMSIgaGVpZ2h0PSIxIiB4bWxucz0iaHR0cDovL3d3dy53My5vcmcvMjAwMC9zdmciPjwvc3ZnPg==\" style=\"--smush-placeholder-width: 840px; --smush-placeholder-aspect-ratio: 840\/630;\" \/><\/figure>\n","protected":false},"excerpt":{"rendered":"<p>Este jueves 1\u00b0, como cada primer jueves de mes, se concret\u00f3 en la Secretar\u00eda de Pol\u00edticas de G\u00e9nero, Mujeres y Diversidad de San Pedro, la reuni\u00f3n mensual de la Mesa Local de Atenci\u00f3n y Prevenci\u00f3n de la Violencia de G\u00e9nero y Familiar, creada por Ordenanza 6332\/18. Durante la reuni\u00f3n, la secretaria Laura Monfasani, acompa\u00f1ada por [&hellip;]<\/p>\n","protected":false},"author":4,"featured_media":113031,"comment_status":"closed","ping_status":"closed","sticky":false,"template":"","format":"standard","meta":{"om_disable_all_campaigns":false,"_jetpack_memberships_contains_paid_content":false,"footnotes":""},"categories":[50,101,2],"tags":[197,696,33,19],"class_list":["post-113028","post","type-post","status-publish","format-standard","has-post-thumbnail","hentry","category-destacadas","category-interes-general-locales","category-locales","tag-buenos-aires","tag-interes-general","tag-locales","tag-san-pedro"],"aioseo_notices":[],"gutentor_comment":0,"jetpack_featured_media_url":"https:\/\/eldiariodesanpedro.com.ar\/sitio\/wp-content\/uploads\/2022\/12\/WhatsApp-Image-2022-12-02-at-10.09.54-1.jpeg","jetpack_shortlink":"https:\/\/wp.me\/p6RhLt-tp2","jetpack_sharing_enabled":true,"_links":{"self":[{"href":"https:\/\/eldiariodesanpedro.com.ar\/sitio\/wp-json\/wp\/v2\/posts\/113028","targetHints":{"allow":["GET"]}}],"collection":[{"href":"https:\/\/eldiariodesanpedro.com.ar\/sitio\/wp-json\/wp\/v2\/posts"}],"about":[{"href":"https:\/\/eldiariodesanpedro.com.ar\/sitio\/wp-json\/wp\/v2\/types\/post"}],"author":[{"embeddable":true,"href":"https:\/\/eldiariodesanpedro.com.ar\/sitio\/wp-json\/wp\/v2\/users\/4"}],"replies":[{"embeddable":true,"href":"https:\/\/eldiariodesanpedro.com.ar\/sitio\/wp-json\/wp\/v2\/comments?post=113028"}],"version-history":[{"count":1,"href":"https:\/\/eldiariodesanpedro.com.ar\/sitio\/wp-json\/wp\/v2\/posts\/113028\/revisions"}],"predecessor-version":[{"id":113034,"href":"https:\/\/eldiariodesanpedro.com.ar\/sitio\/wp-json\/wp\/v2\/posts\/113028\/revisions\/113034"}],"wp:featuredmedia":[{"embeddable":true,"href":"https:\/\/eldiariodesanpedro.com.ar\/sitio\/wp-json\/wp\/v2\/media\/113031"}],"wp:attachment":[{"href":"https:\/\/eldiariodesanpedro.com.ar\/sitio\/wp-json\/wp\/v2\/media?parent=113028"}],"wp:term":[{"taxonomy":"category","embeddable":true,"href":"https:\/\/eldiariodesanpedro.com.ar\/sitio\/wp-json\/wp\/v2\/categories?post=113028"},{"taxonomy":"post_tag","embeddable":true,"href":"https:\/\/eldiariodesanpedro.com.ar\/sitio\/wp-json\/wp\/v2\/tags?post=113028"}],"curies":[{"name":"wp","href":"https:\/\/api.w.org\/{rel}","templated":true}]}}