{"id":113025,"date":"2022-12-02T09:18:35","date_gmt":"2022-12-02T12:18:35","guid":{"rendered":"https:\/\/eldiariodesanpedro.com.ar\/sitio\/?p=113025"},"modified":"2022-12-02T09:18:36","modified_gmt":"2022-12-02T12:18:36","slug":"caso-cordara-detuvieron-a-un-sospechoso-en-la-ciudad-de-rosario","status":"publish","type":"post","link":"https:\/\/eldiariodesanpedro.com.ar\/sitio\/caso-cordara-detuvieron-a-un-sospechoso-en-la-ciudad-de-rosario\/","title":{"rendered":"Caso Cordara: Detuvieron a un sospechoso en la ciudad de Rosario"},"content":{"rendered":"<!-- VideographyWP Plugin Message: Automatic video embedding prevented by plugin options. -->\n\n<p>Ram\u00f3n Vallejos fue apresado cuando conduc\u00eda el autom\u00f3vil Fiat Palio rojo en el que habr\u00eda sido trasladado desde Rosario hacia Col\u00f3n el sicario que ejecut\u00f3 a Mauricio Cordara, chofer de Pablo Ansaloni, exdiputado nacional y actual candidato a secretario general del gremio de los peones rurales.<\/p>\n\n\n\n<p>Un paso clave se produjo en las \u00faltimas horas en la causa que investiga el crimen de un dirigente de la Uni\u00f3n Argentina de Trabajadores Rurales y Estibadores (Uatre). Ayer fue detenido Ram\u00f3n Vallejos, integrante del clan narcocriminal Romero, al volante del Fiat Palio rojo, veh\u00edculo que se us\u00f3 para trasladar desde Rosario a Col\u00f3n, provincia de Buenos Aires, al sicario que ejecut\u00f3 de siete tiros a Mauricio Cordara, chofer y dirigente cercano a Pablo Ansaloni, exdiputado nacional y actual candidato a secretario general del gremio de los peones rurales que est\u00e1 en ebullici\u00f3n de cara a las elecciones del 21 de diciembre pr\u00f3ximo.<\/p>\n\n\n\n<p>La investigaci\u00f3n que lleva adelante la fiscal Magdalena Brandt tuvo avances concretos durante las \u00faltimas horas. Hoy hubo nuevos allanamientos y se secuestraron varios tel\u00e9fonos celulares que estaban en manos del clan Romero.<\/p>\n\n\n\n<p>Pocas horas despu\u00e9s del homicidio de Cordara, la funcionaria judicial determin\u00f3 que el sicario hab\u00eda viajado desde Rosario a Col\u00f3n para ejecutar el crimen.<\/p>\n\n\n\n<p>La orden de detenci\u00f3n la dict\u00f3 el fiscal Mat\u00edas Edery, quien colabora con su par de Col\u00f3n Magdalena Brandt, quien investiga la ejecuci\u00f3n del dirigente del gremio de la Uatre. En otras tramas criminales, vinculadas a internas gremiales, participan eslabones del crimen organizado de Rosario, que son contratados para sembrar violencia, muchas veces con resultados poco eficientes.<\/p>\n\n\n\n<p>Fuente: La Naci\u00f3n <\/p>\n","protected":false},"excerpt":{"rendered":"<p>Ram\u00f3n Vallejos fue apresado cuando conduc\u00eda el autom\u00f3vil Fiat Palio rojo en el que habr\u00eda sido trasladado desde Rosario hacia Col\u00f3n el sicario que ejecut\u00f3 a Mauricio Cordara, chofer de Pablo Ansaloni, exdiputado nacional y actual candidato a secretario general del gremio de los peones rurales. Un paso clave se produjo en las \u00faltimas horas [&hellip;]<\/p>\n","protected":false},"author":4,"featured_media":113026,"comment_status":"closed","ping_status":"closed","sticky":false,"template":"","format":"standard","meta":{"om_disable_all_campaigns":false,"_jetpack_memberships_contains_paid_content":false,"footnotes":""},"categories":[50,2,103],"tags":[197,33,95,19],"class_list":["post-113025","post","type-post","status-publish","format-standard","has-post-thumbnail","hentry","category-destacadas","category-locales","category-policiales-locales","tag-buenos-aires","tag-locales","tag-policiales","tag-san-pedro"],"aioseo_notices":[],"gutentor_comment":0,"jetpack_featured_media_url":"https:\/\/eldiariodesanpedro.com.ar\/sitio\/wp-content\/uploads\/2022\/12\/0000021443-resized-1920x1080-1.jpg","jetpack_shortlink":"https:\/\/wp.me\/p6RhLt-toZ","jetpack_sharing_enabled":true,"_links":{"self":[{"href":"https:\/\/eldiariodesanpedro.com.ar\/sitio\/wp-json\/wp\/v2\/posts\/113025","targetHints":{"allow":["GET"]}}],"collection":[{"href":"https:\/\/eldiariodesanpedro.com.ar\/sitio\/wp-json\/wp\/v2\/posts"}],"about":[{"href":"https:\/\/eldiariodesanpedro.com.ar\/sitio\/wp-json\/wp\/v2\/types\/post"}],"author":[{"embeddable":true,"href":"https:\/\/eldiariodesanpedro.com.ar\/sitio\/wp-json\/wp\/v2\/users\/4"}],"replies":[{"embeddable":true,"href":"https:\/\/eldiariodesanpedro.com.ar\/sitio\/wp-json\/wp\/v2\/comments?post=113025"}],"version-history":[{"count":1,"href":"https:\/\/eldiariodesanpedro.com.ar\/sitio\/wp-json\/wp\/v2\/posts\/113025\/revisions"}],"predecessor-version":[{"id":113027,"href":"https:\/\/eldiariodesanpedro.com.ar\/sitio\/wp-json\/wp\/v2\/posts\/113025\/revisions\/113027"}],"wp:featuredmedia":[{"embeddable":true,"href":"https:\/\/eldiariodesanpedro.com.ar\/sitio\/wp-json\/wp\/v2\/media\/113026"}],"wp:attachment":[{"href":"https:\/\/eldiariodesanpedro.com.ar\/sitio\/wp-json\/wp\/v2\/media?parent=113025"}],"wp:term":[{"taxonomy":"category","embeddable":true,"href":"https:\/\/eldiariodesanpedro.com.ar\/sitio\/wp-json\/wp\/v2\/categories?post=113025"},{"taxonomy":"post_tag","embeddable":true,"href":"https:\/\/eldiariodesanpedro.com.ar\/sitio\/wp-json\/wp\/v2\/tags?post=113025"}],"curies":[{"name":"wp","href":"https:\/\/api.w.org\/{rel}","templated":true}]}}