{"id":113023,"date":"2022-12-02T09:12:59","date_gmt":"2022-12-02T12:12:59","guid":{"rendered":"https:\/\/eldiariodesanpedro.com.ar\/sitio\/?p=113023"},"modified":"2022-12-02T09:13:00","modified_gmt":"2022-12-02T12:13:00","slug":"un-menor-fue-detenido-en-baradero-acusado-de-una-causa-de-lesiones-graves-en-nuestra-ciudad","status":"publish","type":"post","link":"https:\/\/eldiariodesanpedro.com.ar\/sitio\/un-menor-fue-detenido-en-baradero-acusado-de-una-causa-de-lesiones-graves-en-nuestra-ciudad\/","title":{"rendered":"Un menor fue detenido en Baradero acusado de una causa de lesiones graves en nuestra ciudad"},"content":{"rendered":"<!-- VideographyWP Plugin Message: Automatic video embedding prevented by plugin options. -->\n\n<p>El personal del grupo especial GTO procedi\u00f3 a dar cumplimiento en relaci\u00f3n a una causa que se investiga caratulada \u201cLesiones graves, agravadas por el uso de arma de fuego\u201d \u00a0iniciada con fecha el pasado s\u00e1bado 26 de noviembre \u00a0con intervenci\u00f3n de la UFI del joven de San Nicolas, a orden de allanamiento y detenci\u00f3n de un joven de 17 a\u00f1os con domicilio en calle Chala de la Localidad de Baradero quien tras las tareas investigativas y luego de recopilados elementos probatorios se pudo establecer que el menor antes mencionado no ser\u00eda ajeno al hecho que dio origen a esta investigaci\u00f3n, ante lo cual tras efectivizarse la detenci\u00f3n y proceder al secuestro de elementos probatorios como prendas de vestir\u00a0 es puesto a disposici\u00f3n de la Justicia.<\/p>\n","protected":false},"excerpt":{"rendered":"<p>El personal del grupo especial GTO procedi\u00f3 a dar cumplimiento en relaci\u00f3n a una causa que se investiga caratulada \u201cLesiones graves, agravadas por el uso de arma de fuego\u201d \u00a0iniciada con fecha el pasado s\u00e1bado 26 de noviembre \u00a0con intervenci\u00f3n de la UFI del joven de San Nicolas, a orden de allanamiento y detenci\u00f3n de [&hellip;]<\/p>\n","protected":false},"author":4,"featured_media":67079,"comment_status":"closed","ping_status":"closed","sticky":false,"template":"","format":"standard","meta":{"om_disable_all_campaigns":false,"_jetpack_memberships_contains_paid_content":false,"footnotes":""},"categories":[2,103],"tags":[197,33,95,19],"class_list":["post-113023","post","type-post","status-publish","format-standard","has-post-thumbnail","hentry","category-locales","category-policiales-locales","tag-buenos-aires","tag-locales","tag-policiales","tag-san-pedro"],"aioseo_notices":[],"gutentor_comment":0,"jetpack_featured_media_url":"https:\/\/eldiariodesanpedro.com.ar\/sitio\/wp-content\/uploads\/2020\/01\/menor-detenido3.jpg","jetpack_shortlink":"https:\/\/wp.me\/p6RhLt-toX","jetpack_sharing_enabled":true,"_links":{"self":[{"href":"https:\/\/eldiariodesanpedro.com.ar\/sitio\/wp-json\/wp\/v2\/posts\/113023","targetHints":{"allow":["GET"]}}],"collection":[{"href":"https:\/\/eldiariodesanpedro.com.ar\/sitio\/wp-json\/wp\/v2\/posts"}],"about":[{"href":"https:\/\/eldiariodesanpedro.com.ar\/sitio\/wp-json\/wp\/v2\/types\/post"}],"author":[{"embeddable":true,"href":"https:\/\/eldiariodesanpedro.com.ar\/sitio\/wp-json\/wp\/v2\/users\/4"}],"replies":[{"embeddable":true,"href":"https:\/\/eldiariodesanpedro.com.ar\/sitio\/wp-json\/wp\/v2\/comments?post=113023"}],"version-history":[{"count":1,"href":"https:\/\/eldiariodesanpedro.com.ar\/sitio\/wp-json\/wp\/v2\/posts\/113023\/revisions"}],"predecessor-version":[{"id":113024,"href":"https:\/\/eldiariodesanpedro.com.ar\/sitio\/wp-json\/wp\/v2\/posts\/113023\/revisions\/113024"}],"wp:featuredmedia":[{"embeddable":true,"href":"https:\/\/eldiariodesanpedro.com.ar\/sitio\/wp-json\/wp\/v2\/media\/67079"}],"wp:attachment":[{"href":"https:\/\/eldiariodesanpedro.com.ar\/sitio\/wp-json\/wp\/v2\/media?parent=113023"}],"wp:term":[{"taxonomy":"category","embeddable":true,"href":"https:\/\/eldiariodesanpedro.com.ar\/sitio\/wp-json\/wp\/v2\/categories?post=113023"},{"taxonomy":"post_tag","embeddable":true,"href":"https:\/\/eldiariodesanpedro.com.ar\/sitio\/wp-json\/wp\/v2\/tags?post=113023"}],"curies":[{"name":"wp","href":"https:\/\/api.w.org\/{rel}","templated":true}]}}