{"id":113006,"date":"2022-12-01T20:57:02","date_gmt":"2022-12-01T23:57:02","guid":{"rendered":"https:\/\/eldiariodesanpedro.com.ar\/sitio\/?p=113006"},"modified":"2022-12-01T20:57:06","modified_gmt":"2022-12-01T23:57:06","slug":"corte-de-energia-electrica-programado-para-manana-viernes","status":"publish","type":"post","link":"https:\/\/eldiariodesanpedro.com.ar\/sitio\/corte-de-energia-electrica-programado-para-manana-viernes\/","title":{"rendered":"Corte de energ\u00eda el\u00e9ctrica programado para ma\u00f1ana viernes"},"content":{"rendered":"<!-- VideographyWP Plugin Message: Automatic video embedding prevented by plugin options. -->\n\n<p>Viernes 2 de diciembre por tareas de mantenimiento.<\/p>\n\n\n\n<p>Horario:&nbsp;<strong>07 a 10:30 hs<\/strong>. (aproximadamente)<\/p>\n\n\n\n<p>Lucio Mansilla del 4500 al 7000 (desde Callej\u00f3n Taurizano a La Revancha)<\/p>\n\n\n\n<p>Afectar\u00e1 el suministro de Sadiv, Camino a Espinillo, Pago Chico y loteos adyacentes.<\/p>\n","protected":false},"excerpt":{"rendered":"<p>Viernes 2 de diciembre por tareas de mantenimiento. Horario:&nbsp;07 a 10:30 hs. (aproximadamente) Lucio Mansilla del 4500 al 7000 (desde Callej\u00f3n Taurizano a La Revancha) Afectar\u00e1 el suministro de Sadiv, Camino a Espinillo, Pago Chico y loteos adyacentes.<\/p>\n","protected":false},"author":4,"featured_media":86002,"comment_status":"closed","ping_status":"closed","sticky":false,"template":"","format":"standard","meta":{"om_disable_all_campaigns":false,"_jetpack_memberships_contains_paid_content":false,"footnotes":""},"categories":[101,2],"tags":[197,696,33,19],"class_list":["post-113006","post","type-post","status-publish","format-standard","has-post-thumbnail","hentry","category-interes-general-locales","category-locales","tag-buenos-aires","tag-interes-general","tag-locales","tag-san-pedro"],"aioseo_notices":[],"gutentor_comment":0,"jetpack_featured_media_url":"https:\/\/eldiariodesanpedro.com.ar\/sitio\/wp-content\/uploads\/2021\/01\/coopser_6.jpg","jetpack_shortlink":"https:\/\/wp.me\/p6RhLt-toG","jetpack_sharing_enabled":true,"_links":{"self":[{"href":"https:\/\/eldiariodesanpedro.com.ar\/sitio\/wp-json\/wp\/v2\/posts\/113006","targetHints":{"allow":["GET"]}}],"collection":[{"href":"https:\/\/eldiariodesanpedro.com.ar\/sitio\/wp-json\/wp\/v2\/posts"}],"about":[{"href":"https:\/\/eldiariodesanpedro.com.ar\/sitio\/wp-json\/wp\/v2\/types\/post"}],"author":[{"embeddable":true,"href":"https:\/\/eldiariodesanpedro.com.ar\/sitio\/wp-json\/wp\/v2\/users\/4"}],"replies":[{"embeddable":true,"href":"https:\/\/eldiariodesanpedro.com.ar\/sitio\/wp-json\/wp\/v2\/comments?post=113006"}],"version-history":[{"count":1,"href":"https:\/\/eldiariodesanpedro.com.ar\/sitio\/wp-json\/wp\/v2\/posts\/113006\/revisions"}],"predecessor-version":[{"id":113007,"href":"https:\/\/eldiariodesanpedro.com.ar\/sitio\/wp-json\/wp\/v2\/posts\/113006\/revisions\/113007"}],"wp:featuredmedia":[{"embeddable":true,"href":"https:\/\/eldiariodesanpedro.com.ar\/sitio\/wp-json\/wp\/v2\/media\/86002"}],"wp:attachment":[{"href":"https:\/\/eldiariodesanpedro.com.ar\/sitio\/wp-json\/wp\/v2\/media?parent=113006"}],"wp:term":[{"taxonomy":"category","embeddable":true,"href":"https:\/\/eldiariodesanpedro.com.ar\/sitio\/wp-json\/wp\/v2\/categories?post=113006"},{"taxonomy":"post_tag","embeddable":true,"href":"https:\/\/eldiariodesanpedro.com.ar\/sitio\/wp-json\/wp\/v2\/tags?post=113006"}],"curies":[{"name":"wp","href":"https:\/\/api.w.org\/{rel}","templated":true}]}}