{"id":112999,"date":"2022-12-01T17:41:33","date_gmt":"2022-12-01T20:41:33","guid":{"rendered":"https:\/\/eldiariodesanpedro.com.ar\/sitio\/?p=112999"},"modified":"2022-12-01T17:41:35","modified_gmt":"2022-12-01T20:41:35","slug":"manana-tareas-de-mantenimiento-en-la-red-de-agua-potable","status":"publish","type":"post","link":"https:\/\/eldiariodesanpedro.com.ar\/sitio\/manana-tareas-de-mantenimiento-en-la-red-de-agua-potable\/","title":{"rendered":"Ma\u00f1ana tareas de mantenimiento en la red de agua potable"},"content":{"rendered":"<!-- VideographyWP Plugin Message: Automatic video embedding prevented by plugin options. -->\n\n<p>La Secretar\u00eda de Servicios P\u00fablicos informa que el d\u00eda viernes 2 de diciembre entre las 6 y las 10 hs. se llevar\u00e1n a cabo tareas de mantenimiento en la red de agua potable.<\/p>\n\n\n\n<p>El \u00e1rea de Servicios Sanitarios realizar\u00e1 un empalme de tuber\u00edas principales en calle 3 de febrero y Noceda por lo que se detendr\u00e1n dos bombas que pueden afectar el suministro de agua en las zonas comprendidas por las calles Noceda a Sarmiento, entre San Mart\u00edn y 3 de febrero y de calle San Mart\u00edn hasta el Cementerio.<\/p>\n","protected":false},"excerpt":{"rendered":"<p>La Secretar\u00eda de Servicios P\u00fablicos informa que el d\u00eda viernes 2 de diciembre entre las 6 y las 10 hs. se llevar\u00e1n a cabo tareas de mantenimiento en la red de agua potable. El \u00e1rea de Servicios Sanitarios realizar\u00e1 un empalme de tuber\u00edas principales en calle 3 de febrero y Noceda por lo que se [&hellip;]<\/p>\n","protected":false},"author":4,"featured_media":113000,"comment_status":"closed","ping_status":"closed","sticky":false,"template":"","format":"standard","meta":{"om_disable_all_campaigns":false,"_jetpack_memberships_contains_paid_content":false,"footnotes":""},"categories":[101,2],"tags":[197,696,33,19],"class_list":["post-112999","post","type-post","status-publish","format-standard","has-post-thumbnail","hentry","category-interes-general-locales","category-locales","tag-buenos-aires","tag-interes-general","tag-locales","tag-san-pedro"],"aioseo_notices":[],"gutentor_comment":0,"jetpack_featured_media_url":"https:\/\/eldiariodesanpedro.com.ar\/sitio\/wp-content\/uploads\/2022\/12\/sin_agua_57_sectores_0-768x430-1.jpg","jetpack_shortlink":"https:\/\/wp.me\/p6RhLt-toz","jetpack_sharing_enabled":true,"_links":{"self":[{"href":"https:\/\/eldiariodesanpedro.com.ar\/sitio\/wp-json\/wp\/v2\/posts\/112999","targetHints":{"allow":["GET"]}}],"collection":[{"href":"https:\/\/eldiariodesanpedro.com.ar\/sitio\/wp-json\/wp\/v2\/posts"}],"about":[{"href":"https:\/\/eldiariodesanpedro.com.ar\/sitio\/wp-json\/wp\/v2\/types\/post"}],"author":[{"embeddable":true,"href":"https:\/\/eldiariodesanpedro.com.ar\/sitio\/wp-json\/wp\/v2\/users\/4"}],"replies":[{"embeddable":true,"href":"https:\/\/eldiariodesanpedro.com.ar\/sitio\/wp-json\/wp\/v2\/comments?post=112999"}],"version-history":[{"count":1,"href":"https:\/\/eldiariodesanpedro.com.ar\/sitio\/wp-json\/wp\/v2\/posts\/112999\/revisions"}],"predecessor-version":[{"id":113001,"href":"https:\/\/eldiariodesanpedro.com.ar\/sitio\/wp-json\/wp\/v2\/posts\/112999\/revisions\/113001"}],"wp:featuredmedia":[{"embeddable":true,"href":"https:\/\/eldiariodesanpedro.com.ar\/sitio\/wp-json\/wp\/v2\/media\/113000"}],"wp:attachment":[{"href":"https:\/\/eldiariodesanpedro.com.ar\/sitio\/wp-json\/wp\/v2\/media?parent=112999"}],"wp:term":[{"taxonomy":"category","embeddable":true,"href":"https:\/\/eldiariodesanpedro.com.ar\/sitio\/wp-json\/wp\/v2\/categories?post=112999"},{"taxonomy":"post_tag","embeddable":true,"href":"https:\/\/eldiariodesanpedro.com.ar\/sitio\/wp-json\/wp\/v2\/tags?post=112999"}],"curies":[{"name":"wp","href":"https:\/\/api.w.org\/{rel}","templated":true}]}}