{"id":112994,"date":"2022-12-01T17:34:25","date_gmt":"2022-12-01T20:34:25","guid":{"rendered":"https:\/\/eldiariodesanpedro.com.ar\/sitio\/?p=112994"},"modified":"2022-12-01T17:34:26","modified_gmt":"2022-12-01T20:34:26","slug":"este-fin-de-semana-la-fiesta-del-pati-embarcado","status":"publish","type":"post","link":"https:\/\/eldiariodesanpedro.com.ar\/sitio\/este-fin-de-semana-la-fiesta-del-pati-embarcado\/","title":{"rendered":"Este fin de semana la \u00abFiesta del Pat\u00ed Embarcado\u00bb"},"content":{"rendered":"<!-- VideographyWP Plugin Message: Automatic video embedding prevented by plugin options. -->\n\n<p>Esta ma\u00f1ana en la Secretar\u00eda de Turismo y Cultura fueron presentadas las actividades que se desarrollar\u00e1n en nuestra ciudad el pr\u00f3ximo fin de semana en el que se llevar\u00e1 a cabo una nueva edici\u00f3n de la Fiesta del Pat\u00ed en Vuelta de Obligado que lleva adelante la Subcomisi\u00f3n de Agricultores Club y un concierto del Coro Polif\u00f3nico \u201cGuillermo Farabollini\u201d en el marco de los festejos por el 63\u00b0 aniversario desde su primera participaci\u00f3n.<\/p>\n\n\n\n<p>El anuncio de estas actividades se realiz\u00f3 a trav\u00e9s de una conferencia de prensa encabezada por la Secretaria de Turismo y Cultura, Marcela Cu\u00f1er y la participaci\u00f3n del Delegado de Gobernador Castro, \u00c1ngel \u00c1lvarez; el Presidente de la Subcomisi\u00f3n de Pesca del Agricultores Club, Samuel Salado junto a Franco Gorla, integrante de la misma y Mar\u00eda In\u00e9s G\u00fcidi en representaci\u00f3n del Coro Polif\u00f3nico \u201cGuillermo Farabollini\u201d.<\/p>\n\n\n\n<p>Fiesta del Pat\u00ed en Vuelta de Obligado<\/p>\n\n\n\n<p>Se desarrollar\u00e1 el s\u00e1bado 3 de diciembre desde las 8.00 hs. en Vuelta de Obligado y finalizar\u00e1 a las 14.00 hs. La inscripci\u00f3n se puede realizar a trav\u00e9s de los tel\u00e9fonos 3329-338871 (Samuel) y 3329-543754 (Franco). Durante la noche, en el Club Agricultores, se realizar\u00e1 la cena de premiaci\u00f3n que contar\u00e1 con show musical, a la que pueden asistir adquiriendo una tarjeta a trav\u00e9s de los tel\u00e9fonos mencionados.<\/p>\n\n\n\n<p>Concierto 63\u00b0 Aniversario del Coro Polif\u00f3nico \u201cGuillermo Farabollini\u201d<\/p>\n\n\n\n<p>Se llevar\u00e1 a cabo el s\u00e1bado 3 de diciembre desde las 21.00 hs. en el Centro de Comercio, Industria y Turismo de San Pedro, ubicado en Mitre 650, con entrada libre y gratuita. Durante el encuentro, se presentar\u00e1n el Coro Guillermo Farabollini con la direcci\u00f3n de Jorgelina Almeida, el Coro Ramallo con la direcci\u00f3n de Juli\u00e1n Sisterna y el Coro Errekatarrak de San Nicol\u00e1s con la direcci\u00f3n de Jorge Menna.<\/p>\n\n\n\n<figure class=\"wp-block-image size-full\"><img decoding=\"async\" width=\"630\" height=\"630\" data-attachment-id=\"112997\" data-permalink=\"https:\/\/eldiariodesanpedro.com.ar\/sitio\/este-fin-de-semana-la-fiesta-del-pati-embarcado\/whatsapp-image-2022-12-01-at-13-24-35\/\" data-orig-file=\"https:\/\/eldiariodesanpedro.com.ar\/sitio\/wp-content\/uploads\/2022\/12\/WhatsApp-Image-2022-12-01-at-13.24.35.jpeg\" data-orig-size=\"630,630\" data-comments-opened=\"0\" data-image-meta=\"{&quot;aperture&quot;:&quot;0&quot;,&quot;credit&quot;:&quot;&quot;,&quot;camera&quot;:&quot;&quot;,&quot;caption&quot;:&quot;&quot;,&quot;created_timestamp&quot;:&quot;0&quot;,&quot;copyright&quot;:&quot;&quot;,&quot;focal_length&quot;:&quot;0&quot;,&quot;iso&quot;:&quot;0&quot;,&quot;shutter_speed&quot;:&quot;0&quot;,&quot;title&quot;:&quot;&quot;,&quot;orientation&quot;:&quot;0&quot;}\" data-image-title=\"WhatsApp Image 2022-12-01 at 13.24.35\" data-image-description=\"\" data-image-caption=\"\" data-large-file=\"https:\/\/eldiariodesanpedro.com.ar\/sitio\/wp-content\/uploads\/2022\/12\/WhatsApp-Image-2022-12-01-at-13.24.35.jpeg\" data-src=\"https:\/\/eldiariodesanpedro.com.ar\/sitio\/wp-content\/uploads\/2022\/12\/WhatsApp-Image-2022-12-01-at-13.24.35.jpeg\" alt=\"\" class=\"wp-image-112997 lazyload\" data-srcset=\"https:\/\/eldiariodesanpedro.com.ar\/sitio\/wp-content\/uploads\/2022\/12\/WhatsApp-Image-2022-12-01-at-13.24.35.jpeg 630w, https:\/\/eldiariodesanpedro.com.ar\/sitio\/wp-content\/uploads\/2022\/12\/WhatsApp-Image-2022-12-01-at-13.24.35-300x300.jpeg 300w, https:\/\/eldiariodesanpedro.com.ar\/sitio\/wp-content\/uploads\/2022\/12\/WhatsApp-Image-2022-12-01-at-13.24.35-150x150.jpeg 150w\" data-sizes=\"(max-width: 630px) 100vw, 630px\" src=\"data:image\/svg+xml;base64,PHN2ZyB3aWR0aD0iMSIgaGVpZ2h0PSIxIiB4bWxucz0iaHR0cDovL3d3dy53My5vcmcvMjAwMC9zdmciPjwvc3ZnPg==\" style=\"--smush-placeholder-width: 630px; --smush-placeholder-aspect-ratio: 630\/630;\" \/><\/figure>\n\n\n\n<figure class=\"wp-block-image size-full\"><img decoding=\"async\" width=\"447\" height=\"630\" data-attachment-id=\"112996\" data-permalink=\"https:\/\/eldiariodesanpedro.com.ar\/sitio\/este-fin-de-semana-la-fiesta-del-pati-embarcado\/whatsapp-image-2022-12-01-at-13-24-35-1\/\" data-orig-file=\"https:\/\/eldiariodesanpedro.com.ar\/sitio\/wp-content\/uploads\/2022\/12\/WhatsApp-Image-2022-12-01-at-13.24.35-1.jpeg\" data-orig-size=\"447,630\" data-comments-opened=\"0\" data-image-meta=\"{&quot;aperture&quot;:&quot;0&quot;,&quot;credit&quot;:&quot;&quot;,&quot;camera&quot;:&quot;&quot;,&quot;caption&quot;:&quot;&quot;,&quot;created_timestamp&quot;:&quot;0&quot;,&quot;copyright&quot;:&quot;&quot;,&quot;focal_length&quot;:&quot;0&quot;,&quot;iso&quot;:&quot;0&quot;,&quot;shutter_speed&quot;:&quot;0&quot;,&quot;title&quot;:&quot;&quot;,&quot;orientation&quot;:&quot;0&quot;}\" data-image-title=\"WhatsApp Image 2022-12-01 at 13.24.35 (1)\" data-image-description=\"\" data-image-caption=\"\" data-large-file=\"https:\/\/eldiariodesanpedro.com.ar\/sitio\/wp-content\/uploads\/2022\/12\/WhatsApp-Image-2022-12-01-at-13.24.35-1.jpeg\" data-src=\"https:\/\/eldiariodesanpedro.com.ar\/sitio\/wp-content\/uploads\/2022\/12\/WhatsApp-Image-2022-12-01-at-13.24.35-1.jpeg\" alt=\"\" class=\"wp-image-112996 lazyload\" data-srcset=\"https:\/\/eldiariodesanpedro.com.ar\/sitio\/wp-content\/uploads\/2022\/12\/WhatsApp-Image-2022-12-01-at-13.24.35-1.jpeg 447w, https:\/\/eldiariodesanpedro.com.ar\/sitio\/wp-content\/uploads\/2022\/12\/WhatsApp-Image-2022-12-01-at-13.24.35-1-213x300.jpeg 213w\" data-sizes=\"(max-width: 447px) 100vw, 447px\" src=\"data:image\/svg+xml;base64,PHN2ZyB3aWR0aD0iMSIgaGVpZ2h0PSIxIiB4bWxucz0iaHR0cDovL3d3dy53My5vcmcvMjAwMC9zdmciPjwvc3ZnPg==\" style=\"--smush-placeholder-width: 447px; --smush-placeholder-aspect-ratio: 447\/630;\" \/><\/figure>\n","protected":false},"excerpt":{"rendered":"<p>Esta ma\u00f1ana en la Secretar\u00eda de Turismo y Cultura fueron presentadas las actividades que se desarrollar\u00e1n en nuestra ciudad el pr\u00f3ximo fin de semana en el que se llevar\u00e1 a cabo una nueva edici\u00f3n de la Fiesta del Pat\u00ed en Vuelta de Obligado que lleva adelante la Subcomisi\u00f3n de Agricultores Club y un concierto del [&hellip;]<\/p>\n","protected":false},"author":4,"featured_media":112995,"comment_status":"closed","ping_status":"closed","sticky":false,"template":"","format":"standard","meta":{"om_disable_all_campaigns":false,"_jetpack_memberships_contains_paid_content":false,"footnotes":""},"categories":[50,101,2],"tags":[197,696,33,19],"class_list":["post-112994","post","type-post","status-publish","format-standard","has-post-thumbnail","hentry","category-destacadas","category-interes-general-locales","category-locales","tag-buenos-aires","tag-interes-general","tag-locales","tag-san-pedro"],"aioseo_notices":[],"gutentor_comment":0,"jetpack_featured_media_url":"https:\/\/eldiariodesanpedro.com.ar\/sitio\/wp-content\/uploads\/2022\/12\/WhatsApp-Image-2022-12-01-at-13.24.34.jpeg","jetpack_shortlink":"https:\/\/wp.me\/p6RhLt-tou","jetpack_sharing_enabled":true,"_links":{"self":[{"href":"https:\/\/eldiariodesanpedro.com.ar\/sitio\/wp-json\/wp\/v2\/posts\/112994","targetHints":{"allow":["GET"]}}],"collection":[{"href":"https:\/\/eldiariodesanpedro.com.ar\/sitio\/wp-json\/wp\/v2\/posts"}],"about":[{"href":"https:\/\/eldiariodesanpedro.com.ar\/sitio\/wp-json\/wp\/v2\/types\/post"}],"author":[{"embeddable":true,"href":"https:\/\/eldiariodesanpedro.com.ar\/sitio\/wp-json\/wp\/v2\/users\/4"}],"replies":[{"embeddable":true,"href":"https:\/\/eldiariodesanpedro.com.ar\/sitio\/wp-json\/wp\/v2\/comments?post=112994"}],"version-history":[{"count":1,"href":"https:\/\/eldiariodesanpedro.com.ar\/sitio\/wp-json\/wp\/v2\/posts\/112994\/revisions"}],"predecessor-version":[{"id":112998,"href":"https:\/\/eldiariodesanpedro.com.ar\/sitio\/wp-json\/wp\/v2\/posts\/112994\/revisions\/112998"}],"wp:featuredmedia":[{"embeddable":true,"href":"https:\/\/eldiariodesanpedro.com.ar\/sitio\/wp-json\/wp\/v2\/media\/112995"}],"wp:attachment":[{"href":"https:\/\/eldiariodesanpedro.com.ar\/sitio\/wp-json\/wp\/v2\/media?parent=112994"}],"wp:term":[{"taxonomy":"category","embeddable":true,"href":"https:\/\/eldiariodesanpedro.com.ar\/sitio\/wp-json\/wp\/v2\/categories?post=112994"},{"taxonomy":"post_tag","embeddable":true,"href":"https:\/\/eldiariodesanpedro.com.ar\/sitio\/wp-json\/wp\/v2\/tags?post=112994"}],"curies":[{"name":"wp","href":"https:\/\/api.w.org\/{rel}","templated":true}]}}