{"id":112987,"date":"2022-12-01T10:25:30","date_gmt":"2022-12-01T13:25:30","guid":{"rendered":"https:\/\/eldiariodesanpedro.com.ar\/sitio\/?p=112987"},"modified":"2022-12-01T10:25:31","modified_gmt":"2022-12-01T13:25:31","slug":"ampliacion-de-la-jornada-escolar-en-la-escuela-primaria-n-16","status":"publish","type":"post","link":"https:\/\/eldiariodesanpedro.com.ar\/sitio\/ampliacion-de-la-jornada-escolar-en-la-escuela-primaria-n-16\/","title":{"rendered":"Ampliaci\u00f3n de la jornada escolar en la Escuela Primaria N\u00b0 16"},"content":{"rendered":"<!-- VideographyWP Plugin Message: Automatic video embedding prevented by plugin options. -->\n\n<p>Este mi\u00e9rcoles se llev\u00f3 a cabo la entrega formal de la resoluci\u00f3n que ampl\u00eda, a partir del lunes 5 de diciembre, la jornada escolar de la Escuela de Educaci\u00f3n Primaria N\u00b0 16 a jornada completa de 8 horas. Durante el acto, la Directora del establecimiento, Prof. Mariana Cabrera recibi\u00f3 el acta que habilita la creaci\u00f3n de la jornada completa y los cargos de creaci\u00f3n para la misma.<\/p>\n\n\n\n<p>Se desarrollar\u00e1 adem\u00e1s un relevamiento en otras instituciones de nivel primario para extender la jornada con la quinta hora o con jornada completa.<\/p>\n\n\n\n<p>Participaron del encuentro el Secretario Coordinador del Consejo Provincial de Educaci\u00f3n y Trabajo, Prof. Alan Ocampo; la Jefa Distrital de Educaci\u00f3n, Lic. Marcela Lucchesi; la Secretaria de Asuntos Docentes, Prof. M\u00f3nica Osca; la Inspectora de Educaci\u00f3n Primaria, Prof. Paola Eredia y parte del cuerpo del Consejo Escolar.<\/p>\n\n\n\n<figure class=\"wp-block-image size-full\"><img decoding=\"async\" width=\"840\" height=\"630\" data-attachment-id=\"112988\" data-permalink=\"https:\/\/eldiariodesanpedro.com.ar\/sitio\/ampliacion-de-la-jornada-escolar-en-la-escuela-primaria-n-16\/whatsapp-image-2022-12-01-at-09-33-56-1\/\" data-orig-file=\"https:\/\/eldiariodesanpedro.com.ar\/sitio\/wp-content\/uploads\/2022\/12\/WhatsApp-Image-2022-12-01-at-09.33.56-1.jpeg\" data-orig-size=\"840,630\" data-comments-opened=\"0\" data-image-meta=\"{&quot;aperture&quot;:&quot;0&quot;,&quot;credit&quot;:&quot;&quot;,&quot;camera&quot;:&quot;&quot;,&quot;caption&quot;:&quot;&quot;,&quot;created_timestamp&quot;:&quot;0&quot;,&quot;copyright&quot;:&quot;&quot;,&quot;focal_length&quot;:&quot;0&quot;,&quot;iso&quot;:&quot;0&quot;,&quot;shutter_speed&quot;:&quot;0&quot;,&quot;title&quot;:&quot;&quot;,&quot;orientation&quot;:&quot;0&quot;}\" data-image-title=\"WhatsApp Image 2022-12-01 at 09.33.56 (1)\" data-image-description=\"\" data-image-caption=\"\" data-large-file=\"https:\/\/eldiariodesanpedro.com.ar\/sitio\/wp-content\/uploads\/2022\/12\/WhatsApp-Image-2022-12-01-at-09.33.56-1.jpeg\" data-src=\"https:\/\/eldiariodesanpedro.com.ar\/sitio\/wp-content\/uploads\/2022\/12\/WhatsApp-Image-2022-12-01-at-09.33.56-1.jpeg\" alt=\"\" class=\"wp-image-112988 lazyload\" data-srcset=\"https:\/\/eldiariodesanpedro.com.ar\/sitio\/wp-content\/uploads\/2022\/12\/WhatsApp-Image-2022-12-01-at-09.33.56-1.jpeg 840w, https:\/\/eldiariodesanpedro.com.ar\/sitio\/wp-content\/uploads\/2022\/12\/WhatsApp-Image-2022-12-01-at-09.33.56-1-300x225.jpeg 300w, https:\/\/eldiariodesanpedro.com.ar\/sitio\/wp-content\/uploads\/2022\/12\/WhatsApp-Image-2022-12-01-at-09.33.56-1-768x576.jpeg 768w, https:\/\/eldiariodesanpedro.com.ar\/sitio\/wp-content\/uploads\/2022\/12\/WhatsApp-Image-2022-12-01-at-09.33.56-1-272x204.jpeg 272w\" data-sizes=\"(max-width: 840px) 100vw, 840px\" src=\"data:image\/svg+xml;base64,PHN2ZyB3aWR0aD0iMSIgaGVpZ2h0PSIxIiB4bWxucz0iaHR0cDovL3d3dy53My5vcmcvMjAwMC9zdmciPjwvc3ZnPg==\" style=\"--smush-placeholder-width: 840px; --smush-placeholder-aspect-ratio: 840\/630;\" \/><\/figure>\n","protected":false},"excerpt":{"rendered":"<p>Este mi\u00e9rcoles se llev\u00f3 a cabo la entrega formal de la resoluci\u00f3n que ampl\u00eda, a partir del lunes 5 de diciembre, la jornada escolar de la Escuela de Educaci\u00f3n Primaria N\u00b0 16 a jornada completa de 8 horas. Durante el acto, la Directora del establecimiento, Prof. Mariana Cabrera recibi\u00f3 el acta que habilita la creaci\u00f3n [&hellip;]<\/p>\n","protected":false},"author":4,"featured_media":112989,"comment_status":"closed","ping_status":"closed","sticky":false,"template":"","format":"standard","meta":{"om_disable_all_campaigns":false,"_jetpack_memberships_contains_paid_content":false,"footnotes":""},"categories":[50,101,2],"tags":[197,696,33,19],"class_list":["post-112987","post","type-post","status-publish","format-standard","has-post-thumbnail","hentry","category-destacadas","category-interes-general-locales","category-locales","tag-buenos-aires","tag-interes-general","tag-locales","tag-san-pedro"],"aioseo_notices":[],"gutentor_comment":0,"jetpack_featured_media_url":"https:\/\/eldiariodesanpedro.com.ar\/sitio\/wp-content\/uploads\/2022\/12\/WhatsApp-Image-2022-12-01-at-09.33.56.jpeg","jetpack_shortlink":"https:\/\/wp.me\/p6RhLt-ton","jetpack_sharing_enabled":true,"_links":{"self":[{"href":"https:\/\/eldiariodesanpedro.com.ar\/sitio\/wp-json\/wp\/v2\/posts\/112987","targetHints":{"allow":["GET"]}}],"collection":[{"href":"https:\/\/eldiariodesanpedro.com.ar\/sitio\/wp-json\/wp\/v2\/posts"}],"about":[{"href":"https:\/\/eldiariodesanpedro.com.ar\/sitio\/wp-json\/wp\/v2\/types\/post"}],"author":[{"embeddable":true,"href":"https:\/\/eldiariodesanpedro.com.ar\/sitio\/wp-json\/wp\/v2\/users\/4"}],"replies":[{"embeddable":true,"href":"https:\/\/eldiariodesanpedro.com.ar\/sitio\/wp-json\/wp\/v2\/comments?post=112987"}],"version-history":[{"count":1,"href":"https:\/\/eldiariodesanpedro.com.ar\/sitio\/wp-json\/wp\/v2\/posts\/112987\/revisions"}],"predecessor-version":[{"id":112990,"href":"https:\/\/eldiariodesanpedro.com.ar\/sitio\/wp-json\/wp\/v2\/posts\/112987\/revisions\/112990"}],"wp:featuredmedia":[{"embeddable":true,"href":"https:\/\/eldiariodesanpedro.com.ar\/sitio\/wp-json\/wp\/v2\/media\/112989"}],"wp:attachment":[{"href":"https:\/\/eldiariodesanpedro.com.ar\/sitio\/wp-json\/wp\/v2\/media?parent=112987"}],"wp:term":[{"taxonomy":"category","embeddable":true,"href":"https:\/\/eldiariodesanpedro.com.ar\/sitio\/wp-json\/wp\/v2\/categories?post=112987"},{"taxonomy":"post_tag","embeddable":true,"href":"https:\/\/eldiariodesanpedro.com.ar\/sitio\/wp-json\/wp\/v2\/tags?post=112987"}],"curies":[{"name":"wp","href":"https:\/\/api.w.org\/{rel}","templated":true}]}}