{"id":112947,"date":"2022-11-30T10:16:29","date_gmt":"2022-11-30T13:16:29","guid":{"rendered":"https:\/\/eldiariodesanpedro.com.ar\/sitio\/?p=112947"},"modified":"2022-11-30T10:16:29","modified_gmt":"2022-11-30T13:16:29","slug":"automovilismo-marelli-y-solmi-ganaron-y-se-consagraron-campeones","status":"publish","type":"post","link":"https:\/\/eldiariodesanpedro.com.ar\/sitio\/automovilismo-marelli-y-solmi-ganaron-y-se-consagraron-campeones\/","title":{"rendered":"Automovilismo: Marelli y Solmi ganaron y se consagraron campeones"},"content":{"rendered":"<!-- VideographyWP Plugin Message: Automatic video embedding prevented by plugin options. -->\n\n<p>Los pilotos sampedrinos tuvieron un fin de semana estupendo y lograron subirse al primer lugar del podio en la \u00faltima fecha del campeonato.<\/p>\n\n\n\n<p>El circuito \u00abEmilio Reybet\u00bb del Auto Moto Club de Col\u00f3n fue el escenario de la consagraci\u00f3n de Junior Solmi y Pablo Marelli en la \u00faltima fecha del campeonato de automovilismo zonal perteneciente a Fedenor.<\/p>\n\n\n\n<p>Solmi en Monomarca 128 ten\u00eda que ganar todo y as\u00ed lo hizo, llegaba al cierre del certamen peleando el campeonato con el arrecife\u00f1o Sbuttoni pero los triunfos en la previa y la mism\u00edsima final le dieron lugar a la consagraci\u00f3n.<\/p>\n\n\n\n<p>Tambi\u00e9n sobresalieron Jorge Hepp, que se clasific\u00f3 4to., y Aquiles Barbera\/ Federico Parra que se ubicaron 5tos.<\/p>\n\n\n\n<p>En el TC 850 Pablo Marelli vivi\u00f3 su domingo de gloria al ganarle el mano a mano al otro sampedrino Ezequiel Iglesias y coronarse como el mejor del a\u00f1o.<\/p>\n\n\n\n<p>Marelli tuvo un final de campeonato brillante que le permiti\u00f3 sumar la mayor cantidad de puntos para quedarse con el campeonato.<\/p>\n\n\n\n<p>En la misma final Maximiliano M\u00e1ez fue 8vo., y Ezequiel Iglesias termin\u00f3 11ro.<\/p>\n","protected":false},"excerpt":{"rendered":"<p>Los pilotos sampedrinos tuvieron un fin de semana estupendo y lograron subirse al primer lugar del podio en la \u00faltima fecha del campeonato. El circuito \u00abEmilio Reybet\u00bb del Auto Moto Club de Col\u00f3n fue el escenario de la consagraci\u00f3n de Junior Solmi y Pablo Marelli en la \u00faltima fecha del campeonato de automovilismo zonal perteneciente [&hellip;]<\/p>\n","protected":false},"author":4,"featured_media":112948,"comment_status":"closed","ping_status":"closed","sticky":false,"template":"","format":"standard","meta":{"om_disable_all_campaigns":false,"_jetpack_memberships_contains_paid_content":false,"footnotes":""},"categories":[101,2],"tags":[197,696,33,19],"class_list":["post-112947","post","type-post","status-publish","format-standard","has-post-thumbnail","hentry","category-interes-general-locales","category-locales","tag-buenos-aires","tag-interes-general","tag-locales","tag-san-pedro"],"aioseo_notices":[],"gutentor_comment":0,"jetpack_featured_media_url":"https:\/\/eldiariodesanpedro.com.ar\/sitio\/wp-content\/uploads\/2022\/11\/0000021438-resized-1920x1080-1.jpg","jetpack_shortlink":"https:\/\/wp.me\/p6RhLt-tnJ","jetpack_sharing_enabled":true,"_links":{"self":[{"href":"https:\/\/eldiariodesanpedro.com.ar\/sitio\/wp-json\/wp\/v2\/posts\/112947","targetHints":{"allow":["GET"]}}],"collection":[{"href":"https:\/\/eldiariodesanpedro.com.ar\/sitio\/wp-json\/wp\/v2\/posts"}],"about":[{"href":"https:\/\/eldiariodesanpedro.com.ar\/sitio\/wp-json\/wp\/v2\/types\/post"}],"author":[{"embeddable":true,"href":"https:\/\/eldiariodesanpedro.com.ar\/sitio\/wp-json\/wp\/v2\/users\/4"}],"replies":[{"embeddable":true,"href":"https:\/\/eldiariodesanpedro.com.ar\/sitio\/wp-json\/wp\/v2\/comments?post=112947"}],"version-history":[{"count":1,"href":"https:\/\/eldiariodesanpedro.com.ar\/sitio\/wp-json\/wp\/v2\/posts\/112947\/revisions"}],"predecessor-version":[{"id":112949,"href":"https:\/\/eldiariodesanpedro.com.ar\/sitio\/wp-json\/wp\/v2\/posts\/112947\/revisions\/112949"}],"wp:featuredmedia":[{"embeddable":true,"href":"https:\/\/eldiariodesanpedro.com.ar\/sitio\/wp-json\/wp\/v2\/media\/112948"}],"wp:attachment":[{"href":"https:\/\/eldiariodesanpedro.com.ar\/sitio\/wp-json\/wp\/v2\/media?parent=112947"}],"wp:term":[{"taxonomy":"category","embeddable":true,"href":"https:\/\/eldiariodesanpedro.com.ar\/sitio\/wp-json\/wp\/v2\/categories?post=112947"},{"taxonomy":"post_tag","embeddable":true,"href":"https:\/\/eldiariodesanpedro.com.ar\/sitio\/wp-json\/wp\/v2\/tags?post=112947"}],"curies":[{"name":"wp","href":"https:\/\/api.w.org\/{rel}","templated":true}]}}