{"id":112944,"date":"2022-11-30T10:01:54","date_gmt":"2022-11-30T13:01:54","guid":{"rendered":"https:\/\/eldiariodesanpedro.com.ar\/sitio\/?p=112944"},"modified":"2022-11-30T10:01:55","modified_gmt":"2022-11-30T13:01:55","slug":"fallecio-el-conductor-del-auto-que-choco-en-el-barrio-las-canaletas","status":"publish","type":"post","link":"https:\/\/eldiariodesanpedro.com.ar\/sitio\/fallecio-el-conductor-del-auto-que-choco-en-el-barrio-las-canaletas\/","title":{"rendered":"Falleci\u00f3 el conductor del auto que choc\u00f3 en el barrio Las Canaletas"},"content":{"rendered":"<!-- VideographyWP Plugin Message: Automatic video embedding prevented by plugin options. -->\n\n<p>Nazareno Acosta de 33 a\u00f1os, hab\u00eda sufrido graves lesiones al chocar la semana anterior sobre la calle Juan Ismael Jim\u00e9nez.<\/p>\n\n\n\n<p>Durante la jornada del martes se produjo el deceso de Nazareno Acosta, el conductor de 33 a\u00f1os que choc\u00f3 con su auto sobre la calle Juan Ismael Jim\u00e9nez el pasado 19 de noviembre.<\/p>\n\n\n\n<p>Acosta viajaba en un Fiat Duna junto a Emanuel Oggier de 23 a\u00f1os, quien result\u00f3 ileso, y un tercer ocupante que viajaba en la parte trasera del rodado.<\/p>\n\n\n\n<p>El rodado se dirig\u00eda en direcci\u00f3n al centro de la ciudad y por cuestiones que se desconocen, impact\u00f3 de lleno contra un auto Renault Simbol que se encontraba estacionado y un \u00e1rbol ubicado sobre el lateral del camino.<\/p>\n","protected":false},"excerpt":{"rendered":"<p>Nazareno Acosta de 33 a\u00f1os, hab\u00eda sufrido graves lesiones al chocar la semana anterior sobre la calle Juan Ismael Jim\u00e9nez. Durante la jornada del martes se produjo el deceso de Nazareno Acosta, el conductor de 33 a\u00f1os que choc\u00f3 con su auto sobre la calle Juan Ismael Jim\u00e9nez el pasado 19 de noviembre. Acosta viajaba [&hellip;]<\/p>\n","protected":false},"author":4,"featured_media":112945,"comment_status":"closed","ping_status":"closed","sticky":false,"template":"","format":"standard","meta":{"om_disable_all_campaigns":false,"_jetpack_memberships_contains_paid_content":false,"footnotes":""},"categories":[101,2],"tags":[197,696,33,19],"class_list":["post-112944","post","type-post","status-publish","format-standard","has-post-thumbnail","hentry","category-interes-general-locales","category-locales","tag-buenos-aires","tag-interes-general","tag-locales","tag-san-pedro"],"aioseo_notices":[],"gutentor_comment":0,"jetpack_featured_media_url":"https:\/\/eldiariodesanpedro.com.ar\/sitio\/wp-content\/uploads\/2022\/11\/0000021440-resized-1920x1080-1.jpg","jetpack_shortlink":"https:\/\/wp.me\/p6RhLt-tnG","jetpack_sharing_enabled":true,"_links":{"self":[{"href":"https:\/\/eldiariodesanpedro.com.ar\/sitio\/wp-json\/wp\/v2\/posts\/112944","targetHints":{"allow":["GET"]}}],"collection":[{"href":"https:\/\/eldiariodesanpedro.com.ar\/sitio\/wp-json\/wp\/v2\/posts"}],"about":[{"href":"https:\/\/eldiariodesanpedro.com.ar\/sitio\/wp-json\/wp\/v2\/types\/post"}],"author":[{"embeddable":true,"href":"https:\/\/eldiariodesanpedro.com.ar\/sitio\/wp-json\/wp\/v2\/users\/4"}],"replies":[{"embeddable":true,"href":"https:\/\/eldiariodesanpedro.com.ar\/sitio\/wp-json\/wp\/v2\/comments?post=112944"}],"version-history":[{"count":1,"href":"https:\/\/eldiariodesanpedro.com.ar\/sitio\/wp-json\/wp\/v2\/posts\/112944\/revisions"}],"predecessor-version":[{"id":112946,"href":"https:\/\/eldiariodesanpedro.com.ar\/sitio\/wp-json\/wp\/v2\/posts\/112944\/revisions\/112946"}],"wp:featuredmedia":[{"embeddable":true,"href":"https:\/\/eldiariodesanpedro.com.ar\/sitio\/wp-json\/wp\/v2\/media\/112945"}],"wp:attachment":[{"href":"https:\/\/eldiariodesanpedro.com.ar\/sitio\/wp-json\/wp\/v2\/media?parent=112944"}],"wp:term":[{"taxonomy":"category","embeddable":true,"href":"https:\/\/eldiariodesanpedro.com.ar\/sitio\/wp-json\/wp\/v2\/categories?post=112944"},{"taxonomy":"post_tag","embeddable":true,"href":"https:\/\/eldiariodesanpedro.com.ar\/sitio\/wp-json\/wp\/v2\/tags?post=112944"}],"curies":[{"name":"wp","href":"https:\/\/api.w.org\/{rel}","templated":true}]}}