{"id":112941,"date":"2022-11-29T10:46:00","date_gmt":"2022-11-29T13:46:00","guid":{"rendered":"https:\/\/eldiariodesanpedro.com.ar\/sitio\/?p=112941"},"modified":"2022-11-29T10:46:01","modified_gmt":"2022-11-29T13:46:01","slug":"coopser-informa-que-sus-servicios-se-encuentran-restringidos-por-medida-de-fuerza-de-uocra-en-el-obrador%ef%bf%bc","status":"publish","type":"post","link":"https:\/\/eldiariodesanpedro.com.ar\/sitio\/coopser-informa-que-sus-servicios-se-encuentran-restringidos-por-medida-de-fuerza-de-uocra-en-el-obrador%ef%bf%bc\/","title":{"rendered":"Coopser informa que sus servicios se encuentran restringidos por medida de fuerza de UOCRA en el obrador\ufffc"},"content":{"rendered":"<!-- VideographyWP Plugin Message: Automatic video embedding prevented by plugin options. -->\n\n<p>COOPSER comunica que desde las primeras horas de este martes 29 de noviembre, &nbsp;la atenci\u00f3n de los diferentes servicios que parten desde las instalaciones de R\u00f3mulo Na\u00f3n, podr\u00edan verse afectadas<strong>&nbsp;por el bloqueo que lleva adelante UOCRA.<\/strong><\/p>\n\n\n\n<p>La acci\u00f3n resuelta por el gremio de la construcci\u00f3n, ante medidas tomadas por la Cooperativa, que han sido comunicadas en las \u00faltimas horas, impide la entrada y salida de veh\u00edculos y personal, por lo tanto, solicitamos a los socios y a la comunidad las disculpas del caso, a la espera de un pronto regreso al funcionamiento habitual<\/p>\n","protected":false},"excerpt":{"rendered":"<p>COOPSER comunica que desde las primeras horas de este martes 29 de noviembre, &nbsp;la atenci\u00f3n de los diferentes servicios que parten desde las instalaciones de R\u00f3mulo Na\u00f3n, podr\u00edan verse afectadas&nbsp;por el bloqueo que lleva adelante UOCRA. La acci\u00f3n resuelta por el gremio de la construcci\u00f3n, ante medidas tomadas por la Cooperativa, que han sido comunicadas [&hellip;]<\/p>\n","protected":false},"author":4,"featured_media":68312,"comment_status":"closed","ping_status":"closed","sticky":false,"template":"","format":"standard","meta":{"om_disable_all_campaigns":false,"_jetpack_memberships_contains_paid_content":false,"footnotes":""},"categories":[50,101,2],"tags":[197,696,33,19],"class_list":["post-112941","post","type-post","status-publish","format-standard","has-post-thumbnail","hentry","category-destacadas","category-interes-general-locales","category-locales","tag-buenos-aires","tag-interes-general","tag-locales","tag-san-pedro"],"aioseo_notices":[],"gutentor_comment":0,"jetpack_featured_media_url":"https:\/\/eldiariodesanpedro.com.ar\/sitio\/wp-content\/uploads\/2020\/02\/coopser1.png","jetpack_shortlink":"https:\/\/wp.me\/p6RhLt-tnD","jetpack_sharing_enabled":true,"_links":{"self":[{"href":"https:\/\/eldiariodesanpedro.com.ar\/sitio\/wp-json\/wp\/v2\/posts\/112941","targetHints":{"allow":["GET"]}}],"collection":[{"href":"https:\/\/eldiariodesanpedro.com.ar\/sitio\/wp-json\/wp\/v2\/posts"}],"about":[{"href":"https:\/\/eldiariodesanpedro.com.ar\/sitio\/wp-json\/wp\/v2\/types\/post"}],"author":[{"embeddable":true,"href":"https:\/\/eldiariodesanpedro.com.ar\/sitio\/wp-json\/wp\/v2\/users\/4"}],"replies":[{"embeddable":true,"href":"https:\/\/eldiariodesanpedro.com.ar\/sitio\/wp-json\/wp\/v2\/comments?post=112941"}],"version-history":[{"count":2,"href":"https:\/\/eldiariodesanpedro.com.ar\/sitio\/wp-json\/wp\/v2\/posts\/112941\/revisions"}],"predecessor-version":[{"id":112943,"href":"https:\/\/eldiariodesanpedro.com.ar\/sitio\/wp-json\/wp\/v2\/posts\/112941\/revisions\/112943"}],"wp:featuredmedia":[{"embeddable":true,"href":"https:\/\/eldiariodesanpedro.com.ar\/sitio\/wp-json\/wp\/v2\/media\/68312"}],"wp:attachment":[{"href":"https:\/\/eldiariodesanpedro.com.ar\/sitio\/wp-json\/wp\/v2\/media?parent=112941"}],"wp:term":[{"taxonomy":"category","embeddable":true,"href":"https:\/\/eldiariodesanpedro.com.ar\/sitio\/wp-json\/wp\/v2\/categories?post=112941"},{"taxonomy":"post_tag","embeddable":true,"href":"https:\/\/eldiariodesanpedro.com.ar\/sitio\/wp-json\/wp\/v2\/tags?post=112941"}],"curies":[{"name":"wp","href":"https:\/\/api.w.org\/{rel}","templated":true}]}}