{"id":112938,"date":"2022-11-29T10:38:05","date_gmt":"2022-11-29T13:38:05","guid":{"rendered":"https:\/\/eldiariodesanpedro.com.ar\/sitio\/?p=112938"},"modified":"2022-11-29T10:38:06","modified_gmt":"2022-11-29T13:38:06","slug":"protesta-de-uocra-en-el-obrador-de-coopser-tras-el-despido-de-trabajadores%ef%bf%bc","status":"publish","type":"post","link":"https:\/\/eldiariodesanpedro.com.ar\/sitio\/protesta-de-uocra-en-el-obrador-de-coopser-tras-el-despido-de-trabajadores%ef%bf%bc\/","title":{"rendered":"Protesta de UOCRA en el Obrador de Coopser tras el despido de trabajadores\ufffc"},"content":{"rendered":"<!-- VideographyWP Plugin Message: Automatic video embedding prevented by plugin options. -->\n\n<p>Este martes, el sindicato que conduce localmente Horacio Azzoni cumple con una jornada de protesta en el Obrador de la Coopser en R\u00f3mulo Na\u00f3n tras el despido de ocho trabajadores por parte del Consejo de Administraci\u00f3n. Desde la entidad indicaron que hay \u00abservicios restringidos\u00bb debido a la imposibilidad de ingreso de personal y veh\u00edculos.\u00a0<\/p>\n\n\n\n<p>Trabajadores de UOCRA realizan este martes desde las primeras horas del d\u00eda una protesta en el obrador que la Coopser posee en R\u00f3mulo Na\u00f3n, impidiendo el ingreso y egreso de trabajadores\/as y veh\u00edculos, tras el despido de personal de obra por parte del Consejo de Administraci\u00f3n.<\/p>\n\n\n\n<p>La medida de fuerza incluye la quema de neum\u00e1ticos y desde la entidad advirtieron que la misma genera que haya \u00abservicios restringidos\u00bb. Por el momento, no hay detalles de c\u00f3mo continuar\u00e1 la protesta aunque la delegaci\u00f3n local del Ministerio de Trabajo, seg\u00fan pudo conocer<strong>&nbsp;Visi\u00f3n Regional<\/strong>, citar\u00e1 a las partes con el objetivo de destrabar el conflicto.<\/p>\n\n\n\n<p>Semanas atr\u00e1s, UOCRA, junto a UECARA, encabez\u00f3 otra protesta contra la cooperativa aunque en ese momento en las oficinas centrales de la entidad el\u00e9ctrica. Tras ello, el acuerdo alcanzado por las partes en el Ministerio de Trabajo hab\u00eda puesto fin al conflicto que ahora se reanim\u00f3 por una nueva causa.<\/p>\n\n\n\n<p>En ese momento, y en di\u00e1logo con este portal, el titular de la delegaci\u00f3n local de UOCRA, Horacio Azzoni, manifestaba que \u00ablos trabajadores de obras no llegan a cobrar un salario digno, de lo que vale la canasta b\u00e1sica. Son trabajadores de la cooperativa a los que les ha cortado la luz porque no llegan a pagarla\u00bb.<\/p>\n","protected":false},"excerpt":{"rendered":"<p>Este martes, el sindicato que conduce localmente Horacio Azzoni cumple con una jornada de protesta en el Obrador de la Coopser en R\u00f3mulo Na\u00f3n tras el despido de ocho trabajadores por parte del Consejo de Administraci\u00f3n. Desde la entidad indicaron que hay \u00abservicios restringidos\u00bb debido a la imposibilidad de ingreso de personal y veh\u00edculos.\u00a0 Trabajadores [&hellip;]<\/p>\n","protected":false},"author":4,"featured_media":112939,"comment_status":"closed","ping_status":"closed","sticky":false,"template":"","format":"standard","meta":{"om_disable_all_campaigns":false,"_jetpack_memberships_contains_paid_content":false,"footnotes":""},"categories":[50,101,2],"tags":[197,696,33,19],"class_list":["post-112938","post","type-post","status-publish","format-standard","has-post-thumbnail","hentry","category-destacadas","category-interes-general-locales","category-locales","tag-buenos-aires","tag-interes-general","tag-locales","tag-san-pedro"],"aioseo_notices":[],"gutentor_comment":0,"jetpack_featured_media_url":"https:\/\/eldiariodesanpedro.com.ar\/sitio\/wp-content\/uploads\/2022\/11\/WhatsApp-Image-2022-11-29-at-08.31.20.jpeg","jetpack_shortlink":"https:\/\/wp.me\/p6RhLt-tnA","jetpack_sharing_enabled":true,"_links":{"self":[{"href":"https:\/\/eldiariodesanpedro.com.ar\/sitio\/wp-json\/wp\/v2\/posts\/112938","targetHints":{"allow":["GET"]}}],"collection":[{"href":"https:\/\/eldiariodesanpedro.com.ar\/sitio\/wp-json\/wp\/v2\/posts"}],"about":[{"href":"https:\/\/eldiariodesanpedro.com.ar\/sitio\/wp-json\/wp\/v2\/types\/post"}],"author":[{"embeddable":true,"href":"https:\/\/eldiariodesanpedro.com.ar\/sitio\/wp-json\/wp\/v2\/users\/4"}],"replies":[{"embeddable":true,"href":"https:\/\/eldiariodesanpedro.com.ar\/sitio\/wp-json\/wp\/v2\/comments?post=112938"}],"version-history":[{"count":1,"href":"https:\/\/eldiariodesanpedro.com.ar\/sitio\/wp-json\/wp\/v2\/posts\/112938\/revisions"}],"predecessor-version":[{"id":112940,"href":"https:\/\/eldiariodesanpedro.com.ar\/sitio\/wp-json\/wp\/v2\/posts\/112938\/revisions\/112940"}],"wp:featuredmedia":[{"embeddable":true,"href":"https:\/\/eldiariodesanpedro.com.ar\/sitio\/wp-json\/wp\/v2\/media\/112939"}],"wp:attachment":[{"href":"https:\/\/eldiariodesanpedro.com.ar\/sitio\/wp-json\/wp\/v2\/media?parent=112938"}],"wp:term":[{"taxonomy":"category","embeddable":true,"href":"https:\/\/eldiariodesanpedro.com.ar\/sitio\/wp-json\/wp\/v2\/categories?post=112938"},{"taxonomy":"post_tag","embeddable":true,"href":"https:\/\/eldiariodesanpedro.com.ar\/sitio\/wp-json\/wp\/v2\/tags?post=112938"}],"curies":[{"name":"wp","href":"https:\/\/api.w.org\/{rel}","templated":true}]}}