{"id":112936,"date":"2022-11-29T10:29:56","date_gmt":"2022-11-29T13:29:56","guid":{"rendered":"https:\/\/eldiariodesanpedro.com.ar\/sitio\/?p=112936"},"modified":"2022-11-29T10:29:57","modified_gmt":"2022-11-29T13:29:57","slug":"entre-la-politica-y-la-irrealidad","status":"publish","type":"post","link":"https:\/\/eldiariodesanpedro.com.ar\/sitio\/entre-la-politica-y-la-irrealidad\/","title":{"rendered":"Entre la pol\u00edtica y la irrealidad"},"content":{"rendered":"<!-- VideographyWP Plugin Message: Automatic video embedding prevented by plugin options. -->\n\n<p>Han pasado pocos d\u00edas desde que un preciso informe del INTA describi\u00f3 una de las crisis m\u00e1s graves que haya enfrentado la producci\u00f3n de la regi\u00f3n en los \u00faltimos a\u00f1os. La descripci\u00f3n de la situaci\u00f3n productiva del Partido de San Pedro que analizamos en la Comisi\u00f3n de Emergencia dej\u00f3 en evidencia la cat\u00e1strofe ante las p\u00e9rdidas en trigo, arvejas y cebada entre otros.<\/p>\n\n\n\n<p>La emergencia clim\u00e1tica est\u00e1 teniendo efecto tambi\u00e9n en las dificultades para sembrar ma\u00edz y en la p\u00e9rdida de la poca soja implantada.<\/p>\n\n\n\n<p>Y hay m\u00e1s; la implantaci\u00f3n de batatas en serio riesgo, la fruticultura y en especial la citricultura seriamente comprometida, la ganader\u00eda pastoril que cada d\u00eda de calor insoportable agrava su supervivencia y un conjunto de variables que invitan a bajar los brazos.<\/p>\n\n\n\n<p>Ante este panorama, \u00bfes posible que la \u00fanica respuesta de la clase pol\u00edtica sea aumentar presupuestos, salarios y tasas?<\/p>\n\n\n\n<p>Lamentablemente siguen desafiando a la mansedumbre de un pueblo que los observa caminando por un hilo de coser con consecuencias imprevisibles, pero seguramente lamentables.<\/p>\n","protected":false},"excerpt":{"rendered":"<p>Han pasado pocos d\u00edas desde que un preciso informe del INTA describi\u00f3 una de las crisis m\u00e1s graves que haya enfrentado la producci\u00f3n de la regi\u00f3n en los \u00faltimos a\u00f1os. La descripci\u00f3n de la situaci\u00f3n productiva del Partido de San Pedro que analizamos en la Comisi\u00f3n de Emergencia dej\u00f3 en evidencia la cat\u00e1strofe ante las [&hellip;]<\/p>\n","protected":false},"author":4,"featured_media":81464,"comment_status":"closed","ping_status":"closed","sticky":false,"template":"","format":"standard","meta":{"om_disable_all_campaigns":false,"_jetpack_memberships_contains_paid_content":false,"footnotes":""},"categories":[101,2],"tags":[197,696,33,19],"class_list":["post-112936","post","type-post","status-publish","format-standard","has-post-thumbnail","hentry","category-interes-general-locales","category-locales","tag-buenos-aires","tag-interes-general","tag-locales","tag-san-pedro"],"aioseo_notices":[],"gutentor_comment":0,"jetpack_featured_media_url":"https:\/\/eldiariodesanpedro.com.ar\/sitio\/wp-content\/uploads\/2020\/09\/unnamed-4.jpg","jetpack_shortlink":"https:\/\/wp.me\/p6RhLt-tny","jetpack_sharing_enabled":true,"_links":{"self":[{"href":"https:\/\/eldiariodesanpedro.com.ar\/sitio\/wp-json\/wp\/v2\/posts\/112936","targetHints":{"allow":["GET"]}}],"collection":[{"href":"https:\/\/eldiariodesanpedro.com.ar\/sitio\/wp-json\/wp\/v2\/posts"}],"about":[{"href":"https:\/\/eldiariodesanpedro.com.ar\/sitio\/wp-json\/wp\/v2\/types\/post"}],"author":[{"embeddable":true,"href":"https:\/\/eldiariodesanpedro.com.ar\/sitio\/wp-json\/wp\/v2\/users\/4"}],"replies":[{"embeddable":true,"href":"https:\/\/eldiariodesanpedro.com.ar\/sitio\/wp-json\/wp\/v2\/comments?post=112936"}],"version-history":[{"count":1,"href":"https:\/\/eldiariodesanpedro.com.ar\/sitio\/wp-json\/wp\/v2\/posts\/112936\/revisions"}],"predecessor-version":[{"id":112937,"href":"https:\/\/eldiariodesanpedro.com.ar\/sitio\/wp-json\/wp\/v2\/posts\/112936\/revisions\/112937"}],"wp:featuredmedia":[{"embeddable":true,"href":"https:\/\/eldiariodesanpedro.com.ar\/sitio\/wp-json\/wp\/v2\/media\/81464"}],"wp:attachment":[{"href":"https:\/\/eldiariodesanpedro.com.ar\/sitio\/wp-json\/wp\/v2\/media?parent=112936"}],"wp:term":[{"taxonomy":"category","embeddable":true,"href":"https:\/\/eldiariodesanpedro.com.ar\/sitio\/wp-json\/wp\/v2\/categories?post=112936"},{"taxonomy":"post_tag","embeddable":true,"href":"https:\/\/eldiariodesanpedro.com.ar\/sitio\/wp-json\/wp\/v2\/tags?post=112936"}],"curies":[{"name":"wp","href":"https:\/\/api.w.org\/{rel}","templated":true}]}}