{"id":112907,"date":"2022-11-28T11:35:54","date_gmt":"2022-11-28T14:35:54","guid":{"rendered":"https:\/\/eldiariodesanpedro.com.ar\/sitio\/?p=112907"},"modified":"2022-11-28T11:35:55","modified_gmt":"2022-11-28T14:35:55","slug":"edicto-de-leon-esteban-c-firpo-y-costa-o-firpo-angela-teresa-y-otros-s-prescripcion-adquisitiva-larga","status":"publish","type":"post","link":"https:\/\/eldiariodesanpedro.com.ar\/sitio\/edicto-de-leon-esteban-c-firpo-y-costa-o-firpo-angela-teresa-y-otros-s-prescripcion-adquisitiva-larga\/","title":{"rendered":"Edicto de Le\u00f3n Esteban c\/ Firpo y Costa o Firpo Angela Teresa y Otros s\/ Prescripci\u00f3n Adquisitiva Larga"},"content":{"rendered":"<!-- VideographyWP Plugin Message: Automatic video embedding prevented by plugin options. -->\n\n<p>El Juzgado de Paz Letrado de Baradero, Secretar\u00eda Unica, Dpto. Judicial de San Nicol\u00e1s, en autos: \u201dLe\u00f3n Esteban c\/ Firpo y Costa o Firpo Angela Teresa y Otros s\/ Prescripci\u00f3n Adquisitiva Larga\u201d (Exp. 41509-21) cita y emplaza al\/os demandado\/s y\/o su\/s heredero\/s y\/o a quien\/es se considere\/n con derechos sobre el inmueble sito con frente a calle Ar\u00e1oz n\u00ba 1017 de la ciudad de Baradero, cuya Nomenclatura catastral de origen es: Circ. 1, Sec. A, Manz. 24; Parc. 6c, partida inmobiliaria n\u00ba 009-016676-0 (seg\u00fan plano de posesi\u00f3n n\u00ba 9-17-2006 se designan catastralmente como Circ. 1, Sec. A, Manz. 24, Parc. 6d), para que dentro del plazo de diez d\u00edas comparezcan a estar a derecho y contestar demanda, bajo apercibimiento de designarse un Defensor Oficial de Ausentes que lo\/s represente.-<\/p>\n\n\n\n<p>Baradero, 24 de noviembre de 2022.-<\/p>\n\n\n\n<p>ESTEBAN OMAR PERUSINA <br>ABOGADO SECRETARIO<\/p>\n\n\n\n<p>(Publicaci\u00f3n V\u00e1lida por los d\u00edas 28 y 29 de noviembre de 2022)<br><a href=\"https:\/\/notificaciones.scba.gov.ar\/verificarnotificacion.aspx?codNotif=6fa6u5\">https:\/\/notificaciones.scba.gov.ar\/verificarnotificacion.aspx?codNotif=6fa6u5<\/a>\u00a0<\/p>\n","protected":false},"excerpt":{"rendered":"<p>El Juzgado de Paz Letrado de Baradero, Secretar\u00eda Unica, Dpto. Judicial de San Nicol\u00e1s, en autos: \u201dLe\u00f3n Esteban c\/ Firpo y Costa o Firpo Angela Teresa y Otros s\/ Prescripci\u00f3n Adquisitiva Larga\u201d (Exp. 41509-21) cita y emplaza al\/os demandado\/s y\/o su\/s heredero\/s y\/o a quien\/es se considere\/n con derechos sobre el inmueble sito con frente [&hellip;]<\/p>\n","protected":false},"author":4,"featured_media":102746,"comment_status":"closed","ping_status":"closed","sticky":false,"template":"","format":"standard","meta":{"om_disable_all_campaigns":false,"_jetpack_memberships_contains_paid_content":false,"footnotes":""},"categories":[676,1124],"tags":[197,1121,3257,1355,33,19],"class_list":["post-112907","post","type-post","status-publish","format-standard","has-post-thumbnail","hentry","category-edictos","category-edictos-especiales","tag-buenos-aires","tag-edicto","tag-edicto-de-leon-esteban-c-firpo-y-costa-o-firpo-angela-teresa-y-otros-s-prescripcion-adquisitiva-larga","tag-judiciales","tag-locales","tag-san-pedro"],"aioseo_notices":[],"gutentor_comment":0,"jetpack_featured_media_url":"https:\/\/eldiariodesanpedro.com.ar\/sitio\/wp-content\/uploads\/2022\/01\/EDICTO.jpg","jetpack_shortlink":"https:\/\/wp.me\/p6RhLt-tn5","jetpack_sharing_enabled":true,"_links":{"self":[{"href":"https:\/\/eldiariodesanpedro.com.ar\/sitio\/wp-json\/wp\/v2\/posts\/112907","targetHints":{"allow":["GET"]}}],"collection":[{"href":"https:\/\/eldiariodesanpedro.com.ar\/sitio\/wp-json\/wp\/v2\/posts"}],"about":[{"href":"https:\/\/eldiariodesanpedro.com.ar\/sitio\/wp-json\/wp\/v2\/types\/post"}],"author":[{"embeddable":true,"href":"https:\/\/eldiariodesanpedro.com.ar\/sitio\/wp-json\/wp\/v2\/users\/4"}],"replies":[{"embeddable":true,"href":"https:\/\/eldiariodesanpedro.com.ar\/sitio\/wp-json\/wp\/v2\/comments?post=112907"}],"version-history":[{"count":1,"href":"https:\/\/eldiariodesanpedro.com.ar\/sitio\/wp-json\/wp\/v2\/posts\/112907\/revisions"}],"predecessor-version":[{"id":112908,"href":"https:\/\/eldiariodesanpedro.com.ar\/sitio\/wp-json\/wp\/v2\/posts\/112907\/revisions\/112908"}],"wp:featuredmedia":[{"embeddable":true,"href":"https:\/\/eldiariodesanpedro.com.ar\/sitio\/wp-json\/wp\/v2\/media\/102746"}],"wp:attachment":[{"href":"https:\/\/eldiariodesanpedro.com.ar\/sitio\/wp-json\/wp\/v2\/media?parent=112907"}],"wp:term":[{"taxonomy":"category","embeddable":true,"href":"https:\/\/eldiariodesanpedro.com.ar\/sitio\/wp-json\/wp\/v2\/categories?post=112907"},{"taxonomy":"post_tag","embeddable":true,"href":"https:\/\/eldiariodesanpedro.com.ar\/sitio\/wp-json\/wp\/v2\/tags?post=112907"}],"curies":[{"name":"wp","href":"https:\/\/api.w.org\/{rel}","templated":true}]}}