{"id":112902,"date":"2022-11-28T10:56:27","date_gmt":"2022-11-28T13:56:27","guid":{"rendered":"https:\/\/eldiariodesanpedro.com.ar\/sitio\/?p=112902"},"modified":"2022-11-28T10:56:28","modified_gmt":"2022-11-28T13:56:28","slug":"alerta-roja-por-las-altas-temperaturas-para-hoy-y-los-proximos-dias-esta-jornada-podria-llegar-a-40-grados","status":"publish","type":"post","link":"https:\/\/eldiariodesanpedro.com.ar\/sitio\/alerta-roja-por-las-altas-temperaturas-para-hoy-y-los-proximos-dias-esta-jornada-podria-llegar-a-40-grados\/","title":{"rendered":"Alerta Roja por las altas temperaturas para hoy y los pr\u00f3ximos d\u00edas, esta jornada podr\u00eda llegar a 40 grados"},"content":{"rendered":"<!-- VideographyWP Plugin Message: Automatic video embedding prevented by plugin options. -->\n\n<p>El Servicio Meteorol\u00f3gico Nacional anunci\u00f3 un alerta roja por temperaturas extremas en la zona norte de la provincia de Buenos Aires. Las lluvias y el alivio temporal llegar\u00edan el mi\u00e9rcoles 30.\u00a0<\/p>\n\n\n\n<p>Las altas temperaturas, que superan los 35\u00b0 con picos de m\u00e1s de 40\u00b0 en algunas zonas del pa\u00eds, implican tambi\u00e9n riesgos para la salud por lo que, a trav\u00e9s de su sistema de alertas, el Servicio Meteorol\u00f3gico Nacional emiti\u00f3 adem\u00e1s una serie de recomendaciones preventivas a tener en cuenta.&nbsp;<\/p>\n\n\n\n<p>En San Pedro, el pron\u00f3stico indica una m\u00e1xima de 36\u00b0 para este lunes 28 y 37\u00b0 para el martes 29, mientras que las lluvias pronosticadas para el mi\u00e9rcoles 30 bajar\u00edan las marcas y permitir\u00edan unos d\u00edas de temperaturas en torno a los 30\u00b0.&nbsp;<\/p>\n\n\n\n<p>Ante esta situaci\u00f3n, compartimos el listado de acciones sencillas que ayudar\u00e1n a la poblaci\u00f3n a protegerse de las elevadas temperaturas:<\/p>\n\n\n\n<ul class=\"wp-block-list\"><li>Aumentar el consumo de agua sin esperar a tener sed para mantener una hidrataci\u00f3n adecuada.<\/li><li>No exponerse al son el exceso, ni en horas centrales del d\u00eda, especialmente entre las 10:00 y las 16:00 horas.<\/li><li>Prestar atenci\u00f3n a los beb\u00e9s, ni\u00f1os y ni\u00f1as y a las personas mayores.<\/li><li>Evitar las bebidas con cafe\u00edna, alcohol o muy azucaradas.<\/li><li>Evitar comidas muy abundantes.<\/li><li>Ingerir verduras y frutas.<\/li><li>Reducir la actividad f\u00edsica.<\/li><li>Usar ropa ligera, holgada y colores claros, sombrero, anteojos oscuros.<\/li><li>Permanecer en espacios ventilados o acondicionados.<\/li><\/ul>\n\n\n\n<p>Asimismo, ante sed intensa y sequedad en la boca, temperatura mayor a 39\u00ba C, sudoraci\u00f3n excesiva, sensaci\u00f3n de calor sofocante, piel seca, agotamiento, mareos o desmayo, dolores de est\u00f3mago, falta de apetito, n\u00e1useas o v\u00f3mitos, dolores de cabeza, entre otros, se deber\u00e1 actuar de la siguiente manera:<\/p>\n\n\n\n<ul class=\"wp-block-list\"><li>Solicitar de inmediato asistencia m\u00e9dica.<\/li><li>Trasladar a la persona afectada a la sombra, a un lugar fresco y tranquilo.<\/li><li>Intentar refrescarla, mojarle la ropa y darle de beber agua fresca.<\/li><\/ul>\n\n\n\n<blockquote class=\"twitter-tweet\"><p lang=\"es\" dir=\"ltr\">&#x1f7e5;Nuevos 5 <a href=\"https:\/\/twitter.com\/hashtag\/r%C3%A9cords?src=hash&amp;ref_src=twsrc%5Etfw\">#r\u00e9cords<\/a> de Tm\u00e1x para noviembre <br><br> -JUN\u00cdN 39,7\u00b0C (anterior 38,5\u00b0C el 22\/11\/2003) <br>&#8211; GRAL PICO 39,5\u00b0C (39,2\u00b0C el 17\/11\/1965)<br>&#8211; NUEVE DE JULIO 38,4\u00b0C (37,9\u00b0C el 16\/11\/1979)<br>&#8211; TRENQUE LAUQUEN 38,3\u00b0C (igual\u00f3 anterior 27\/11\/1971) <br>&#8211; PEHUAJ\u00d3 37,6\u00b0C (37,2\u00b0C el 23\/11\/1971 ) <a href=\"https:\/\/t.co\/o7C2Pdt0Ej\">pic.twitter.com\/o7C2Pdt0Ej<\/a><\/p>&mdash; SMN Argentina (@SMN_Argentina) <a href=\"https:\/\/twitter.com\/SMN_Argentina\/status\/1596851734286331904?ref_src=twsrc%5Etfw\">November 27, 2022<\/a><\/blockquote> <script async src=\"https:\/\/platform.twitter.com\/widgets.js\" charset=\"utf-8\"><\/script>\n","protected":false},"excerpt":{"rendered":"<p>El Servicio Meteorol\u00f3gico Nacional anunci\u00f3 un alerta roja por temperaturas extremas en la zona norte de la provincia de Buenos Aires. Las lluvias y el alivio temporal llegar\u00edan el mi\u00e9rcoles 30.\u00a0 Las altas temperaturas, que superan los 35\u00b0 con picos de m\u00e1s de 40\u00b0 en algunas zonas del pa\u00eds, implican tambi\u00e9n riesgos para la salud [&hellip;]<\/p>\n","protected":false},"author":4,"featured_media":112903,"comment_status":"closed","ping_status":"closed","sticky":false,"template":"","format":"standard","meta":{"om_disable_all_campaigns":false,"_jetpack_memberships_contains_paid_content":false,"footnotes":""},"categories":[50,101,2],"tags":[197,696,33,19],"class_list":["post-112902","post","type-post","status-publish","format-standard","has-post-thumbnail","hentry","category-destacadas","category-interes-general-locales","category-locales","tag-buenos-aires","tag-interes-general","tag-locales","tag-san-pedro"],"aioseo_notices":[],"gutentor_comment":0,"jetpack_featured_media_url":"https:\/\/eldiariodesanpedro.com.ar\/sitio\/wp-content\/uploads\/2022\/11\/medida-13.png","jetpack_shortlink":"https:\/\/wp.me\/p6RhLt-tn0","jetpack_sharing_enabled":true,"_links":{"self":[{"href":"https:\/\/eldiariodesanpedro.com.ar\/sitio\/wp-json\/wp\/v2\/posts\/112902","targetHints":{"allow":["GET"]}}],"collection":[{"href":"https:\/\/eldiariodesanpedro.com.ar\/sitio\/wp-json\/wp\/v2\/posts"}],"about":[{"href":"https:\/\/eldiariodesanpedro.com.ar\/sitio\/wp-json\/wp\/v2\/types\/post"}],"author":[{"embeddable":true,"href":"https:\/\/eldiariodesanpedro.com.ar\/sitio\/wp-json\/wp\/v2\/users\/4"}],"replies":[{"embeddable":true,"href":"https:\/\/eldiariodesanpedro.com.ar\/sitio\/wp-json\/wp\/v2\/comments?post=112902"}],"version-history":[{"count":1,"href":"https:\/\/eldiariodesanpedro.com.ar\/sitio\/wp-json\/wp\/v2\/posts\/112902\/revisions"}],"predecessor-version":[{"id":112904,"href":"https:\/\/eldiariodesanpedro.com.ar\/sitio\/wp-json\/wp\/v2\/posts\/112902\/revisions\/112904"}],"wp:featuredmedia":[{"embeddable":true,"href":"https:\/\/eldiariodesanpedro.com.ar\/sitio\/wp-json\/wp\/v2\/media\/112903"}],"wp:attachment":[{"href":"https:\/\/eldiariodesanpedro.com.ar\/sitio\/wp-json\/wp\/v2\/media?parent=112902"}],"wp:term":[{"taxonomy":"category","embeddable":true,"href":"https:\/\/eldiariodesanpedro.com.ar\/sitio\/wp-json\/wp\/v2\/categories?post=112902"},{"taxonomy":"post_tag","embeddable":true,"href":"https:\/\/eldiariodesanpedro.com.ar\/sitio\/wp-json\/wp\/v2\/tags?post=112902"}],"curies":[{"name":"wp","href":"https:\/\/api.w.org\/{rel}","templated":true}]}}