{"id":112898,"date":"2022-11-28T10:28:52","date_gmt":"2022-11-28T13:28:52","guid":{"rendered":"https:\/\/eldiariodesanpedro.com.ar\/sitio\/?p=112898"},"modified":"2022-11-28T10:28:53","modified_gmt":"2022-11-28T13:28:53","slug":"examen-inicial-para-aspirantes-a-la-policia-de-la-provincia-el-30-de-noviembre-en-san-pedro-2","status":"publish","type":"post","link":"https:\/\/eldiariodesanpedro.com.ar\/sitio\/examen-inicial-para-aspirantes-a-la-policia-de-la-provincia-el-30-de-noviembre-en-san-pedro-2\/","title":{"rendered":"Ex\u00e1men inicial para aspirantes a la Polic\u00eda de la Provincia, el 30 de noviembre, en San Pedro"},"content":{"rendered":"<!-- VideographyWP Plugin Message: Automatic video embedding prevented by plugin options. -->\n\n<p>El Ministerio de Seguridad de la Provincia de Buenos Aires realizar\u00e1 en San Pedro, el pr\u00f3ximo mi\u00e9rcoles 30 de noviembre la primera preselecci\u00f3n de aspirantes para incorporarse a la Polic\u00eda de la Provincia de Buenos Aires.<\/p>\n\n\n\n<p>Ante la gran cantidad de inscriptos desde San Pedro (aproximadamente 400), se elev\u00f3 una solicitud desde el gobierno del Intendente Salazar ante la Subsecretaria de formaci\u00f3n y desarrollo profesional para que se facilite la concurrencia de los y las j\u00f3venes a esta primera evaluaci\u00f3n y se concrete en San Pedro.<\/p>\n\n\n\n<p>En el gimnasio del Estadio Municipal y con el apoyo de la Secretar\u00eda de Seguridad se dispondr\u00e1 el operativo necesario para recibir a m\u00e1s de 800 aspirantes de la regi\u00f3n, incluyendo Baradero, Arrecifes y Capit\u00e1n Sarmiento.<\/p>\n\n\n\n<p>Las actividades comenzar\u00e1n a partir de las 9 de la ma\u00f1ana con una evaluaci\u00f3n de conocimientos sobre el material de estudio obligatorio que fue entregado tras las inscripciones.<\/p>\n\n\n\n<p>Los que superen dicha evaluaci\u00f3n ser\u00e1n notificados en el momento de los requisitos que deber\u00e1n cumplimentar para la siguiente etapa.<\/p>\n\n\n\n<figure class=\"wp-block-image size-full\"><img decoding=\"async\" width=\"640\" height=\"480\" data-attachment-id=\"112900\" data-permalink=\"https:\/\/eldiariodesanpedro.com.ar\/sitio\/examen-inicial-para-aspirantes-a-la-policia-de-la-provincia-el-30-de-noviembre-en-san-pedro-2\/whatsapp-image-2022-11-28-at-07-49-00\/\" data-orig-file=\"https:\/\/eldiariodesanpedro.com.ar\/sitio\/wp-content\/uploads\/2022\/11\/WhatsApp-Image-2022-11-28-at-07.49.00.jpeg\" data-orig-size=\"640,480\" data-comments-opened=\"0\" data-image-meta=\"{&quot;aperture&quot;:&quot;0&quot;,&quot;credit&quot;:&quot;&quot;,&quot;camera&quot;:&quot;&quot;,&quot;caption&quot;:&quot;&quot;,&quot;created_timestamp&quot;:&quot;0&quot;,&quot;copyright&quot;:&quot;&quot;,&quot;focal_length&quot;:&quot;0&quot;,&quot;iso&quot;:&quot;0&quot;,&quot;shutter_speed&quot;:&quot;0&quot;,&quot;title&quot;:&quot;&quot;,&quot;orientation&quot;:&quot;0&quot;}\" data-image-title=\"WhatsApp Image 2022-11-28 at 07.49.00\" data-image-description=\"\" data-image-caption=\"\" data-large-file=\"https:\/\/eldiariodesanpedro.com.ar\/sitio\/wp-content\/uploads\/2022\/11\/WhatsApp-Image-2022-11-28-at-07.49.00.jpeg\" data-src=\"https:\/\/eldiariodesanpedro.com.ar\/sitio\/wp-content\/uploads\/2022\/11\/WhatsApp-Image-2022-11-28-at-07.49.00.jpeg\" alt=\"\" class=\"wp-image-112900 lazyload\" data-srcset=\"https:\/\/eldiariodesanpedro.com.ar\/sitio\/wp-content\/uploads\/2022\/11\/WhatsApp-Image-2022-11-28-at-07.49.00.jpeg 640w, https:\/\/eldiariodesanpedro.com.ar\/sitio\/wp-content\/uploads\/2022\/11\/WhatsApp-Image-2022-11-28-at-07.49.00-300x225.jpeg 300w, https:\/\/eldiariodesanpedro.com.ar\/sitio\/wp-content\/uploads\/2022\/11\/WhatsApp-Image-2022-11-28-at-07.49.00-272x204.jpeg 272w\" data-sizes=\"(max-width: 640px) 100vw, 640px\" src=\"data:image\/svg+xml;base64,PHN2ZyB3aWR0aD0iMSIgaGVpZ2h0PSIxIiB4bWxucz0iaHR0cDovL3d3dy53My5vcmcvMjAwMC9zdmciPjwvc3ZnPg==\" style=\"--smush-placeholder-width: 640px; --smush-placeholder-aspect-ratio: 640\/480;\" \/><\/figure>\n","protected":false},"excerpt":{"rendered":"<p>El Ministerio de Seguridad de la Provincia de Buenos Aires realizar\u00e1 en San Pedro, el pr\u00f3ximo mi\u00e9rcoles 30 de noviembre la primera preselecci\u00f3n de aspirantes para incorporarse a la Polic\u00eda de la Provincia de Buenos Aires. Ante la gran cantidad de inscriptos desde San Pedro (aproximadamente 400), se elev\u00f3 una solicitud desde el gobierno del [&hellip;]<\/p>\n","protected":false},"author":4,"featured_media":101754,"comment_status":"closed","ping_status":"closed","sticky":false,"template":"","format":"standard","meta":{"om_disable_all_campaigns":false,"_jetpack_memberships_contains_paid_content":false,"footnotes":""},"categories":[50,101,2],"tags":[197,696,33,19],"class_list":["post-112898","post","type-post","status-publish","format-standard","has-post-thumbnail","hentry","category-destacadas","category-interes-general-locales","category-locales","tag-buenos-aires","tag-interes-general","tag-locales","tag-san-pedro"],"aioseo_notices":[],"gutentor_comment":0,"jetpack_featured_media_url":"https:\/\/eldiariodesanpedro.com.ar\/sitio\/wp-content\/uploads\/2021\/11\/Policias.jpg","jetpack_shortlink":"https:\/\/wp.me\/p6RhLt-tmW","jetpack_sharing_enabled":true,"_links":{"self":[{"href":"https:\/\/eldiariodesanpedro.com.ar\/sitio\/wp-json\/wp\/v2\/posts\/112898","targetHints":{"allow":["GET"]}}],"collection":[{"href":"https:\/\/eldiariodesanpedro.com.ar\/sitio\/wp-json\/wp\/v2\/posts"}],"about":[{"href":"https:\/\/eldiariodesanpedro.com.ar\/sitio\/wp-json\/wp\/v2\/types\/post"}],"author":[{"embeddable":true,"href":"https:\/\/eldiariodesanpedro.com.ar\/sitio\/wp-json\/wp\/v2\/users\/4"}],"replies":[{"embeddable":true,"href":"https:\/\/eldiariodesanpedro.com.ar\/sitio\/wp-json\/wp\/v2\/comments?post=112898"}],"version-history":[{"count":1,"href":"https:\/\/eldiariodesanpedro.com.ar\/sitio\/wp-json\/wp\/v2\/posts\/112898\/revisions"}],"predecessor-version":[{"id":112901,"href":"https:\/\/eldiariodesanpedro.com.ar\/sitio\/wp-json\/wp\/v2\/posts\/112898\/revisions\/112901"}],"wp:featuredmedia":[{"embeddable":true,"href":"https:\/\/eldiariodesanpedro.com.ar\/sitio\/wp-json\/wp\/v2\/media\/101754"}],"wp:attachment":[{"href":"https:\/\/eldiariodesanpedro.com.ar\/sitio\/wp-json\/wp\/v2\/media?parent=112898"}],"wp:term":[{"taxonomy":"category","embeddable":true,"href":"https:\/\/eldiariodesanpedro.com.ar\/sitio\/wp-json\/wp\/v2\/categories?post=112898"},{"taxonomy":"post_tag","embeddable":true,"href":"https:\/\/eldiariodesanpedro.com.ar\/sitio\/wp-json\/wp\/v2\/tags?post=112898"}],"curies":[{"name":"wp","href":"https:\/\/api.w.org\/{rel}","templated":true}]}}