{"id":112876,"date":"2022-11-28T09:58:44","date_gmt":"2022-11-28T12:58:44","guid":{"rendered":"https:\/\/eldiariodesanpedro.com.ar\/sitio\/?p=112876"},"modified":"2022-11-28T09:58:45","modified_gmt":"2022-11-28T12:58:45","slug":"25n-charla-en-la-escuela-secundaria-13-e-inauguracion-de-un-mural-en-mosaico","status":"publish","type":"post","link":"https:\/\/eldiariodesanpedro.com.ar\/sitio\/25n-charla-en-la-escuela-secundaria-13-e-inauguracion-de-un-mural-en-mosaico\/","title":{"rendered":"25N: Charla en la Escuela Secundaria 13 e inauguraci\u00f3n de un mural en mosaico"},"content":{"rendered":"<!-- VideographyWP Plugin Message: Automatic video embedding prevented by plugin options. -->\n\n<p>En el marco del D\u00eda Internacional de la Eliminaci\u00f3n de la Violencia contra las Mujeres, la Secretar\u00eda de Pol\u00edticas de G\u00e9nero, Mujeres y Diversidad de la Municipalidad de San Pedro concret\u00f3, el viernes por la ma\u00f1ana, una nueva jornada de charlas en los establecimientos educativos de San Pedro.<\/p>\n\n\n\n<p>En conjunto con Jefatura Distrital de Educaci\u00f3n, la Comisar\u00eda de la Mujer y la Familia, y el Servicio Local dependiente de la Secretar\u00eda de Desarrollo Humano, se propuso una charla en la Escuela Secundaria 13, para estudiantes del establecimiento y alumnos y alumnas de la Escuela Primaria N\u00b047.<\/p>\n\n\n\n<p>Distintos tipos de violencias por razones de g\u00e9nero, violencia en el noviazgo, grooming y nuevas masculinidades, fueron algunos de los temas abordados por las profesionales y representantes de las distintas \u00e1reas.<br>Por la tarde, se llev\u00f3 a cabo la inauguraci\u00f3n de un mural en mosaico, alusivo a la jornada, en la intersecci\u00f3n de Boulevard Moreno y 11 de Septiembre, a cargo de la Arq. Mar\u00eda Luz M\u00e9ndez.<\/p>\n\n\n\n<p>La actividad cont\u00f3 con la participaci\u00f3n del secretario de Gobierno, Mart\u00edn Baraybar; de Coordinaci\u00f3n, Luciano Arias; de Pol\u00edticas de G\u00e9nero, Mujeres y Diversidad, Laura Monfasani; de Seguridad, Juan Carlos Ag\u00fcero; de Desarrollo Humano, Walter S\u00e1nchez; y de Salud, Pablo Pichioni.<\/p>\n\n\n\n<p>Tambi\u00e9n estuvieron presentes la vicepresidenta del Concejo Deliberante, Rita Leguizam\u00f3n, el presidente del bloque Frente de Todos, Juan Cruz Gonz\u00e1lez, la titular de la Comisar\u00eda de la Mujer y la Familia, Oficial Principal Mariana \u00c1guila, la Segunda Jefa Patricia Melgar y representantes de Bomberos Voluntarios.<\/p>\n\n\n\n<p>La secretaria Laura Monfasani destac\u00f3 el trabajo articulado que se ha logrado construir con instituciones y organizaciones, y agreg\u00f3: \u00abLas se\u00f1alizaciones de este tipo vienen tambi\u00e9n a visibilizar, a nombrar, a mantener presente en lo cotidiano la lucha de las mujeres y tambi\u00e9n lo que falta por hacer\u00bb.<\/p>\n\n\n\n<p>Baraybar, por su parte, destac\u00f3 la decisi\u00f3n pol\u00edtica que implica la creaci\u00f3n de un \u00e1rea de g\u00e9nero con \u00e1rea de Secretar\u00eda y llam\u00f3 a seguir trabajando y aunando esfuerzos hasta tanto no haya una sola mujer v\u00edctima de violencia por razones de g\u00e9nero.<\/p>\n\n\n\n<p>La actividad cont\u00f3 con el cierre musical a cargo del grupo de percusi\u00f3n feminista Aquelarre de Tamboreras.<\/p>\n\n\n\n<figure class=\"wp-block-image size-full\"><img decoding=\"async\" width=\"840\" height=\"630\" data-attachment-id=\"112880\" data-permalink=\"https:\/\/eldiariodesanpedro.com.ar\/sitio\/25n-charla-en-la-escuela-secundaria-13-e-inauguracion-de-un-mural-en-mosaico\/whatsapp-image-2022-11-26-at-19-14-57\/\" data-orig-file=\"https:\/\/eldiariodesanpedro.com.ar\/sitio\/wp-content\/uploads\/2022\/11\/WhatsApp-Image-2022-11-26-at-19.14.57.jpeg\" data-orig-size=\"840,630\" data-comments-opened=\"0\" data-image-meta=\"{&quot;aperture&quot;:&quot;0&quot;,&quot;credit&quot;:&quot;&quot;,&quot;camera&quot;:&quot;&quot;,&quot;caption&quot;:&quot;&quot;,&quot;created_timestamp&quot;:&quot;0&quot;,&quot;copyright&quot;:&quot;&quot;,&quot;focal_length&quot;:&quot;0&quot;,&quot;iso&quot;:&quot;0&quot;,&quot;shutter_speed&quot;:&quot;0&quot;,&quot;title&quot;:&quot;&quot;,&quot;orientation&quot;:&quot;0&quot;}\" data-image-title=\"WhatsApp Image 2022-11-26 at 19.14.57\" data-image-description=\"\" data-image-caption=\"\" data-large-file=\"https:\/\/eldiariodesanpedro.com.ar\/sitio\/wp-content\/uploads\/2022\/11\/WhatsApp-Image-2022-11-26-at-19.14.57.jpeg\" data-src=\"https:\/\/eldiariodesanpedro.com.ar\/sitio\/wp-content\/uploads\/2022\/11\/WhatsApp-Image-2022-11-26-at-19.14.57.jpeg\" alt=\"\" class=\"wp-image-112880 lazyload\" data-srcset=\"https:\/\/eldiariodesanpedro.com.ar\/sitio\/wp-content\/uploads\/2022\/11\/WhatsApp-Image-2022-11-26-at-19.14.57.jpeg 840w, https:\/\/eldiariodesanpedro.com.ar\/sitio\/wp-content\/uploads\/2022\/11\/WhatsApp-Image-2022-11-26-at-19.14.57-300x225.jpeg 300w, https:\/\/eldiariodesanpedro.com.ar\/sitio\/wp-content\/uploads\/2022\/11\/WhatsApp-Image-2022-11-26-at-19.14.57-768x576.jpeg 768w, https:\/\/eldiariodesanpedro.com.ar\/sitio\/wp-content\/uploads\/2022\/11\/WhatsApp-Image-2022-11-26-at-19.14.57-272x204.jpeg 272w\" data-sizes=\"(max-width: 840px) 100vw, 840px\" src=\"data:image\/svg+xml;base64,PHN2ZyB3aWR0aD0iMSIgaGVpZ2h0PSIxIiB4bWxucz0iaHR0cDovL3d3dy53My5vcmcvMjAwMC9zdmciPjwvc3ZnPg==\" style=\"--smush-placeholder-width: 840px; --smush-placeholder-aspect-ratio: 840\/630;\" \/><\/figure>\n\n\n\n<figure class=\"wp-block-image size-full\"><img decoding=\"async\" width=\"840\" height=\"630\" data-attachment-id=\"112882\" data-permalink=\"https:\/\/eldiariodesanpedro.com.ar\/sitio\/25n-charla-en-la-escuela-secundaria-13-e-inauguracion-de-un-mural-en-mosaico\/whatsapp-image-2022-11-26-at-19-14-59-1\/\" data-orig-file=\"https:\/\/eldiariodesanpedro.com.ar\/sitio\/wp-content\/uploads\/2022\/11\/WhatsApp-Image-2022-11-26-at-19.14.59-1.jpeg\" data-orig-size=\"840,630\" data-comments-opened=\"0\" data-image-meta=\"{&quot;aperture&quot;:&quot;0&quot;,&quot;credit&quot;:&quot;&quot;,&quot;camera&quot;:&quot;&quot;,&quot;caption&quot;:&quot;&quot;,&quot;created_timestamp&quot;:&quot;0&quot;,&quot;copyright&quot;:&quot;&quot;,&quot;focal_length&quot;:&quot;0&quot;,&quot;iso&quot;:&quot;0&quot;,&quot;shutter_speed&quot;:&quot;0&quot;,&quot;title&quot;:&quot;&quot;,&quot;orientation&quot;:&quot;0&quot;}\" data-image-title=\"WhatsApp Image 2022-11-26 at 19.14.59 (1)\" data-image-description=\"\" data-image-caption=\"\" data-large-file=\"https:\/\/eldiariodesanpedro.com.ar\/sitio\/wp-content\/uploads\/2022\/11\/WhatsApp-Image-2022-11-26-at-19.14.59-1.jpeg\" data-src=\"https:\/\/eldiariodesanpedro.com.ar\/sitio\/wp-content\/uploads\/2022\/11\/WhatsApp-Image-2022-11-26-at-19.14.59-1.jpeg\" alt=\"\" class=\"wp-image-112882 lazyload\" data-srcset=\"https:\/\/eldiariodesanpedro.com.ar\/sitio\/wp-content\/uploads\/2022\/11\/WhatsApp-Image-2022-11-26-at-19.14.59-1.jpeg 840w, https:\/\/eldiariodesanpedro.com.ar\/sitio\/wp-content\/uploads\/2022\/11\/WhatsApp-Image-2022-11-26-at-19.14.59-1-300x225.jpeg 300w, https:\/\/eldiariodesanpedro.com.ar\/sitio\/wp-content\/uploads\/2022\/11\/WhatsApp-Image-2022-11-26-at-19.14.59-1-768x576.jpeg 768w, https:\/\/eldiariodesanpedro.com.ar\/sitio\/wp-content\/uploads\/2022\/11\/WhatsApp-Image-2022-11-26-at-19.14.59-1-272x204.jpeg 272w\" data-sizes=\"(max-width: 840px) 100vw, 840px\" src=\"data:image\/svg+xml;base64,PHN2ZyB3aWR0aD0iMSIgaGVpZ2h0PSIxIiB4bWxucz0iaHR0cDovL3d3dy53My5vcmcvMjAwMC9zdmciPjwvc3ZnPg==\" style=\"--smush-placeholder-width: 840px; --smush-placeholder-aspect-ratio: 840\/630;\" \/><\/figure>\n","protected":false},"excerpt":{"rendered":"<p>En el marco del D\u00eda Internacional de la Eliminaci\u00f3n de la Violencia contra las Mujeres, la Secretar\u00eda de Pol\u00edticas de G\u00e9nero, Mujeres y Diversidad de la Municipalidad de San Pedro concret\u00f3, el viernes por la ma\u00f1ana, una nueva jornada de charlas en los establecimientos educativos de San Pedro. En conjunto con Jefatura Distrital de Educaci\u00f3n, [&hellip;]<\/p>\n","protected":false},"author":4,"featured_media":112883,"comment_status":"closed","ping_status":"closed","sticky":false,"template":"","format":"standard","meta":{"om_disable_all_campaigns":false,"_jetpack_memberships_contains_paid_content":false,"footnotes":""},"categories":[50,101,2],"tags":[197,696,33,19],"class_list":["post-112876","post","type-post","status-publish","format-standard","has-post-thumbnail","hentry","category-destacadas","category-interes-general-locales","category-locales","tag-buenos-aires","tag-interes-general","tag-locales","tag-san-pedro"],"aioseo_notices":[],"gutentor_comment":0,"jetpack_featured_media_url":"https:\/\/eldiariodesanpedro.com.ar\/sitio\/wp-content\/uploads\/2022\/11\/WhatsApp-Image-2022-11-26-at-19.14.59-2.jpeg","jetpack_shortlink":"https:\/\/wp.me\/p6RhLt-tmA","jetpack_sharing_enabled":true,"_links":{"self":[{"href":"https:\/\/eldiariodesanpedro.com.ar\/sitio\/wp-json\/wp\/v2\/posts\/112876","targetHints":{"allow":["GET"]}}],"collection":[{"href":"https:\/\/eldiariodesanpedro.com.ar\/sitio\/wp-json\/wp\/v2\/posts"}],"about":[{"href":"https:\/\/eldiariodesanpedro.com.ar\/sitio\/wp-json\/wp\/v2\/types\/post"}],"author":[{"embeddable":true,"href":"https:\/\/eldiariodesanpedro.com.ar\/sitio\/wp-json\/wp\/v2\/users\/4"}],"replies":[{"embeddable":true,"href":"https:\/\/eldiariodesanpedro.com.ar\/sitio\/wp-json\/wp\/v2\/comments?post=112876"}],"version-history":[{"count":1,"href":"https:\/\/eldiariodesanpedro.com.ar\/sitio\/wp-json\/wp\/v2\/posts\/112876\/revisions"}],"predecessor-version":[{"id":112885,"href":"https:\/\/eldiariodesanpedro.com.ar\/sitio\/wp-json\/wp\/v2\/posts\/112876\/revisions\/112885"}],"wp:featuredmedia":[{"embeddable":true,"href":"https:\/\/eldiariodesanpedro.com.ar\/sitio\/wp-json\/wp\/v2\/media\/112883"}],"wp:attachment":[{"href":"https:\/\/eldiariodesanpedro.com.ar\/sitio\/wp-json\/wp\/v2\/media?parent=112876"}],"wp:term":[{"taxonomy":"category","embeddable":true,"href":"https:\/\/eldiariodesanpedro.com.ar\/sitio\/wp-json\/wp\/v2\/categories?post=112876"},{"taxonomy":"post_tag","embeddable":true,"href":"https:\/\/eldiariodesanpedro.com.ar\/sitio\/wp-json\/wp\/v2\/tags?post=112876"}],"curies":[{"name":"wp","href":"https:\/\/api.w.org\/{rel}","templated":true}]}}