{"id":112869,"date":"2022-11-28T09:46:59","date_gmt":"2022-11-28T12:46:59","guid":{"rendered":"https:\/\/eldiariodesanpedro.com.ar\/sitio\/?p=112869"},"modified":"2022-11-28T09:47:00","modified_gmt":"2022-11-28T12:47:00","slug":"excelente-convocatoria-en-el-casting-para-talentos-2023","status":"publish","type":"post","link":"https:\/\/eldiariodesanpedro.com.ar\/sitio\/excelente-convocatoria-en-el-casting-para-talentos-2023\/","title":{"rendered":"Excelente convocatoria en el casting para \u00abTalentos 2023\u00bb"},"content":{"rendered":"<!-- VideographyWP Plugin Message: Automatic video embedding prevented by plugin options. -->\n\n<p>El Centro Cultural Abelardo Castillo recibi\u00f3 este s\u00e1bado a los primeros aspirantes para ser programados en el casting organizado por la Secretar\u00eda de Turismo y Cultura y CV Producciones, preparando los shows que Rodrigo Lusich conducir\u00e1 en San Pedro durante el pr\u00f3ximo verano.<\/p>\n\n\n\n<p>La productora que tiene a su cargo este show y la presentaci\u00f3n de Anita Mart\u00ednez tambi\u00e9n para la temporada 2023 evalu\u00f3 a los postulantes que llegaron desde San Pedro, las localidades del Partido y otras ciudades en las que se enteraron de la convocatoria.<\/p>\n\n\n\n<p>Alejandro Cupit\u00f3, N\u00e9stor Moyano y el equipo que dirige Marcela Cu\u00f1er recibieron performances de magia, canto, clown, danza y diferentes alternativas, con un excelente nivel.<\/p>\n\n\n\n<p>Ante el \u00e9xito de la convocatoria y antes de realizar el lanzamiento de la programaci\u00f3n para cada show, el pr\u00f3ximo 8 de diciembre volver\u00e1n a realizar un casting similar, nuevamente en el Centro Cultural Abelardo Castillo.<\/p>\n\n\n\n<figure class=\"wp-block-image size-full\"><img decoding=\"async\" width=\"891\" height=\"630\" data-attachment-id=\"112870\" data-permalink=\"https:\/\/eldiariodesanpedro.com.ar\/sitio\/excelente-convocatoria-en-el-casting-para-talentos-2023\/whatsapp-image-2022-11-26-at-18-59-32\/\" data-orig-file=\"https:\/\/eldiariodesanpedro.com.ar\/sitio\/wp-content\/uploads\/2022\/11\/WhatsApp-Image-2022-11-26-at-18.59.32.jpeg\" data-orig-size=\"891,630\" data-comments-opened=\"0\" data-image-meta=\"{&quot;aperture&quot;:&quot;0&quot;,&quot;credit&quot;:&quot;&quot;,&quot;camera&quot;:&quot;&quot;,&quot;caption&quot;:&quot;&quot;,&quot;created_timestamp&quot;:&quot;0&quot;,&quot;copyright&quot;:&quot;&quot;,&quot;focal_length&quot;:&quot;0&quot;,&quot;iso&quot;:&quot;0&quot;,&quot;shutter_speed&quot;:&quot;0&quot;,&quot;title&quot;:&quot;&quot;,&quot;orientation&quot;:&quot;0&quot;}\" data-image-title=\"WhatsApp Image 2022-11-26 at 18.59.32\" data-image-description=\"\" data-image-caption=\"\" data-large-file=\"https:\/\/eldiariodesanpedro.com.ar\/sitio\/wp-content\/uploads\/2022\/11\/WhatsApp-Image-2022-11-26-at-18.59.32.jpeg\" data-src=\"https:\/\/eldiariodesanpedro.com.ar\/sitio\/wp-content\/uploads\/2022\/11\/WhatsApp-Image-2022-11-26-at-18.59.32.jpeg\" alt=\"\" class=\"wp-image-112870 lazyload\" data-srcset=\"https:\/\/eldiariodesanpedro.com.ar\/sitio\/wp-content\/uploads\/2022\/11\/WhatsApp-Image-2022-11-26-at-18.59.32.jpeg 891w, https:\/\/eldiariodesanpedro.com.ar\/sitio\/wp-content\/uploads\/2022\/11\/WhatsApp-Image-2022-11-26-at-18.59.32-300x212.jpeg 300w, https:\/\/eldiariodesanpedro.com.ar\/sitio\/wp-content\/uploads\/2022\/11\/WhatsApp-Image-2022-11-26-at-18.59.32-768x543.jpeg 768w\" data-sizes=\"(max-width: 891px) 100vw, 891px\" src=\"data:image\/svg+xml;base64,PHN2ZyB3aWR0aD0iMSIgaGVpZ2h0PSIxIiB4bWxucz0iaHR0cDovL3d3dy53My5vcmcvMjAwMC9zdmciPjwvc3ZnPg==\" style=\"--smush-placeholder-width: 891px; --smush-placeholder-aspect-ratio: 891\/630;\" \/><\/figure>\n\n\n\n<figure class=\"wp-block-image size-full\"><img decoding=\"async\" width=\"420\" height=\"630\" data-attachment-id=\"112871\" data-permalink=\"https:\/\/eldiariodesanpedro.com.ar\/sitio\/excelente-convocatoria-en-el-casting-para-talentos-2023\/whatsapp-image-2022-11-26-at-18-59-34-1\/\" data-orig-file=\"https:\/\/eldiariodesanpedro.com.ar\/sitio\/wp-content\/uploads\/2022\/11\/WhatsApp-Image-2022-11-26-at-18.59.34-1.jpeg\" data-orig-size=\"420,630\" data-comments-opened=\"0\" data-image-meta=\"{&quot;aperture&quot;:&quot;0&quot;,&quot;credit&quot;:&quot;&quot;,&quot;camera&quot;:&quot;&quot;,&quot;caption&quot;:&quot;&quot;,&quot;created_timestamp&quot;:&quot;0&quot;,&quot;copyright&quot;:&quot;&quot;,&quot;focal_length&quot;:&quot;0&quot;,&quot;iso&quot;:&quot;0&quot;,&quot;shutter_speed&quot;:&quot;0&quot;,&quot;title&quot;:&quot;&quot;,&quot;orientation&quot;:&quot;0&quot;}\" data-image-title=\"WhatsApp Image 2022-11-26 at 18.59.34 (1)\" data-image-description=\"\" data-image-caption=\"\" data-large-file=\"https:\/\/eldiariodesanpedro.com.ar\/sitio\/wp-content\/uploads\/2022\/11\/WhatsApp-Image-2022-11-26-at-18.59.34-1.jpeg\" data-src=\"https:\/\/eldiariodesanpedro.com.ar\/sitio\/wp-content\/uploads\/2022\/11\/WhatsApp-Image-2022-11-26-at-18.59.34-1.jpeg\" alt=\"\" class=\"wp-image-112871 lazyload\" data-srcset=\"https:\/\/eldiariodesanpedro.com.ar\/sitio\/wp-content\/uploads\/2022\/11\/WhatsApp-Image-2022-11-26-at-18.59.34-1.jpeg 420w, https:\/\/eldiariodesanpedro.com.ar\/sitio\/wp-content\/uploads\/2022\/11\/WhatsApp-Image-2022-11-26-at-18.59.34-1-200x300.jpeg 200w, https:\/\/eldiariodesanpedro.com.ar\/sitio\/wp-content\/uploads\/2022\/11\/WhatsApp-Image-2022-11-26-at-18.59.34-1-400x600.jpeg 400w\" data-sizes=\"(max-width: 420px) 100vw, 420px\" src=\"data:image\/svg+xml;base64,PHN2ZyB3aWR0aD0iMSIgaGVpZ2h0PSIxIiB4bWxucz0iaHR0cDovL3d3dy53My5vcmcvMjAwMC9zdmciPjwvc3ZnPg==\" style=\"--smush-placeholder-width: 420px; --smush-placeholder-aspect-ratio: 420\/630;\" \/><\/figure>\n\n\n\n<figure class=\"wp-block-image size-full\"><img decoding=\"async\" width=\"445\" height=\"630\" data-attachment-id=\"112873\" data-permalink=\"https:\/\/eldiariodesanpedro.com.ar\/sitio\/excelente-convocatoria-en-el-casting-para-talentos-2023\/whatsapp-image-2022-11-26-at-18-59-35-1\/\" data-orig-file=\"https:\/\/eldiariodesanpedro.com.ar\/sitio\/wp-content\/uploads\/2022\/11\/WhatsApp-Image-2022-11-26-at-18.59.35-1.jpeg\" data-orig-size=\"445,630\" data-comments-opened=\"0\" data-image-meta=\"{&quot;aperture&quot;:&quot;0&quot;,&quot;credit&quot;:&quot;&quot;,&quot;camera&quot;:&quot;&quot;,&quot;caption&quot;:&quot;&quot;,&quot;created_timestamp&quot;:&quot;0&quot;,&quot;copyright&quot;:&quot;&quot;,&quot;focal_length&quot;:&quot;0&quot;,&quot;iso&quot;:&quot;0&quot;,&quot;shutter_speed&quot;:&quot;0&quot;,&quot;title&quot;:&quot;&quot;,&quot;orientation&quot;:&quot;0&quot;}\" data-image-title=\"WhatsApp Image 2022-11-26 at 18.59.35 (1)\" data-image-description=\"\" data-image-caption=\"\" data-large-file=\"https:\/\/eldiariodesanpedro.com.ar\/sitio\/wp-content\/uploads\/2022\/11\/WhatsApp-Image-2022-11-26-at-18.59.35-1.jpeg\" data-src=\"https:\/\/eldiariodesanpedro.com.ar\/sitio\/wp-content\/uploads\/2022\/11\/WhatsApp-Image-2022-11-26-at-18.59.35-1.jpeg\" alt=\"\" class=\"wp-image-112873 lazyload\" data-srcset=\"https:\/\/eldiariodesanpedro.com.ar\/sitio\/wp-content\/uploads\/2022\/11\/WhatsApp-Image-2022-11-26-at-18.59.35-1.jpeg 445w, https:\/\/eldiariodesanpedro.com.ar\/sitio\/wp-content\/uploads\/2022\/11\/WhatsApp-Image-2022-11-26-at-18.59.35-1-212x300.jpeg 212w\" data-sizes=\"(max-width: 445px) 100vw, 445px\" src=\"data:image\/svg+xml;base64,PHN2ZyB3aWR0aD0iMSIgaGVpZ2h0PSIxIiB4bWxucz0iaHR0cDovL3d3dy53My5vcmcvMjAwMC9zdmciPjwvc3ZnPg==\" style=\"--smush-placeholder-width: 445px; --smush-placeholder-aspect-ratio: 445\/630;\" \/><\/figure>\n\n\n\n<figure class=\"wp-block-image size-full\"><img decoding=\"async\" width=\"420\" height=\"630\" data-attachment-id=\"112874\" data-permalink=\"https:\/\/eldiariodesanpedro.com.ar\/sitio\/excelente-convocatoria-en-el-casting-para-talentos-2023\/whatsapp-image-2022-11-26-at-18-59-35\/\" data-orig-file=\"https:\/\/eldiariodesanpedro.com.ar\/sitio\/wp-content\/uploads\/2022\/11\/WhatsApp-Image-2022-11-26-at-18.59.35.jpeg\" data-orig-size=\"420,630\" data-comments-opened=\"0\" data-image-meta=\"{&quot;aperture&quot;:&quot;0&quot;,&quot;credit&quot;:&quot;&quot;,&quot;camera&quot;:&quot;&quot;,&quot;caption&quot;:&quot;&quot;,&quot;created_timestamp&quot;:&quot;0&quot;,&quot;copyright&quot;:&quot;&quot;,&quot;focal_length&quot;:&quot;0&quot;,&quot;iso&quot;:&quot;0&quot;,&quot;shutter_speed&quot;:&quot;0&quot;,&quot;title&quot;:&quot;&quot;,&quot;orientation&quot;:&quot;0&quot;}\" data-image-title=\"WhatsApp Image 2022-11-26 at 18.59.35\" data-image-description=\"\" data-image-caption=\"\" data-large-file=\"https:\/\/eldiariodesanpedro.com.ar\/sitio\/wp-content\/uploads\/2022\/11\/WhatsApp-Image-2022-11-26-at-18.59.35.jpeg\" data-src=\"https:\/\/eldiariodesanpedro.com.ar\/sitio\/wp-content\/uploads\/2022\/11\/WhatsApp-Image-2022-11-26-at-18.59.35.jpeg\" alt=\"\" class=\"wp-image-112874 lazyload\" data-srcset=\"https:\/\/eldiariodesanpedro.com.ar\/sitio\/wp-content\/uploads\/2022\/11\/WhatsApp-Image-2022-11-26-at-18.59.35.jpeg 420w, https:\/\/eldiariodesanpedro.com.ar\/sitio\/wp-content\/uploads\/2022\/11\/WhatsApp-Image-2022-11-26-at-18.59.35-200x300.jpeg 200w, https:\/\/eldiariodesanpedro.com.ar\/sitio\/wp-content\/uploads\/2022\/11\/WhatsApp-Image-2022-11-26-at-18.59.35-400x600.jpeg 400w\" data-sizes=\"(max-width: 420px) 100vw, 420px\" src=\"data:image\/svg+xml;base64,PHN2ZyB3aWR0aD0iMSIgaGVpZ2h0PSIxIiB4bWxucz0iaHR0cDovL3d3dy53My5vcmcvMjAwMC9zdmciPjwvc3ZnPg==\" style=\"--smush-placeholder-width: 420px; --smush-placeholder-aspect-ratio: 420\/630;\" \/><\/figure>\n","protected":false},"excerpt":{"rendered":"<p>El Centro Cultural Abelardo Castillo recibi\u00f3 este s\u00e1bado a los primeros aspirantes para ser programados en el casting organizado por la Secretar\u00eda de Turismo y Cultura y CV Producciones, preparando los shows que Rodrigo Lusich conducir\u00e1 en San Pedro durante el pr\u00f3ximo verano. La productora que tiene a su cargo este show y la presentaci\u00f3n [&hellip;]<\/p>\n","protected":false},"author":4,"featured_media":112872,"comment_status":"closed","ping_status":"closed","sticky":false,"template":"","format":"standard","meta":{"om_disable_all_campaigns":false,"_jetpack_memberships_contains_paid_content":false,"footnotes":""},"categories":[101,2],"tags":[197,696,33,19],"class_list":["post-112869","post","type-post","status-publish","format-standard","has-post-thumbnail","hentry","category-interes-general-locales","category-locales","tag-buenos-aires","tag-interes-general","tag-locales","tag-san-pedro"],"aioseo_notices":[],"gutentor_comment":0,"jetpack_featured_media_url":"https:\/\/eldiariodesanpedro.com.ar\/sitio\/wp-content\/uploads\/2022\/11\/WhatsApp-Image-2022-11-26-at-18.59.34.jpeg","jetpack_shortlink":"https:\/\/wp.me\/p6RhLt-tmt","jetpack_sharing_enabled":true,"_links":{"self":[{"href":"https:\/\/eldiariodesanpedro.com.ar\/sitio\/wp-json\/wp\/v2\/posts\/112869","targetHints":{"allow":["GET"]}}],"collection":[{"href":"https:\/\/eldiariodesanpedro.com.ar\/sitio\/wp-json\/wp\/v2\/posts"}],"about":[{"href":"https:\/\/eldiariodesanpedro.com.ar\/sitio\/wp-json\/wp\/v2\/types\/post"}],"author":[{"embeddable":true,"href":"https:\/\/eldiariodesanpedro.com.ar\/sitio\/wp-json\/wp\/v2\/users\/4"}],"replies":[{"embeddable":true,"href":"https:\/\/eldiariodesanpedro.com.ar\/sitio\/wp-json\/wp\/v2\/comments?post=112869"}],"version-history":[{"count":1,"href":"https:\/\/eldiariodesanpedro.com.ar\/sitio\/wp-json\/wp\/v2\/posts\/112869\/revisions"}],"predecessor-version":[{"id":112875,"href":"https:\/\/eldiariodesanpedro.com.ar\/sitio\/wp-json\/wp\/v2\/posts\/112869\/revisions\/112875"}],"wp:featuredmedia":[{"embeddable":true,"href":"https:\/\/eldiariodesanpedro.com.ar\/sitio\/wp-json\/wp\/v2\/media\/112872"}],"wp:attachment":[{"href":"https:\/\/eldiariodesanpedro.com.ar\/sitio\/wp-json\/wp\/v2\/media?parent=112869"}],"wp:term":[{"taxonomy":"category","embeddable":true,"href":"https:\/\/eldiariodesanpedro.com.ar\/sitio\/wp-json\/wp\/v2\/categories?post=112869"},{"taxonomy":"post_tag","embeddable":true,"href":"https:\/\/eldiariodesanpedro.com.ar\/sitio\/wp-json\/wp\/v2\/tags?post=112869"}],"curies":[{"name":"wp","href":"https:\/\/api.w.org\/{rel}","templated":true}]}}