{"id":112855,"date":"2022-11-28T09:41:18","date_gmt":"2022-11-28T12:41:18","guid":{"rendered":"https:\/\/eldiariodesanpedro.com.ar\/sitio\/?p=112855"},"modified":"2022-11-28T09:41:19","modified_gmt":"2022-11-28T12:41:19","slug":"jornada-historica-de-recoleccion-de-plasma-en-san-pedro-para-tratar-a-pacientes-con-fha","status":"publish","type":"post","link":"https:\/\/eldiariodesanpedro.com.ar\/sitio\/jornada-historica-de-recoleccion-de-plasma-en-san-pedro-para-tratar-a-pacientes-con-fha\/","title":{"rendered":"Jornada hist\u00f3rica de recolecci\u00f3n de plasma en San Pedro para tratar a pacientes con FHA"},"content":{"rendered":"<!-- VideographyWP Plugin Message: Automatic video embedding prevented by plugin options. -->\n\n<p>El servicio de Hemoterapia del Hospital de San Pedro a cargo de la Dra. Renata Agazzi junto al Instituto Nacional de Enfermedades Virales Humanas (INEVH) y el Instituto Provincial de Hemoterapia de La Plata con la presencia de su directora, la Dra. Laura Gonz\u00e1lez, y la colaboraci\u00f3n de la Regi\u00f3n Sanitaria IV y la Secretar\u00eda de Salud de San Pedro llevaron a cabo este viernes una jornada de recolecci\u00f3n de plasma inmune para tratar la Fiebre Hemorr\u00e1gica Argentina.<\/p>\n\n\n\n<p>Por sus caracter\u00edsticas, por la concurrencia y por las perspectivas que se abren en el futuro para poder aplicar tratamientos en San Pedro, la jornada fue calificada como \u00abhist\u00f3rica\u00bb por quienes trabajaron para concretarla. Hoy llegaron al Sal\u00f3n de Usos M\u00faltiples del Polo de Salud, luego de haber concretado jornadas en San Nicol\u00e1s y Pergamino.<\/p>\n\n\n\n<p>Con cita previa, concurrieron pacientes recuperados de Fiebre Hemorr\u00e1gica Argentina, donantes voluntarios, que solidariamente participan de estas actividades que le permiten al sistema de salud contar con mayor cantidad de plasma para el banco con el que se brinda asistencia a quienes sufren la enfermedad. Las 32 dosis obtenidas equivalen a m\u00e1s de 20 tratamientos.<\/p>\n\n\n\n<p>El operativo cont\u00f3 con la colaboraci\u00f3n de m\u00e1s 20 trabajadores de la salud, entre t\u00e9cnicos en hemoterapia, m\u00e9dicos hemoterapistas y personal de la Secretar\u00eda de Salud. Es importante remarcar que sin estos tratamientos la mortalidad de la enfermedad conocida como \u00abMal de los Rastrojos\u00bb o \u00abFiebre Hemorr\u00e1gica Argentina\u00bb asciende al 30%.<\/p>\n\n\n\n<p>La gesti\u00f3n que viene realizando el Servicio de Hemoterapia del Hospital de San Pedro desde hace m\u00e1s de un mes en conjunto con el Instituto Provincial y el INEVH permitir\u00e1 que nuestro Hospital cuente con los recursos necesarios para realizar tratamientos de ser necesario y sumar tratamientos disponibles en la regi\u00f3n.<\/p>\n\n\n\n<figure class=\"wp-block-image size-full\"><img decoding=\"async\" width=\"420\" height=\"630\" data-attachment-id=\"112860\" data-permalink=\"https:\/\/eldiariodesanpedro.com.ar\/sitio\/jornada-historica-de-recoleccion-de-plasma-en-san-pedro-para-tratar-a-pacientes-con-fha\/whatsapp-image-2022-11-25-at-18-59-10\/\" data-orig-file=\"https:\/\/eldiariodesanpedro.com.ar\/sitio\/wp-content\/uploads\/2022\/11\/WhatsApp-Image-2022-11-25-at-18.59.10.jpeg\" data-orig-size=\"420,630\" data-comments-opened=\"0\" data-image-meta=\"{&quot;aperture&quot;:&quot;0&quot;,&quot;credit&quot;:&quot;&quot;,&quot;camera&quot;:&quot;&quot;,&quot;caption&quot;:&quot;&quot;,&quot;created_timestamp&quot;:&quot;0&quot;,&quot;copyright&quot;:&quot;&quot;,&quot;focal_length&quot;:&quot;0&quot;,&quot;iso&quot;:&quot;0&quot;,&quot;shutter_speed&quot;:&quot;0&quot;,&quot;title&quot;:&quot;&quot;,&quot;orientation&quot;:&quot;0&quot;}\" data-image-title=\"WhatsApp Image 2022-11-25 at 18.59.10\" data-image-description=\"\" data-image-caption=\"\" data-large-file=\"https:\/\/eldiariodesanpedro.com.ar\/sitio\/wp-content\/uploads\/2022\/11\/WhatsApp-Image-2022-11-25-at-18.59.10.jpeg\" data-src=\"https:\/\/eldiariodesanpedro.com.ar\/sitio\/wp-content\/uploads\/2022\/11\/WhatsApp-Image-2022-11-25-at-18.59.10.jpeg\" alt=\"\" class=\"wp-image-112860 lazyload\" data-srcset=\"https:\/\/eldiariodesanpedro.com.ar\/sitio\/wp-content\/uploads\/2022\/11\/WhatsApp-Image-2022-11-25-at-18.59.10.jpeg 420w, https:\/\/eldiariodesanpedro.com.ar\/sitio\/wp-content\/uploads\/2022\/11\/WhatsApp-Image-2022-11-25-at-18.59.10-200x300.jpeg 200w, https:\/\/eldiariodesanpedro.com.ar\/sitio\/wp-content\/uploads\/2022\/11\/WhatsApp-Image-2022-11-25-at-18.59.10-400x600.jpeg 400w\" data-sizes=\"(max-width: 420px) 100vw, 420px\" src=\"data:image\/svg+xml;base64,PHN2ZyB3aWR0aD0iMSIgaGVpZ2h0PSIxIiB4bWxucz0iaHR0cDovL3d3dy53My5vcmcvMjAwMC9zdmciPjwvc3ZnPg==\" style=\"--smush-placeholder-width: 420px; --smush-placeholder-aspect-ratio: 420\/630;\" \/><\/figure>\n\n\n\n<figure class=\"wp-block-image size-full\"><img decoding=\"async\" width=\"945\" height=\"630\" data-attachment-id=\"112859\" data-permalink=\"https:\/\/eldiariodesanpedro.com.ar\/sitio\/jornada-historica-de-recoleccion-de-plasma-en-san-pedro-para-tratar-a-pacientes-con-fha\/whatsapp-image-2022-11-25-at-18-59-10-1\/\" data-orig-file=\"https:\/\/eldiariodesanpedro.com.ar\/sitio\/wp-content\/uploads\/2022\/11\/WhatsApp-Image-2022-11-25-at-18.59.10-1.jpeg\" data-orig-size=\"945,630\" data-comments-opened=\"0\" data-image-meta=\"{&quot;aperture&quot;:&quot;0&quot;,&quot;credit&quot;:&quot;&quot;,&quot;camera&quot;:&quot;&quot;,&quot;caption&quot;:&quot;&quot;,&quot;created_timestamp&quot;:&quot;0&quot;,&quot;copyright&quot;:&quot;&quot;,&quot;focal_length&quot;:&quot;0&quot;,&quot;iso&quot;:&quot;0&quot;,&quot;shutter_speed&quot;:&quot;0&quot;,&quot;title&quot;:&quot;&quot;,&quot;orientation&quot;:&quot;0&quot;}\" data-image-title=\"WhatsApp Image 2022-11-25 at 18.59.10 (1)\" data-image-description=\"\" data-image-caption=\"\" data-large-file=\"https:\/\/eldiariodesanpedro.com.ar\/sitio\/wp-content\/uploads\/2022\/11\/WhatsApp-Image-2022-11-25-at-18.59.10-1.jpeg\" data-src=\"https:\/\/eldiariodesanpedro.com.ar\/sitio\/wp-content\/uploads\/2022\/11\/WhatsApp-Image-2022-11-25-at-18.59.10-1.jpeg\" alt=\"\" class=\"wp-image-112859 lazyload\" data-srcset=\"https:\/\/eldiariodesanpedro.com.ar\/sitio\/wp-content\/uploads\/2022\/11\/WhatsApp-Image-2022-11-25-at-18.59.10-1.jpeg 945w, https:\/\/eldiariodesanpedro.com.ar\/sitio\/wp-content\/uploads\/2022\/11\/WhatsApp-Image-2022-11-25-at-18.59.10-1-300x200.jpeg 300w, https:\/\/eldiariodesanpedro.com.ar\/sitio\/wp-content\/uploads\/2022\/11\/WhatsApp-Image-2022-11-25-at-18.59.10-1-768x512.jpeg 768w\" data-sizes=\"(max-width: 945px) 100vw, 945px\" src=\"data:image\/svg+xml;base64,PHN2ZyB3aWR0aD0iMSIgaGVpZ2h0PSIxIiB4bWxucz0iaHR0cDovL3d3dy53My5vcmcvMjAwMC9zdmciPjwvc3ZnPg==\" style=\"--smush-placeholder-width: 945px; --smush-placeholder-aspect-ratio: 945\/630;\" \/><\/figure>\n\n\n\n<figure class=\"wp-block-image size-full\"><img decoding=\"async\" width=\"945\" height=\"630\" data-attachment-id=\"112858\" data-permalink=\"https:\/\/eldiariodesanpedro.com.ar\/sitio\/jornada-historica-de-recoleccion-de-plasma-en-san-pedro-para-tratar-a-pacientes-con-fha\/whatsapp-image-2022-11-25-at-18-59-09\/\" data-orig-file=\"https:\/\/eldiariodesanpedro.com.ar\/sitio\/wp-content\/uploads\/2022\/11\/WhatsApp-Image-2022-11-25-at-18.59.09.jpeg\" data-orig-size=\"945,630\" data-comments-opened=\"0\" data-image-meta=\"{&quot;aperture&quot;:&quot;0&quot;,&quot;credit&quot;:&quot;&quot;,&quot;camera&quot;:&quot;&quot;,&quot;caption&quot;:&quot;&quot;,&quot;created_timestamp&quot;:&quot;0&quot;,&quot;copyright&quot;:&quot;&quot;,&quot;focal_length&quot;:&quot;0&quot;,&quot;iso&quot;:&quot;0&quot;,&quot;shutter_speed&quot;:&quot;0&quot;,&quot;title&quot;:&quot;&quot;,&quot;orientation&quot;:&quot;0&quot;}\" data-image-title=\"WhatsApp Image 2022-11-25 at 18.59.09\" data-image-description=\"\" data-image-caption=\"\" data-large-file=\"https:\/\/eldiariodesanpedro.com.ar\/sitio\/wp-content\/uploads\/2022\/11\/WhatsApp-Image-2022-11-25-at-18.59.09.jpeg\" data-src=\"https:\/\/eldiariodesanpedro.com.ar\/sitio\/wp-content\/uploads\/2022\/11\/WhatsApp-Image-2022-11-25-at-18.59.09.jpeg\" alt=\"\" class=\"wp-image-112858 lazyload\" data-srcset=\"https:\/\/eldiariodesanpedro.com.ar\/sitio\/wp-content\/uploads\/2022\/11\/WhatsApp-Image-2022-11-25-at-18.59.09.jpeg 945w, https:\/\/eldiariodesanpedro.com.ar\/sitio\/wp-content\/uploads\/2022\/11\/WhatsApp-Image-2022-11-25-at-18.59.09-300x200.jpeg 300w, https:\/\/eldiariodesanpedro.com.ar\/sitio\/wp-content\/uploads\/2022\/11\/WhatsApp-Image-2022-11-25-at-18.59.09-768x512.jpeg 768w\" data-sizes=\"(max-width: 945px) 100vw, 945px\" src=\"data:image\/svg+xml;base64,PHN2ZyB3aWR0aD0iMSIgaGVpZ2h0PSIxIiB4bWxucz0iaHR0cDovL3d3dy53My5vcmcvMjAwMC9zdmciPjwvc3ZnPg==\" style=\"--smush-placeholder-width: 945px; --smush-placeholder-aspect-ratio: 945\/630;\" \/><\/figure>\n\n\n\n<figure class=\"wp-block-image size-full\"><img decoding=\"async\" width=\"945\" height=\"630\" data-attachment-id=\"112856\" data-permalink=\"https:\/\/eldiariodesanpedro.com.ar\/sitio\/jornada-historica-de-recoleccion-de-plasma-en-san-pedro-para-tratar-a-pacientes-con-fha\/whatsapp-image-2022-11-25-at-18-59-06\/\" data-orig-file=\"https:\/\/eldiariodesanpedro.com.ar\/sitio\/wp-content\/uploads\/2022\/11\/WhatsApp-Image-2022-11-25-at-18.59.06.jpeg\" data-orig-size=\"945,630\" data-comments-opened=\"0\" data-image-meta=\"{&quot;aperture&quot;:&quot;0&quot;,&quot;credit&quot;:&quot;&quot;,&quot;camera&quot;:&quot;&quot;,&quot;caption&quot;:&quot;&quot;,&quot;created_timestamp&quot;:&quot;0&quot;,&quot;copyright&quot;:&quot;&quot;,&quot;focal_length&quot;:&quot;0&quot;,&quot;iso&quot;:&quot;0&quot;,&quot;shutter_speed&quot;:&quot;0&quot;,&quot;title&quot;:&quot;&quot;,&quot;orientation&quot;:&quot;0&quot;}\" data-image-title=\"WhatsApp Image 2022-11-25 at 18.59.06\" data-image-description=\"\" data-image-caption=\"\" data-large-file=\"https:\/\/eldiariodesanpedro.com.ar\/sitio\/wp-content\/uploads\/2022\/11\/WhatsApp-Image-2022-11-25-at-18.59.06.jpeg\" data-src=\"https:\/\/eldiariodesanpedro.com.ar\/sitio\/wp-content\/uploads\/2022\/11\/WhatsApp-Image-2022-11-25-at-18.59.06.jpeg\" alt=\"\" class=\"wp-image-112856 lazyload\" data-srcset=\"https:\/\/eldiariodesanpedro.com.ar\/sitio\/wp-content\/uploads\/2022\/11\/WhatsApp-Image-2022-11-25-at-18.59.06.jpeg 945w, https:\/\/eldiariodesanpedro.com.ar\/sitio\/wp-content\/uploads\/2022\/11\/WhatsApp-Image-2022-11-25-at-18.59.06-300x200.jpeg 300w, https:\/\/eldiariodesanpedro.com.ar\/sitio\/wp-content\/uploads\/2022\/11\/WhatsApp-Image-2022-11-25-at-18.59.06-768x512.jpeg 768w\" data-sizes=\"(max-width: 945px) 100vw, 945px\" src=\"data:image\/svg+xml;base64,PHN2ZyB3aWR0aD0iMSIgaGVpZ2h0PSIxIiB4bWxucz0iaHR0cDovL3d3dy53My5vcmcvMjAwMC9zdmciPjwvc3ZnPg==\" style=\"--smush-placeholder-width: 945px; --smush-placeholder-aspect-ratio: 945\/630;\" \/><\/figure>\n","protected":false},"excerpt":{"rendered":"<p>El servicio de Hemoterapia del Hospital de San Pedro a cargo de la Dra. Renata Agazzi junto al Instituto Nacional de Enfermedades Virales Humanas (INEVH) y el Instituto Provincial de Hemoterapia de La Plata con la presencia de su directora, la Dra. Laura Gonz\u00e1lez, y la colaboraci\u00f3n de la Regi\u00f3n Sanitaria IV y la Secretar\u00eda [&hellip;]<\/p>\n","protected":false},"author":4,"featured_media":112857,"comment_status":"closed","ping_status":"closed","sticky":false,"template":"","format":"standard","meta":{"om_disable_all_campaigns":false,"_jetpack_memberships_contains_paid_content":false,"footnotes":""},"categories":[50,101,2],"tags":[197,696,33,19],"class_list":["post-112855","post","type-post","status-publish","format-standard","has-post-thumbnail","hentry","category-destacadas","category-interes-general-locales","category-locales","tag-buenos-aires","tag-interes-general","tag-locales","tag-san-pedro"],"aioseo_notices":[],"gutentor_comment":0,"jetpack_featured_media_url":"https:\/\/eldiariodesanpedro.com.ar\/sitio\/wp-content\/uploads\/2022\/11\/WhatsApp-Image-2022-11-25-at-18.59.07.jpeg","jetpack_shortlink":"https:\/\/wp.me\/p6RhLt-tmf","jetpack_sharing_enabled":true,"_links":{"self":[{"href":"https:\/\/eldiariodesanpedro.com.ar\/sitio\/wp-json\/wp\/v2\/posts\/112855","targetHints":{"allow":["GET"]}}],"collection":[{"href":"https:\/\/eldiariodesanpedro.com.ar\/sitio\/wp-json\/wp\/v2\/posts"}],"about":[{"href":"https:\/\/eldiariodesanpedro.com.ar\/sitio\/wp-json\/wp\/v2\/types\/post"}],"author":[{"embeddable":true,"href":"https:\/\/eldiariodesanpedro.com.ar\/sitio\/wp-json\/wp\/v2\/users\/4"}],"replies":[{"embeddable":true,"href":"https:\/\/eldiariodesanpedro.com.ar\/sitio\/wp-json\/wp\/v2\/comments?post=112855"}],"version-history":[{"count":1,"href":"https:\/\/eldiariodesanpedro.com.ar\/sitio\/wp-json\/wp\/v2\/posts\/112855\/revisions"}],"predecessor-version":[{"id":112861,"href":"https:\/\/eldiariodesanpedro.com.ar\/sitio\/wp-json\/wp\/v2\/posts\/112855\/revisions\/112861"}],"wp:featuredmedia":[{"embeddable":true,"href":"https:\/\/eldiariodesanpedro.com.ar\/sitio\/wp-json\/wp\/v2\/media\/112857"}],"wp:attachment":[{"href":"https:\/\/eldiariodesanpedro.com.ar\/sitio\/wp-json\/wp\/v2\/media?parent=112855"}],"wp:term":[{"taxonomy":"category","embeddable":true,"href":"https:\/\/eldiariodesanpedro.com.ar\/sitio\/wp-json\/wp\/v2\/categories?post=112855"},{"taxonomy":"post_tag","embeddable":true,"href":"https:\/\/eldiariodesanpedro.com.ar\/sitio\/wp-json\/wp\/v2\/tags?post=112855"}],"curies":[{"name":"wp","href":"https:\/\/api.w.org\/{rel}","templated":true}]}}