{"id":112847,"date":"2022-11-28T09:30:59","date_gmt":"2022-11-28T12:30:59","guid":{"rendered":"https:\/\/eldiariodesanpedro.com.ar\/sitio\/?p=112847"},"modified":"2022-11-28T09:31:00","modified_gmt":"2022-11-28T12:31:00","slug":"el-ministro-de-desarrollo-agrario-y-el-intendente-salazar-en-el-encuentro-regional-de-productores-bonaerenses","status":"publish","type":"post","link":"https:\/\/eldiariodesanpedro.com.ar\/sitio\/el-ministro-de-desarrollo-agrario-y-el-intendente-salazar-en-el-encuentro-regional-de-productores-bonaerenses\/","title":{"rendered":"El Ministro de Desarrollo Agrario y el Intendente Salazar en el Encuentro Regional de Productores Bonaerenses"},"content":{"rendered":"<!-- VideographyWP Plugin Message: Automatic video embedding prevented by plugin options. -->\n\n<p>San Pedro fue sede una vez m\u00e1s del Encuentro Regional de Productores Bonaerenses que convoca a productores de diferentes regiones de la Provincia de Buenos Aires, una vez al a\u00f1o en ciudades elegidas por su ubicaci\u00f3n estrat\u00e9gica y su participaci\u00f3n.<\/p>\n\n\n\n<p>El Ministro de Desarrollo Agrario Javier Rodr\u00edguez y el Intendente Ram\u00f3n Salazar, que previamente se reunieron en el Palacio Municipal junto integrantes del equipo de gobierno, encabezaron el encuentro que cont\u00f3 con la coordinaci\u00f3n de autoridades de FEBA, Federaci\u00f3n Econ\u00f3mica de la provincia de Buenos Aires, Banco Provincia, FEBAPRRI y la Subsecretar\u00eda de Agricultura de la Provincia.<\/p>\n\n\n\n<p>Antes del inicio de las mesas tem\u00e1ticas, el Intendente destac\u00f3 este tipo de debates siempre muy positivos y dio la bienvenida en nombre de la Municipalidad de San Pedro.<\/p>\n\n\n\n<p>Agradeci\u00f3 a todos los presentes, la elecci\u00f3n de San Pedro, nuevamente, para esta actividad y muy especialmente a los productores que siguen siendo un pilar fundamental de la econom\u00eda de la regi\u00f3n y generadores de fuentes de trabajo.<\/p>\n\n\n\n<p>Destac\u00f3 las frecuentes visitas del Ministro que viene brindando un gran apoyo a la gesti\u00f3n y que en este tipo de encuentros puede recibir directamente de boca de los productores sus inquietudes para seguir trabajando y de esa manera seguir generando las mejores condiciones para los trabajadores porque \u00abcuando un productor est\u00e1 mal, les va mal a los trabajadores y el Estado debe colaborar para que esto no suceda\u00bb.<\/p>\n\n\n\n<p>Los productores expusieron sus inquietudes y propuestas durante otra jornada muy productiva para analizar la situaci\u00f3n general del sector. Dentro del acto la productora sampedrina, In\u00e9s Corda de Ginart hizo entrega a los funcionarios del libro \u00abMujeres Rurales\u00bb de su autor\u00eda y hubo otros reconocimientos.<\/p>\n\n\n\n<p>Participaron entre otras organizaciones, Asociaci\u00f3n Argentina de Viveristas y Floricultores, C\u00e1mara Regional de Floricultores y Viveristas del Noreste Bonaerense, CAPROEM, Asociaci\u00f3n Frutos de la Tierra y el R\u00edo, Asociaci\u00f3n Civil Pescadores Artesanales \u00abLa Palometa\u00bb, INTA San Pedro, AROPEA- Asociaci\u00f3n Regional del Oeste de Productores Emprendedores y Artesanos, Mercado Mayorista Frutihort\u00edcola San Isidro Labrador de Mercedes, C\u00e1mara Argentina de Productores de Ar\u00e1ndanos y otros Berries, Cooperativa 2 de Septiembre, Cooperativa Argentina De Floricultores LTDA y FECOAPI &#8211; Federaci\u00f3n Argentina de Cooperativas Ap\u00edcolas.<\/p>\n\n\n\n<figure class=\"wp-block-image size-full\"><img decoding=\"async\" width=\"945\" height=\"630\" data-attachment-id=\"112852\" data-permalink=\"https:\/\/eldiariodesanpedro.com.ar\/sitio\/el-ministro-de-desarrollo-agrario-y-el-intendente-salazar-en-el-encuentro-regional-de-productores-bonaerenses\/whatsapp-image-2022-11-25-at-18-25-20\/\" data-orig-file=\"https:\/\/eldiariodesanpedro.com.ar\/sitio\/wp-content\/uploads\/2022\/11\/WhatsApp-Image-2022-11-25-at-18.25.20.jpeg\" data-orig-size=\"945,630\" data-comments-opened=\"0\" data-image-meta=\"{&quot;aperture&quot;:&quot;0&quot;,&quot;credit&quot;:&quot;&quot;,&quot;camera&quot;:&quot;&quot;,&quot;caption&quot;:&quot;&quot;,&quot;created_timestamp&quot;:&quot;0&quot;,&quot;copyright&quot;:&quot;&quot;,&quot;focal_length&quot;:&quot;0&quot;,&quot;iso&quot;:&quot;0&quot;,&quot;shutter_speed&quot;:&quot;0&quot;,&quot;title&quot;:&quot;&quot;,&quot;orientation&quot;:&quot;0&quot;}\" data-image-title=\"WhatsApp Image 2022-11-25 at 18.25.20\" data-image-description=\"\" data-image-caption=\"\" data-large-file=\"https:\/\/eldiariodesanpedro.com.ar\/sitio\/wp-content\/uploads\/2022\/11\/WhatsApp-Image-2022-11-25-at-18.25.20.jpeg\" data-src=\"https:\/\/eldiariodesanpedro.com.ar\/sitio\/wp-content\/uploads\/2022\/11\/WhatsApp-Image-2022-11-25-at-18.25.20.jpeg\" alt=\"\" class=\"wp-image-112852 lazyload\" data-srcset=\"https:\/\/eldiariodesanpedro.com.ar\/sitio\/wp-content\/uploads\/2022\/11\/WhatsApp-Image-2022-11-25-at-18.25.20.jpeg 945w, https:\/\/eldiariodesanpedro.com.ar\/sitio\/wp-content\/uploads\/2022\/11\/WhatsApp-Image-2022-11-25-at-18.25.20-300x200.jpeg 300w, https:\/\/eldiariodesanpedro.com.ar\/sitio\/wp-content\/uploads\/2022\/11\/WhatsApp-Image-2022-11-25-at-18.25.20-768x512.jpeg 768w\" data-sizes=\"(max-width: 945px) 100vw, 945px\" src=\"data:image\/svg+xml;base64,PHN2ZyB3aWR0aD0iMSIgaGVpZ2h0PSIxIiB4bWxucz0iaHR0cDovL3d3dy53My5vcmcvMjAwMC9zdmciPjwvc3ZnPg==\" style=\"--smush-placeholder-width: 945px; --smush-placeholder-aspect-ratio: 945\/630;\" \/><\/figure>\n\n\n\n<figure class=\"wp-block-image size-full\"><img decoding=\"async\" width=\"945\" height=\"630\" data-attachment-id=\"112850\" data-permalink=\"https:\/\/eldiariodesanpedro.com.ar\/sitio\/el-ministro-de-desarrollo-agrario-y-el-intendente-salazar-en-el-encuentro-regional-de-productores-bonaerenses\/whatsapp-image-2022-11-25-at-18-25-19\/\" data-orig-file=\"https:\/\/eldiariodesanpedro.com.ar\/sitio\/wp-content\/uploads\/2022\/11\/WhatsApp-Image-2022-11-25-at-18.25.19.jpeg\" data-orig-size=\"945,630\" data-comments-opened=\"0\" data-image-meta=\"{&quot;aperture&quot;:&quot;0&quot;,&quot;credit&quot;:&quot;&quot;,&quot;camera&quot;:&quot;&quot;,&quot;caption&quot;:&quot;&quot;,&quot;created_timestamp&quot;:&quot;0&quot;,&quot;copyright&quot;:&quot;&quot;,&quot;focal_length&quot;:&quot;0&quot;,&quot;iso&quot;:&quot;0&quot;,&quot;shutter_speed&quot;:&quot;0&quot;,&quot;title&quot;:&quot;&quot;,&quot;orientation&quot;:&quot;0&quot;}\" data-image-title=\"WhatsApp Image 2022-11-25 at 18.25.19\" data-image-description=\"\" data-image-caption=\"\" data-large-file=\"https:\/\/eldiariodesanpedro.com.ar\/sitio\/wp-content\/uploads\/2022\/11\/WhatsApp-Image-2022-11-25-at-18.25.19.jpeg\" data-src=\"https:\/\/eldiariodesanpedro.com.ar\/sitio\/wp-content\/uploads\/2022\/11\/WhatsApp-Image-2022-11-25-at-18.25.19.jpeg\" alt=\"\" class=\"wp-image-112850 lazyload\" data-srcset=\"https:\/\/eldiariodesanpedro.com.ar\/sitio\/wp-content\/uploads\/2022\/11\/WhatsApp-Image-2022-11-25-at-18.25.19.jpeg 945w, https:\/\/eldiariodesanpedro.com.ar\/sitio\/wp-content\/uploads\/2022\/11\/WhatsApp-Image-2022-11-25-at-18.25.19-300x200.jpeg 300w, https:\/\/eldiariodesanpedro.com.ar\/sitio\/wp-content\/uploads\/2022\/11\/WhatsApp-Image-2022-11-25-at-18.25.19-768x512.jpeg 768w\" data-sizes=\"(max-width: 945px) 100vw, 945px\" src=\"data:image\/svg+xml;base64,PHN2ZyB3aWR0aD0iMSIgaGVpZ2h0PSIxIiB4bWxucz0iaHR0cDovL3d3dy53My5vcmcvMjAwMC9zdmciPjwvc3ZnPg==\" style=\"--smush-placeholder-width: 945px; --smush-placeholder-aspect-ratio: 945\/630;\" \/><\/figure>\n\n\n\n<figure class=\"wp-block-image size-full\"><img decoding=\"async\" width=\"945\" height=\"630\" data-attachment-id=\"112853\" data-permalink=\"https:\/\/eldiariodesanpedro.com.ar\/sitio\/el-ministro-de-desarrollo-agrario-y-el-intendente-salazar-en-el-encuentro-regional-de-productores-bonaerenses\/whatsapp-image-2022-11-25-at-18-25-21\/\" data-orig-file=\"https:\/\/eldiariodesanpedro.com.ar\/sitio\/wp-content\/uploads\/2022\/11\/WhatsApp-Image-2022-11-25-at-18.25.21.jpeg\" data-orig-size=\"945,630\" data-comments-opened=\"0\" data-image-meta=\"{&quot;aperture&quot;:&quot;0&quot;,&quot;credit&quot;:&quot;&quot;,&quot;camera&quot;:&quot;&quot;,&quot;caption&quot;:&quot;&quot;,&quot;created_timestamp&quot;:&quot;0&quot;,&quot;copyright&quot;:&quot;&quot;,&quot;focal_length&quot;:&quot;0&quot;,&quot;iso&quot;:&quot;0&quot;,&quot;shutter_speed&quot;:&quot;0&quot;,&quot;title&quot;:&quot;&quot;,&quot;orientation&quot;:&quot;0&quot;}\" data-image-title=\"WhatsApp Image 2022-11-25 at 18.25.21\" data-image-description=\"\" data-image-caption=\"\" data-large-file=\"https:\/\/eldiariodesanpedro.com.ar\/sitio\/wp-content\/uploads\/2022\/11\/WhatsApp-Image-2022-11-25-at-18.25.21.jpeg\" data-src=\"https:\/\/eldiariodesanpedro.com.ar\/sitio\/wp-content\/uploads\/2022\/11\/WhatsApp-Image-2022-11-25-at-18.25.21.jpeg\" alt=\"\" class=\"wp-image-112853 lazyload\" data-srcset=\"https:\/\/eldiariodesanpedro.com.ar\/sitio\/wp-content\/uploads\/2022\/11\/WhatsApp-Image-2022-11-25-at-18.25.21.jpeg 945w, https:\/\/eldiariodesanpedro.com.ar\/sitio\/wp-content\/uploads\/2022\/11\/WhatsApp-Image-2022-11-25-at-18.25.21-300x200.jpeg 300w, https:\/\/eldiariodesanpedro.com.ar\/sitio\/wp-content\/uploads\/2022\/11\/WhatsApp-Image-2022-11-25-at-18.25.21-768x512.jpeg 768w\" data-sizes=\"(max-width: 945px) 100vw, 945px\" src=\"data:image\/svg+xml;base64,PHN2ZyB3aWR0aD0iMSIgaGVpZ2h0PSIxIiB4bWxucz0iaHR0cDovL3d3dy53My5vcmcvMjAwMC9zdmciPjwvc3ZnPg==\" style=\"--smush-placeholder-width: 945px; --smush-placeholder-aspect-ratio: 945\/630;\" \/><\/figure>\n","protected":false},"excerpt":{"rendered":"<p>San Pedro fue sede una vez m\u00e1s del Encuentro Regional de Productores Bonaerenses que convoca a productores de diferentes regiones de la Provincia de Buenos Aires, una vez al a\u00f1o en ciudades elegidas por su ubicaci\u00f3n estrat\u00e9gica y su participaci\u00f3n. El Ministro de Desarrollo Agrario Javier Rodr\u00edguez y el Intendente Ram\u00f3n Salazar, que previamente se [&hellip;]<\/p>\n","protected":false},"author":4,"featured_media":112848,"comment_status":"closed","ping_status":"closed","sticky":false,"template":"","format":"standard","meta":{"om_disable_all_campaigns":false,"_jetpack_memberships_contains_paid_content":false,"footnotes":""},"categories":[50,101,2],"tags":[197,696,33,19],"class_list":["post-112847","post","type-post","status-publish","format-standard","has-post-thumbnail","hentry","category-destacadas","category-interes-general-locales","category-locales","tag-buenos-aires","tag-interes-general","tag-locales","tag-san-pedro"],"aioseo_notices":[],"gutentor_comment":0,"jetpack_featured_media_url":"https:\/\/eldiariodesanpedro.com.ar\/sitio\/wp-content\/uploads\/2022\/11\/WhatsApp-Image-2022-11-25-at-18.25.14.jpeg","jetpack_shortlink":"https:\/\/wp.me\/p6RhLt-tm7","jetpack_sharing_enabled":true,"_links":{"self":[{"href":"https:\/\/eldiariodesanpedro.com.ar\/sitio\/wp-json\/wp\/v2\/posts\/112847","targetHints":{"allow":["GET"]}}],"collection":[{"href":"https:\/\/eldiariodesanpedro.com.ar\/sitio\/wp-json\/wp\/v2\/posts"}],"about":[{"href":"https:\/\/eldiariodesanpedro.com.ar\/sitio\/wp-json\/wp\/v2\/types\/post"}],"author":[{"embeddable":true,"href":"https:\/\/eldiariodesanpedro.com.ar\/sitio\/wp-json\/wp\/v2\/users\/4"}],"replies":[{"embeddable":true,"href":"https:\/\/eldiariodesanpedro.com.ar\/sitio\/wp-json\/wp\/v2\/comments?post=112847"}],"version-history":[{"count":1,"href":"https:\/\/eldiariodesanpedro.com.ar\/sitio\/wp-json\/wp\/v2\/posts\/112847\/revisions"}],"predecessor-version":[{"id":112854,"href":"https:\/\/eldiariodesanpedro.com.ar\/sitio\/wp-json\/wp\/v2\/posts\/112847\/revisions\/112854"}],"wp:featuredmedia":[{"embeddable":true,"href":"https:\/\/eldiariodesanpedro.com.ar\/sitio\/wp-json\/wp\/v2\/media\/112848"}],"wp:attachment":[{"href":"https:\/\/eldiariodesanpedro.com.ar\/sitio\/wp-json\/wp\/v2\/media?parent=112847"}],"wp:term":[{"taxonomy":"category","embeddable":true,"href":"https:\/\/eldiariodesanpedro.com.ar\/sitio\/wp-json\/wp\/v2\/categories?post=112847"},{"taxonomy":"post_tag","embeddable":true,"href":"https:\/\/eldiariodesanpedro.com.ar\/sitio\/wp-json\/wp\/v2\/tags?post=112847"}],"curies":[{"name":"wp","href":"https:\/\/api.w.org\/{rel}","templated":true}]}}