{"id":112840,"date":"2022-11-25T11:07:40","date_gmt":"2022-11-25T14:07:40","guid":{"rendered":"https:\/\/eldiariodesanpedro.com.ar\/sitio\/?p=112840"},"modified":"2022-11-25T11:07:41","modified_gmt":"2022-11-25T14:07:41","slug":"amplia-agenda-de-actividades-culturales-e-institucionales-en-el-fin-de-semana","status":"publish","type":"post","link":"https:\/\/eldiariodesanpedro.com.ar\/sitio\/amplia-agenda-de-actividades-culturales-e-institucionales-en-el-fin-de-semana\/","title":{"rendered":"Amplia agenda de actividades culturales e institucionales en el fin de semana"},"content":{"rendered":"<!-- VideographyWP Plugin Message: Automatic video embedding prevented by plugin options. -->\n\n<p>En la Casona de la Secretar\u00eda de Turismo y Cultura se presentaron las propuestas de la agenda cultural e institucional del fin de semana que comienzan hoy se extienden hasta el domingo.<\/p>\n\n\n\n<p>La titular del \u00e1rea Marcela Cu\u00f1er junto a representantes de la organizaci\u00f3n de algunas de estas iniciativas brindaron los detalles.<\/p>\n\n\n\n<p>Desde la Secretar\u00eda junto a CV Producciones se organiza el s\u00e1bado desde las 10, el casting de talentos para las veladas que conducir\u00e1 durante el verano 2023 el periodista Rodrigo Lusich con un premio de $ 200.000.<\/p>\n\n\n\n<p>N\u00e9stor Moyano junto al equipo de producci\u00f3n que lo acompa\u00f1a, recibir\u00e1n a los interesados en concursar en las diferentes variantes posibles que comprenden m\u00fasica, baile y otras actividades esc\u00e9nicas.<\/p>\n\n\n\n<p>Marita Sbert y Carlos Ferreyra presentaron el Cierre del Taller de Tango y Milonga que se ofreci\u00f3 durante el a\u00f1o desde el programa \u00abAnimate Vos Vales\u00bb con el apoyo del municipio y de la comisi\u00f3n de promoci\u00f3n cultural. Para hacerlo invitan a participar este viernes 25 de noviembre desde la 20 horas, en el Centro Cultural Abelardo Castillo de la presentaci\u00f3n del \u00abCuarteto Mulenga\u00bb y diferentes cuadros de baile y m\u00fasica con entrada libre y gratuita.<br>Walter Doval detall\u00f3 la agenda del fin de semana con el que El Fort\u00edn San Pedro celebra este s\u00e1bado sus 60 a\u00f1os.<\/p>\n\n\n\n<p>La actividad comenzar\u00e1 esta noche con un campeonato de truco, contin\u00faa el viernes con una pialada y \u00abla noche de los j\u00f3venes\u00bb, el s\u00e1bado con la jineteada, el desfile por las calles de la ciudad desde las 18.30 y una pe\u00f1a nocturna, y el domingo con la jornada final de la jineteada y los sorteos. Participar\u00e1n tropillas de todo el pa\u00eds y habr\u00e1 un movimiento muy importante en toda la zona ante esta fiesta muy esperada.<\/p>\n\n\n\n<p>Alejandro Le\u00f3n present\u00f3 el regreso despu\u00e9s de 10 a\u00f1os de la \u00abFiesta de Santa Catalina\u00bb que comenzar\u00e1 desde el mediod\u00eda del domingo, en el Paseo P\u00fablico luego de la llegada de la imagen de la Virgen que ser\u00e1 venerada en este encuentro con una extensa programaci\u00f3n de espect\u00e1culos, feria de artesanos y gastronom\u00eda.<\/p>\n\n\n\n<p>Adem\u00e1s se anunciaron para este s\u00e1bado la propuesta de la Biblioteca Popular Rafael Obligado que invita a la presentaci\u00f3n \u00abEspejo Itinerante\u00bb desde las 21, con el espect\u00e1culo \u00abDe Barro y Canci\u00f3n\u00bb y en el Caf\u00e9 Teatro Wojtyla el espect\u00e1culo \u00abTango Criollo\u00bb con la actuaci\u00f3n de Manuel Mart\u00ednez Sobrado, Fabi\u00e1n Miranda y Rub\u00e9n Maseroni desde las 21:30 horas.<\/p>\n\n\n\n<p>Finalmente se record\u00f3 la invitaci\u00f3n para el festival en el que con el apoyo de la Municipalidad y Comisi\u00f3n de Cultura, el s\u00e1bado desde las 21 horas en Santa Luc\u00eda celebrar\u00e1 60 a\u00f1os la \u00abPe\u00f1a El Fog\u00f3n\u00bb con la participaci\u00f3n del Tr\u00edo Santa Luc\u00eda, Claudio Mart\u00edn, Juan Sebasti\u00e1n Concilio y ballets invitados en el Parab\u00f3lico del Instituto Margarita O&#8217;Farrell.<\/p>\n\n\n\n<figure class=\"wp-block-image size-large\"><img decoding=\"async\" width=\"1024\" height=\"535\" data-attachment-id=\"112842\" data-permalink=\"https:\/\/eldiariodesanpedro.com.ar\/sitio\/amplia-agenda-de-actividades-culturales-e-institucionales-en-el-fin-de-semana\/whatsapp-image-2022-11-24-at-17-57-50-1\/\" data-orig-file=\"https:\/\/eldiariodesanpedro.com.ar\/sitio\/wp-content\/uploads\/2022\/11\/WhatsApp-Image-2022-11-24-at-17.57.50-1.jpeg\" data-orig-size=\"1080,564\" data-comments-opened=\"0\" data-image-meta=\"{&quot;aperture&quot;:&quot;0&quot;,&quot;credit&quot;:&quot;&quot;,&quot;camera&quot;:&quot;&quot;,&quot;caption&quot;:&quot;&quot;,&quot;created_timestamp&quot;:&quot;0&quot;,&quot;copyright&quot;:&quot;&quot;,&quot;focal_length&quot;:&quot;0&quot;,&quot;iso&quot;:&quot;0&quot;,&quot;shutter_speed&quot;:&quot;0&quot;,&quot;title&quot;:&quot;&quot;,&quot;orientation&quot;:&quot;0&quot;}\" data-image-title=\"WhatsApp Image 2022-11-24 at 17.57.50 (1)\" data-image-description=\"\" data-image-caption=\"\" data-large-file=\"https:\/\/eldiariodesanpedro.com.ar\/sitio\/wp-content\/uploads\/2022\/11\/WhatsApp-Image-2022-11-24-at-17.57.50-1-1024x535.jpeg\" data-src=\"https:\/\/eldiariodesanpedro.com.ar\/sitio\/wp-content\/uploads\/2022\/11\/WhatsApp-Image-2022-11-24-at-17.57.50-1-1024x535.jpeg\" alt=\"\" class=\"wp-image-112842 lazyload\" data-srcset=\"https:\/\/eldiariodesanpedro.com.ar\/sitio\/wp-content\/uploads\/2022\/11\/WhatsApp-Image-2022-11-24-at-17.57.50-1-1024x535.jpeg 1024w, https:\/\/eldiariodesanpedro.com.ar\/sitio\/wp-content\/uploads\/2022\/11\/WhatsApp-Image-2022-11-24-at-17.57.50-1-300x157.jpeg 300w, https:\/\/eldiariodesanpedro.com.ar\/sitio\/wp-content\/uploads\/2022\/11\/WhatsApp-Image-2022-11-24-at-17.57.50-1-768x401.jpeg 768w, https:\/\/eldiariodesanpedro.com.ar\/sitio\/wp-content\/uploads\/2022\/11\/WhatsApp-Image-2022-11-24-at-17.57.50-1.jpeg 1080w\" data-sizes=\"(max-width: 1024px) 100vw, 1024px\" src=\"data:image\/svg+xml;base64,PHN2ZyB3aWR0aD0iMSIgaGVpZ2h0PSIxIiB4bWxucz0iaHR0cDovL3d3dy53My5vcmcvMjAwMC9zdmciPjwvc3ZnPg==\" style=\"--smush-placeholder-width: 1024px; --smush-placeholder-aspect-ratio: 1024\/535;\" \/><\/figure>\n\n\n\n<figure class=\"wp-block-image size-large\"><img decoding=\"async\" width=\"1024\" height=\"535\" data-attachment-id=\"112843\" data-permalink=\"https:\/\/eldiariodesanpedro.com.ar\/sitio\/amplia-agenda-de-actividades-culturales-e-institucionales-en-el-fin-de-semana\/whatsapp-image-2022-11-24-at-17-57-50\/\" data-orig-file=\"https:\/\/eldiariodesanpedro.com.ar\/sitio\/wp-content\/uploads\/2022\/11\/WhatsApp-Image-2022-11-24-at-17.57.50.jpeg\" data-orig-size=\"1080,564\" data-comments-opened=\"0\" data-image-meta=\"{&quot;aperture&quot;:&quot;0&quot;,&quot;credit&quot;:&quot;&quot;,&quot;camera&quot;:&quot;&quot;,&quot;caption&quot;:&quot;&quot;,&quot;created_timestamp&quot;:&quot;0&quot;,&quot;copyright&quot;:&quot;&quot;,&quot;focal_length&quot;:&quot;0&quot;,&quot;iso&quot;:&quot;0&quot;,&quot;shutter_speed&quot;:&quot;0&quot;,&quot;title&quot;:&quot;&quot;,&quot;orientation&quot;:&quot;0&quot;}\" data-image-title=\"WhatsApp Image 2022-11-24 at 17.57.50\" data-image-description=\"\" data-image-caption=\"\" data-large-file=\"https:\/\/eldiariodesanpedro.com.ar\/sitio\/wp-content\/uploads\/2022\/11\/WhatsApp-Image-2022-11-24-at-17.57.50-1024x535.jpeg\" data-src=\"https:\/\/eldiariodesanpedro.com.ar\/sitio\/wp-content\/uploads\/2022\/11\/WhatsApp-Image-2022-11-24-at-17.57.50-1024x535.jpeg\" alt=\"\" class=\"wp-image-112843 lazyload\" data-srcset=\"https:\/\/eldiariodesanpedro.com.ar\/sitio\/wp-content\/uploads\/2022\/11\/WhatsApp-Image-2022-11-24-at-17.57.50-1024x535.jpeg 1024w, https:\/\/eldiariodesanpedro.com.ar\/sitio\/wp-content\/uploads\/2022\/11\/WhatsApp-Image-2022-11-24-at-17.57.50-300x157.jpeg 300w, https:\/\/eldiariodesanpedro.com.ar\/sitio\/wp-content\/uploads\/2022\/11\/WhatsApp-Image-2022-11-24-at-17.57.50-768x401.jpeg 768w, https:\/\/eldiariodesanpedro.com.ar\/sitio\/wp-content\/uploads\/2022\/11\/WhatsApp-Image-2022-11-24-at-17.57.50.jpeg 1080w\" data-sizes=\"(max-width: 1024px) 100vw, 1024px\" src=\"data:image\/svg+xml;base64,PHN2ZyB3aWR0aD0iMSIgaGVpZ2h0PSIxIiB4bWxucz0iaHR0cDovL3d3dy53My5vcmcvMjAwMC9zdmciPjwvc3ZnPg==\" style=\"--smush-placeholder-width: 1024px; --smush-placeholder-aspect-ratio: 1024\/535;\" \/><\/figure>\n\n\n\n<figure class=\"wp-block-image size-large\"><img decoding=\"async\" width=\"1024\" height=\"537\" data-attachment-id=\"112844\" data-permalink=\"https:\/\/eldiariodesanpedro.com.ar\/sitio\/amplia-agenda-de-actividades-culturales-e-institucionales-en-el-fin-de-semana\/whatsapp-image-2022-11-24-at-17-57-51\/\" data-orig-file=\"https:\/\/eldiariodesanpedro.com.ar\/sitio\/wp-content\/uploads\/2022\/11\/WhatsApp-Image-2022-11-24-at-17.57.51.jpeg\" data-orig-size=\"1080,566\" data-comments-opened=\"0\" data-image-meta=\"{&quot;aperture&quot;:&quot;0&quot;,&quot;credit&quot;:&quot;&quot;,&quot;camera&quot;:&quot;&quot;,&quot;caption&quot;:&quot;&quot;,&quot;created_timestamp&quot;:&quot;0&quot;,&quot;copyright&quot;:&quot;&quot;,&quot;focal_length&quot;:&quot;0&quot;,&quot;iso&quot;:&quot;0&quot;,&quot;shutter_speed&quot;:&quot;0&quot;,&quot;title&quot;:&quot;&quot;,&quot;orientation&quot;:&quot;0&quot;}\" data-image-title=\"WhatsApp Image 2022-11-24 at 17.57.51\" data-image-description=\"\" data-image-caption=\"\" data-large-file=\"https:\/\/eldiariodesanpedro.com.ar\/sitio\/wp-content\/uploads\/2022\/11\/WhatsApp-Image-2022-11-24-at-17.57.51-1024x537.jpeg\" data-src=\"https:\/\/eldiariodesanpedro.com.ar\/sitio\/wp-content\/uploads\/2022\/11\/WhatsApp-Image-2022-11-24-at-17.57.51-1024x537.jpeg\" alt=\"\" class=\"wp-image-112844 lazyload\" data-srcset=\"https:\/\/eldiariodesanpedro.com.ar\/sitio\/wp-content\/uploads\/2022\/11\/WhatsApp-Image-2022-11-24-at-17.57.51-1024x537.jpeg 1024w, https:\/\/eldiariodesanpedro.com.ar\/sitio\/wp-content\/uploads\/2022\/11\/WhatsApp-Image-2022-11-24-at-17.57.51-300x157.jpeg 300w, https:\/\/eldiariodesanpedro.com.ar\/sitio\/wp-content\/uploads\/2022\/11\/WhatsApp-Image-2022-11-24-at-17.57.51-768x402.jpeg 768w, https:\/\/eldiariodesanpedro.com.ar\/sitio\/wp-content\/uploads\/2022\/11\/WhatsApp-Image-2022-11-24-at-17.57.51.jpeg 1080w\" data-sizes=\"(max-width: 1024px) 100vw, 1024px\" src=\"data:image\/svg+xml;base64,PHN2ZyB3aWR0aD0iMSIgaGVpZ2h0PSIxIiB4bWxucz0iaHR0cDovL3d3dy53My5vcmcvMjAwMC9zdmciPjwvc3ZnPg==\" style=\"--smush-placeholder-width: 1024px; --smush-placeholder-aspect-ratio: 1024\/537;\" \/><\/figure>\n","protected":false},"excerpt":{"rendered":"<p>En la Casona de la Secretar\u00eda de Turismo y Cultura se presentaron las propuestas de la agenda cultural e institucional del fin de semana que comienzan hoy se extienden hasta el domingo. La titular del \u00e1rea Marcela Cu\u00f1er junto a representantes de la organizaci\u00f3n de algunas de estas iniciativas brindaron los detalles. Desde la Secretar\u00eda [&hellip;]<\/p>\n","protected":false},"author":4,"featured_media":112841,"comment_status":"closed","ping_status":"closed","sticky":false,"template":"","format":"standard","meta":{"om_disable_all_campaigns":false,"_jetpack_memberships_contains_paid_content":false,"footnotes":""},"categories":[50,101,2],"tags":[197,696,33,19],"class_list":["post-112840","post","type-post","status-publish","format-standard","has-post-thumbnail","hentry","category-destacadas","category-interes-general-locales","category-locales","tag-buenos-aires","tag-interes-general","tag-locales","tag-san-pedro"],"aioseo_notices":[],"gutentor_comment":0,"jetpack_featured_media_url":"https:\/\/eldiariodesanpedro.com.ar\/sitio\/wp-content\/uploads\/2022\/11\/WhatsApp-Image-2022-11-24-at-17.57.49.jpeg","jetpack_shortlink":"https:\/\/wp.me\/p6RhLt-tm0","jetpack_sharing_enabled":true,"_links":{"self":[{"href":"https:\/\/eldiariodesanpedro.com.ar\/sitio\/wp-json\/wp\/v2\/posts\/112840","targetHints":{"allow":["GET"]}}],"collection":[{"href":"https:\/\/eldiariodesanpedro.com.ar\/sitio\/wp-json\/wp\/v2\/posts"}],"about":[{"href":"https:\/\/eldiariodesanpedro.com.ar\/sitio\/wp-json\/wp\/v2\/types\/post"}],"author":[{"embeddable":true,"href":"https:\/\/eldiariodesanpedro.com.ar\/sitio\/wp-json\/wp\/v2\/users\/4"}],"replies":[{"embeddable":true,"href":"https:\/\/eldiariodesanpedro.com.ar\/sitio\/wp-json\/wp\/v2\/comments?post=112840"}],"version-history":[{"count":1,"href":"https:\/\/eldiariodesanpedro.com.ar\/sitio\/wp-json\/wp\/v2\/posts\/112840\/revisions"}],"predecessor-version":[{"id":112845,"href":"https:\/\/eldiariodesanpedro.com.ar\/sitio\/wp-json\/wp\/v2\/posts\/112840\/revisions\/112845"}],"wp:featuredmedia":[{"embeddable":true,"href":"https:\/\/eldiariodesanpedro.com.ar\/sitio\/wp-json\/wp\/v2\/media\/112841"}],"wp:attachment":[{"href":"https:\/\/eldiariodesanpedro.com.ar\/sitio\/wp-json\/wp\/v2\/media?parent=112840"}],"wp:term":[{"taxonomy":"category","embeddable":true,"href":"https:\/\/eldiariodesanpedro.com.ar\/sitio\/wp-json\/wp\/v2\/categories?post=112840"},{"taxonomy":"post_tag","embeddable":true,"href":"https:\/\/eldiariodesanpedro.com.ar\/sitio\/wp-json\/wp\/v2\/tags?post=112840"}],"curies":[{"name":"wp","href":"https:\/\/api.w.org\/{rel}","templated":true}]}}