{"id":112828,"date":"2022-11-25T09:38:42","date_gmt":"2022-11-25T12:38:42","guid":{"rendered":"https:\/\/eldiariodesanpedro.com.ar\/sitio\/?p=112828"},"modified":"2022-11-25T09:38:43","modified_gmt":"2022-11-25T12:38:43","slug":"entrega-de-medallas-de-honor-a-ex-combatientes-y-caidos-en-la-guerra-de-malvinas","status":"publish","type":"post","link":"https:\/\/eldiariodesanpedro.com.ar\/sitio\/entrega-de-medallas-de-honor-a-ex-combatientes-y-caidos-en-la-guerra-de-malvinas\/","title":{"rendered":"Entrega de medallas de honor a ex combatientes y ca\u00eddos en la Guerra de Malvinas"},"content":{"rendered":"<!-- VideographyWP Plugin Message: Automatic video embedding prevented by plugin options. -->\n\n<p>En el Monumento de la Batalla de Obligado se concret\u00f3 este mi\u00e9rcoles 23 de noviembre, un acto de homenaje a ex combatientes y familiares de ca\u00eddos en la Guerra de Malvinas.<\/p>\n\n\n\n<p>Con la presencia del Intendente Dr. Ram\u00f3n Salazar, la Subsecretar\u00eda de Relaciones Internacionales e Institucionales de la Jefatura de Gabinete, junto a la Canciller\u00eda de la Naci\u00f3n y al Municipio de San Pedro, organizaron este emotivo encuentro.<\/p>\n\n\n\n<p>Adem\u00e1s del Intendente Salazar y funcionarios del gobierno local, de la ceremonia participaron el jefe de Gabinete de la Agencia Nacional por Malvinas Jorge Poblete, el subsecretario de Relaciones Internacionales de la provincia de Buenos Aires Mario Oporto, la titular del Instituto de Previsi\u00f3n Social Marina Moretti y el intendente de Carm\u00e9n de Areco, Iv\u00e1n Villagr\u00e1n, quienes entregaron a los ex-combatientes medallas de honor.<\/p>\n\n\n\n<p>Como anfitri\u00f3n el Dr. Salazar remarc\u00f3 que este a\u00f1o, el homenaje a los 40 a\u00f1os de la guerra que se realiz\u00f3 en San Pedro fue uno de los actos m\u00e1s emotivos de su gesti\u00f3n. \u00abDos acontecimientos relevantes de la historia argentina se cruzan en esta ma\u00f1ana en la que deseo volver a expresar un llamado al esfuerzo compartido con el objetivo de una convivencia m\u00e1s arm\u00f3nica, entendiendo que todos estamos unidos bajo la misma bandera. S\u00f3lo as\u00ed podremos encarar una etapa de crecimiento sostenido y constante como el que nos merecemos. Mirar a nuestro alrededor y aqu\u00ed especialmente con un desarrollo natural y tur\u00edstico, respetando a la historia, es una invitaci\u00f3n a ser optimistas para el tiempo que viene y para hacerlo no tenemos que olvidar los grandes sacrificios que ustedes y tambi\u00e9n los h\u00e9roes y hero\u00ednas de obligado han hecho por nuestra patria.\u00bb, se\u00f1al\u00f3.<\/p>\n\n\n\n<p>\u201cLa Canciller\u00eda Nacional decidi\u00f3 visibilizar los derechos sobre Malvinas y homenajear a nuestros veteranos y ca\u00eddos porque la soberan\u00eda se construye con memoria y decisi\u00f3n pol\u00edtica\u201d, sostuvo Poblete.<\/p>\n\n\n\n<p>Por su parte, Oporto dijo: \u201cNuestra presencia aqu\u00ed es para homenajear a los h\u00e9roes y para reivindicar los derechos argentinos sobre las Islas y levantar nuestra voz contra el colonialismo. Cada medalla que ustedes reciben tiene el agradecimiento y la reivindicaci\u00f3n de su valent\u00eda. En ellas est\u00e1 todo el coraje que tuvieron defendiendo nuestro territorio\u201d.<\/p>\n\n\n\n<p>Durante la actividad se realiz\u00f3 la entrega de una ofrenda floral por parte de los veteranos a los ca\u00eddos en combate y fallecidos luego de la Guerra. \u201cMalvinas es el \u00faltimo contrato com\u00fan a todos los argentinos\u201d, afirm\u00f3 Javier Saucedo, ex combatiente y vecino de San Pedro.<\/p>\n\n\n\n<p>Asistieron al homenaje ex combatientes de Baradero, Carmen de Areco, Col\u00f3n, Exaltaci\u00f3n de la Cruz, San Andr\u00e9s de Giles, San Nicol\u00e1s, San Pedro, Pergamino, Ramallo y Salto.<\/p>\n\n\n\n<figure class=\"wp-block-image size-full\"><img decoding=\"async\" width=\"945\" height=\"630\" data-attachment-id=\"112831\" data-permalink=\"https:\/\/eldiariodesanpedro.com.ar\/sitio\/entrega-de-medallas-de-honor-a-ex-combatientes-y-caidos-en-la-guerra-de-malvinas\/whatsapp-image-2022-11-24-at-07-06-18\/\" data-orig-file=\"https:\/\/eldiariodesanpedro.com.ar\/sitio\/wp-content\/uploads\/2022\/11\/WhatsApp-Image-2022-11-24-at-07.06.18.jpeg\" data-orig-size=\"945,630\" data-comments-opened=\"0\" data-image-meta=\"{&quot;aperture&quot;:&quot;0&quot;,&quot;credit&quot;:&quot;&quot;,&quot;camera&quot;:&quot;&quot;,&quot;caption&quot;:&quot;&quot;,&quot;created_timestamp&quot;:&quot;0&quot;,&quot;copyright&quot;:&quot;&quot;,&quot;focal_length&quot;:&quot;0&quot;,&quot;iso&quot;:&quot;0&quot;,&quot;shutter_speed&quot;:&quot;0&quot;,&quot;title&quot;:&quot;&quot;,&quot;orientation&quot;:&quot;0&quot;}\" data-image-title=\"WhatsApp Image 2022-11-24 at 07.06.18\" data-image-description=\"\" data-image-caption=\"\" data-large-file=\"https:\/\/eldiariodesanpedro.com.ar\/sitio\/wp-content\/uploads\/2022\/11\/WhatsApp-Image-2022-11-24-at-07.06.18.jpeg\" data-src=\"https:\/\/eldiariodesanpedro.com.ar\/sitio\/wp-content\/uploads\/2022\/11\/WhatsApp-Image-2022-11-24-at-07.06.18.jpeg\" alt=\"\" class=\"wp-image-112831 lazyload\" data-srcset=\"https:\/\/eldiariodesanpedro.com.ar\/sitio\/wp-content\/uploads\/2022\/11\/WhatsApp-Image-2022-11-24-at-07.06.18.jpeg 945w, https:\/\/eldiariodesanpedro.com.ar\/sitio\/wp-content\/uploads\/2022\/11\/WhatsApp-Image-2022-11-24-at-07.06.18-300x200.jpeg 300w, https:\/\/eldiariodesanpedro.com.ar\/sitio\/wp-content\/uploads\/2022\/11\/WhatsApp-Image-2022-11-24-at-07.06.18-768x512.jpeg 768w\" data-sizes=\"(max-width: 945px) 100vw, 945px\" src=\"data:image\/svg+xml;base64,PHN2ZyB3aWR0aD0iMSIgaGVpZ2h0PSIxIiB4bWxucz0iaHR0cDovL3d3dy53My5vcmcvMjAwMC9zdmciPjwvc3ZnPg==\" style=\"--smush-placeholder-width: 945px; --smush-placeholder-aspect-ratio: 945\/630;\" \/><\/figure>\n\n\n\n<figure class=\"wp-block-image size-full\"><img decoding=\"async\" width=\"945\" height=\"630\" data-attachment-id=\"112837\" data-permalink=\"https:\/\/eldiariodesanpedro.com.ar\/sitio\/entrega-de-medallas-de-honor-a-ex-combatientes-y-caidos-en-la-guerra-de-malvinas\/whatsapp-image-2022-11-24-at-07-06-24-1\/\" data-orig-file=\"https:\/\/eldiariodesanpedro.com.ar\/sitio\/wp-content\/uploads\/2022\/11\/WhatsApp-Image-2022-11-24-at-07.06.24-1.jpeg\" data-orig-size=\"945,630\" data-comments-opened=\"0\" data-image-meta=\"{&quot;aperture&quot;:&quot;0&quot;,&quot;credit&quot;:&quot;&quot;,&quot;camera&quot;:&quot;&quot;,&quot;caption&quot;:&quot;&quot;,&quot;created_timestamp&quot;:&quot;0&quot;,&quot;copyright&quot;:&quot;&quot;,&quot;focal_length&quot;:&quot;0&quot;,&quot;iso&quot;:&quot;0&quot;,&quot;shutter_speed&quot;:&quot;0&quot;,&quot;title&quot;:&quot;&quot;,&quot;orientation&quot;:&quot;0&quot;}\" data-image-title=\"WhatsApp Image 2022-11-24 at 07.06.24 (1)\" data-image-description=\"\" data-image-caption=\"\" data-large-file=\"https:\/\/eldiariodesanpedro.com.ar\/sitio\/wp-content\/uploads\/2022\/11\/WhatsApp-Image-2022-11-24-at-07.06.24-1.jpeg\" data-src=\"https:\/\/eldiariodesanpedro.com.ar\/sitio\/wp-content\/uploads\/2022\/11\/WhatsApp-Image-2022-11-24-at-07.06.24-1.jpeg\" alt=\"\" class=\"wp-image-112837 lazyload\" data-srcset=\"https:\/\/eldiariodesanpedro.com.ar\/sitio\/wp-content\/uploads\/2022\/11\/WhatsApp-Image-2022-11-24-at-07.06.24-1.jpeg 945w, https:\/\/eldiariodesanpedro.com.ar\/sitio\/wp-content\/uploads\/2022\/11\/WhatsApp-Image-2022-11-24-at-07.06.24-1-300x200.jpeg 300w, https:\/\/eldiariodesanpedro.com.ar\/sitio\/wp-content\/uploads\/2022\/11\/WhatsApp-Image-2022-11-24-at-07.06.24-1-768x512.jpeg 768w\" data-sizes=\"(max-width: 945px) 100vw, 945px\" src=\"data:image\/svg+xml;base64,PHN2ZyB3aWR0aD0iMSIgaGVpZ2h0PSIxIiB4bWxucz0iaHR0cDovL3d3dy53My5vcmcvMjAwMC9zdmciPjwvc3ZnPg==\" style=\"--smush-placeholder-width: 945px; --smush-placeholder-aspect-ratio: 945\/630;\" \/><\/figure>\n\n\n\n<figure class=\"wp-block-image size-full\"><img decoding=\"async\" width=\"945\" height=\"630\" data-attachment-id=\"112836\" data-permalink=\"https:\/\/eldiariodesanpedro.com.ar\/sitio\/entrega-de-medallas-de-honor-a-ex-combatientes-y-caidos-en-la-guerra-de-malvinas\/whatsapp-image-2022-11-24-at-07-06-23\/\" data-orig-file=\"https:\/\/eldiariodesanpedro.com.ar\/sitio\/wp-content\/uploads\/2022\/11\/WhatsApp-Image-2022-11-24-at-07.06.23.jpeg\" data-orig-size=\"945,630\" data-comments-opened=\"0\" data-image-meta=\"{&quot;aperture&quot;:&quot;0&quot;,&quot;credit&quot;:&quot;&quot;,&quot;camera&quot;:&quot;&quot;,&quot;caption&quot;:&quot;&quot;,&quot;created_timestamp&quot;:&quot;0&quot;,&quot;copyright&quot;:&quot;&quot;,&quot;focal_length&quot;:&quot;0&quot;,&quot;iso&quot;:&quot;0&quot;,&quot;shutter_speed&quot;:&quot;0&quot;,&quot;title&quot;:&quot;&quot;,&quot;orientation&quot;:&quot;0&quot;}\" data-image-title=\"WhatsApp Image 2022-11-24 at 07.06.23\" data-image-description=\"\" data-image-caption=\"\" data-large-file=\"https:\/\/eldiariodesanpedro.com.ar\/sitio\/wp-content\/uploads\/2022\/11\/WhatsApp-Image-2022-11-24-at-07.06.23.jpeg\" data-src=\"https:\/\/eldiariodesanpedro.com.ar\/sitio\/wp-content\/uploads\/2022\/11\/WhatsApp-Image-2022-11-24-at-07.06.23.jpeg\" alt=\"\" class=\"wp-image-112836 lazyload\" data-srcset=\"https:\/\/eldiariodesanpedro.com.ar\/sitio\/wp-content\/uploads\/2022\/11\/WhatsApp-Image-2022-11-24-at-07.06.23.jpeg 945w, https:\/\/eldiariodesanpedro.com.ar\/sitio\/wp-content\/uploads\/2022\/11\/WhatsApp-Image-2022-11-24-at-07.06.23-300x200.jpeg 300w, https:\/\/eldiariodesanpedro.com.ar\/sitio\/wp-content\/uploads\/2022\/11\/WhatsApp-Image-2022-11-24-at-07.06.23-768x512.jpeg 768w\" data-sizes=\"(max-width: 945px) 100vw, 945px\" src=\"data:image\/svg+xml;base64,PHN2ZyB3aWR0aD0iMSIgaGVpZ2h0PSIxIiB4bWxucz0iaHR0cDovL3d3dy53My5vcmcvMjAwMC9zdmciPjwvc3ZnPg==\" style=\"--smush-placeholder-width: 945px; --smush-placeholder-aspect-ratio: 945\/630;\" \/><\/figure>\n","protected":false},"excerpt":{"rendered":"<p>En el Monumento de la Batalla de Obligado se concret\u00f3 este mi\u00e9rcoles 23 de noviembre, un acto de homenaje a ex combatientes y familiares de ca\u00eddos en la Guerra de Malvinas. Con la presencia del Intendente Dr. Ram\u00f3n Salazar, la Subsecretar\u00eda de Relaciones Internacionales e Institucionales de la Jefatura de Gabinete, junto a la Canciller\u00eda [&hellip;]<\/p>\n","protected":false},"author":4,"featured_media":112838,"comment_status":"closed","ping_status":"closed","sticky":false,"template":"","format":"standard","meta":{"om_disable_all_campaigns":false,"_jetpack_memberships_contains_paid_content":false,"footnotes":""},"categories":[50,101,2],"tags":[197,696,33,19],"class_list":["post-112828","post","type-post","status-publish","format-standard","has-post-thumbnail","hentry","category-destacadas","category-interes-general-locales","category-locales","tag-buenos-aires","tag-interes-general","tag-locales","tag-san-pedro"],"aioseo_notices":[],"gutentor_comment":0,"jetpack_featured_media_url":"https:\/\/eldiariodesanpedro.com.ar\/sitio\/wp-content\/uploads\/2022\/11\/WhatsApp-Image-2022-11-24-at-07.06.24.jpeg","jetpack_shortlink":"https:\/\/wp.me\/p6RhLt-tlO","jetpack_sharing_enabled":true,"_links":{"self":[{"href":"https:\/\/eldiariodesanpedro.com.ar\/sitio\/wp-json\/wp\/v2\/posts\/112828","targetHints":{"allow":["GET"]}}],"collection":[{"href":"https:\/\/eldiariodesanpedro.com.ar\/sitio\/wp-json\/wp\/v2\/posts"}],"about":[{"href":"https:\/\/eldiariodesanpedro.com.ar\/sitio\/wp-json\/wp\/v2\/types\/post"}],"author":[{"embeddable":true,"href":"https:\/\/eldiariodesanpedro.com.ar\/sitio\/wp-json\/wp\/v2\/users\/4"}],"replies":[{"embeddable":true,"href":"https:\/\/eldiariodesanpedro.com.ar\/sitio\/wp-json\/wp\/v2\/comments?post=112828"}],"version-history":[{"count":1,"href":"https:\/\/eldiariodesanpedro.com.ar\/sitio\/wp-json\/wp\/v2\/posts\/112828\/revisions"}],"predecessor-version":[{"id":112839,"href":"https:\/\/eldiariodesanpedro.com.ar\/sitio\/wp-json\/wp\/v2\/posts\/112828\/revisions\/112839"}],"wp:featuredmedia":[{"embeddable":true,"href":"https:\/\/eldiariodesanpedro.com.ar\/sitio\/wp-json\/wp\/v2\/media\/112838"}],"wp:attachment":[{"href":"https:\/\/eldiariodesanpedro.com.ar\/sitio\/wp-json\/wp\/v2\/media?parent=112828"}],"wp:term":[{"taxonomy":"category","embeddable":true,"href":"https:\/\/eldiariodesanpedro.com.ar\/sitio\/wp-json\/wp\/v2\/categories?post=112828"},{"taxonomy":"post_tag","embeddable":true,"href":"https:\/\/eldiariodesanpedro.com.ar\/sitio\/wp-json\/wp\/v2\/tags?post=112828"}],"curies":[{"name":"wp","href":"https:\/\/api.w.org\/{rel}","templated":true}]}}