{"id":112819,"date":"2022-11-24T17:53:26","date_gmt":"2022-11-24T20:53:26","guid":{"rendered":"https:\/\/eldiariodesanpedro.com.ar\/sitio\/?p=112819"},"modified":"2022-11-24T17:53:27","modified_gmt":"2022-11-24T20:53:27","slug":"edicto-de-prescripcion-adquisitiva-larga-de-fraile-daiana-milagros-c-santilli-y-ortenzi-omar-enrique-y-otros","status":"publish","type":"post","link":"https:\/\/eldiariodesanpedro.com.ar\/sitio\/edicto-de-prescripcion-adquisitiva-larga-de-fraile-daiana-milagros-c-santilli-y-ortenzi-omar-enrique-y-otros\/","title":{"rendered":"Edicto de Prescripci\u00f3n Adquisitiva Larga de Fraile Daiana Milagros c\/ Santilli y Ortenzi Omar Enrique y otros"},"content":{"rendered":"<!-- VideographyWP Plugin Message: Automatic video embedding prevented by plugin options. -->\n\n<p>El Juzgado de Paz Letrado de Baradero, Secretar\u00eda Unica, Dpto. Judicial de San Nicol\u00e1s, en autos: <strong>\u201dFraile Daiana Milagros c\/ Santilli y Ortenzi Omar Enrique y otros s\/ Prescripci\u00f3n Adquisitiva Larga\u201d<\/strong> (Exp. 42209-21) cita y emplaza al\/os demandado\/s y\/o su\/s heredero\/s y\/o a quien\/es se considere\/n con derechos sobre los inmuebles sitos con frente a calle Mitre de la ciudad de Baradero, cuya Nomenclatura catastral de origen son: Circ. 2, Sec. A, Qta. 12, Manz. 12d; Parc. 20 y 21, partidas inmobiliarias n\u00ba 009-009102-6 y 009-009103-4, (seg\u00fan plano de posesi\u00f3n n\u00ba 9-3-2018 se designan catastralmente como Circ. 2, Sec. A, Qta. 12, Manz. 12d, Parc. 20a), para que dentro del plazo de diez d\u00edas comparezcan a estar a derecho y contestar demanda, bajo apercibimiento de designarse un Defensor Oficial de Ausentes que lo\/s represente.-&nbsp; Baradero, 23 de noviembre de 2022.-<\/p>\n\n\n\n<p>ESTEBAN OMAR PERUSINA<br>ABOGADO SECRETARIO<br>(Publicaci\u00f3n V\u00e1lida por los d\u00edas 24 y 25 de noviembre de 2022)<br><a href=\"https:\/\/notificaciones.scba.gov.ar\/verificarnotificacion.aspx?codNotif=ES8QW397JZ6D\">https:\/\/notificaciones.scba.gov.ar\/verificarnotificacion.aspx?codNotif=ES8QW397JZ6D<\/a><\/p>\n","protected":false},"excerpt":{"rendered":"<p>El Juzgado de Paz Letrado de Baradero, Secretar\u00eda Unica, Dpto. Judicial de San Nicol\u00e1s, en autos: \u201dFraile Daiana Milagros c\/ Santilli y Ortenzi Omar Enrique y otros s\/ Prescripci\u00f3n Adquisitiva Larga\u201d (Exp. 42209-21) cita y emplaza al\/os demandado\/s y\/o su\/s heredero\/s y\/o a quien\/es se considere\/n con derechos sobre los inmuebles sitos con frente a [&hellip;]<\/p>\n","protected":false},"author":4,"featured_media":102746,"comment_status":"closed","ping_status":"closed","sticky":false,"template":"","format":"standard","meta":{"om_disable_all_campaigns":false,"_jetpack_memberships_contains_paid_content":false,"footnotes":""},"categories":[676,1124],"tags":[197,3252,1355,33,19],"class_list":["post-112819","post","type-post","status-publish","format-standard","has-post-thumbnail","hentry","category-edictos","category-edictos-especiales","tag-buenos-aires","tag-edicto-de-prescripcion-adquisitiva-larga-de-fraile-daiana-milagros-c-santilli-y-ortenzi-omar-enrique-y-otros","tag-judiciales","tag-locales","tag-san-pedro"],"aioseo_notices":[],"gutentor_comment":0,"jetpack_featured_media_url":"https:\/\/eldiariodesanpedro.com.ar\/sitio\/wp-content\/uploads\/2022\/01\/EDICTO.jpg","jetpack_shortlink":"https:\/\/wp.me\/p6RhLt-tlF","jetpack_sharing_enabled":true,"_links":{"self":[{"href":"https:\/\/eldiariodesanpedro.com.ar\/sitio\/wp-json\/wp\/v2\/posts\/112819","targetHints":{"allow":["GET"]}}],"collection":[{"href":"https:\/\/eldiariodesanpedro.com.ar\/sitio\/wp-json\/wp\/v2\/posts"}],"about":[{"href":"https:\/\/eldiariodesanpedro.com.ar\/sitio\/wp-json\/wp\/v2\/types\/post"}],"author":[{"embeddable":true,"href":"https:\/\/eldiariodesanpedro.com.ar\/sitio\/wp-json\/wp\/v2\/users\/4"}],"replies":[{"embeddable":true,"href":"https:\/\/eldiariodesanpedro.com.ar\/sitio\/wp-json\/wp\/v2\/comments?post=112819"}],"version-history":[{"count":1,"href":"https:\/\/eldiariodesanpedro.com.ar\/sitio\/wp-json\/wp\/v2\/posts\/112819\/revisions"}],"predecessor-version":[{"id":112820,"href":"https:\/\/eldiariodesanpedro.com.ar\/sitio\/wp-json\/wp\/v2\/posts\/112819\/revisions\/112820"}],"wp:featuredmedia":[{"embeddable":true,"href":"https:\/\/eldiariodesanpedro.com.ar\/sitio\/wp-json\/wp\/v2\/media\/102746"}],"wp:attachment":[{"href":"https:\/\/eldiariodesanpedro.com.ar\/sitio\/wp-json\/wp\/v2\/media?parent=112819"}],"wp:term":[{"taxonomy":"category","embeddable":true,"href":"https:\/\/eldiariodesanpedro.com.ar\/sitio\/wp-json\/wp\/v2\/categories?post=112819"},{"taxonomy":"post_tag","embeddable":true,"href":"https:\/\/eldiariodesanpedro.com.ar\/sitio\/wp-json\/wp\/v2\/tags?post=112819"}],"curies":[{"name":"wp","href":"https:\/\/api.w.org\/{rel}","templated":true}]}}