{"id":112808,"date":"2022-11-23T15:23:00","date_gmt":"2022-11-23T18:23:00","guid":{"rendered":"https:\/\/eldiariodesanpedro.com.ar\/sitio\/?p=112808"},"modified":"2022-11-23T15:23:01","modified_gmt":"2022-11-23T18:23:01","slug":"corte-de-electricidad-programado-para-manana-en-cuatro-robles-y-villa-ester","status":"publish","type":"post","link":"https:\/\/eldiariodesanpedro.com.ar\/sitio\/corte-de-electricidad-programado-para-manana-en-cuatro-robles-y-villa-ester\/","title":{"rendered":"Corte de electricidad programado para ma\u00f1ana en Cuatro Robles y Villa Ester"},"content":{"rendered":"<!-- VideographyWP Plugin Message: Automatic video embedding prevented by plugin options. -->\n\n<p>COOPSER informa que ma\u00f1ana jueves 24 de noviembre se cumplir\u00e1 con un corte de energ\u00eda para tareas de mantenimiento.<\/p>\n\n\n\n<p>Desde las&nbsp;<strong>6:30 a 12:00 horas<\/strong>&nbsp;se interrumpir\u00e1 el suministro el\u00e9ctrico en las urbanizaciones Cuatro Robles y Villa Ester (detr\u00e1s de la zona de San Pedrito II).<\/p>\n\n\n\n<p><strong>En caso de mal tiempo ser\u00e1 reprogramado.<\/strong><\/p>\n","protected":false},"excerpt":{"rendered":"<p>COOPSER informa que ma\u00f1ana jueves 24 de noviembre se cumplir\u00e1 con un corte de energ\u00eda para tareas de mantenimiento. Desde las&nbsp;6:30 a 12:00 horas&nbsp;se interrumpir\u00e1 el suministro el\u00e9ctrico en las urbanizaciones Cuatro Robles y Villa Ester (detr\u00e1s de la zona de San Pedrito II). En caso de mal tiempo ser\u00e1 reprogramado.<\/p>\n","protected":false},"author":4,"featured_media":68312,"comment_status":"closed","ping_status":"closed","sticky":false,"template":"","format":"standard","meta":{"om_disable_all_campaigns":false,"_jetpack_memberships_contains_paid_content":false,"footnotes":""},"categories":[101,2],"tags":[197,3247,696,33,19],"class_list":["post-112808","post","type-post","status-publish","format-standard","has-post-thumbnail","hentry","category-interes-general-locales","category-locales","tag-buenos-aires","tag-corte-de-electricidad-programado-para-manana-en-cuatro-robles-y-villa-ester","tag-interes-general","tag-locales","tag-san-pedro"],"aioseo_notices":[],"gutentor_comment":0,"jetpack_featured_media_url":"https:\/\/eldiariodesanpedro.com.ar\/sitio\/wp-content\/uploads\/2020\/02\/coopser1.png","jetpack_shortlink":"https:\/\/wp.me\/p6RhLt-tlu","jetpack_sharing_enabled":true,"_links":{"self":[{"href":"https:\/\/eldiariodesanpedro.com.ar\/sitio\/wp-json\/wp\/v2\/posts\/112808","targetHints":{"allow":["GET"]}}],"collection":[{"href":"https:\/\/eldiariodesanpedro.com.ar\/sitio\/wp-json\/wp\/v2\/posts"}],"about":[{"href":"https:\/\/eldiariodesanpedro.com.ar\/sitio\/wp-json\/wp\/v2\/types\/post"}],"author":[{"embeddable":true,"href":"https:\/\/eldiariodesanpedro.com.ar\/sitio\/wp-json\/wp\/v2\/users\/4"}],"replies":[{"embeddable":true,"href":"https:\/\/eldiariodesanpedro.com.ar\/sitio\/wp-json\/wp\/v2\/comments?post=112808"}],"version-history":[{"count":1,"href":"https:\/\/eldiariodesanpedro.com.ar\/sitio\/wp-json\/wp\/v2\/posts\/112808\/revisions"}],"predecessor-version":[{"id":112809,"href":"https:\/\/eldiariodesanpedro.com.ar\/sitio\/wp-json\/wp\/v2\/posts\/112808\/revisions\/112809"}],"wp:featuredmedia":[{"embeddable":true,"href":"https:\/\/eldiariodesanpedro.com.ar\/sitio\/wp-json\/wp\/v2\/media\/68312"}],"wp:attachment":[{"href":"https:\/\/eldiariodesanpedro.com.ar\/sitio\/wp-json\/wp\/v2\/media?parent=112808"}],"wp:term":[{"taxonomy":"category","embeddable":true,"href":"https:\/\/eldiariodesanpedro.com.ar\/sitio\/wp-json\/wp\/v2\/categories?post=112808"},{"taxonomy":"post_tag","embeddable":true,"href":"https:\/\/eldiariodesanpedro.com.ar\/sitio\/wp-json\/wp\/v2\/tags?post=112808"}],"curies":[{"name":"wp","href":"https:\/\/api.w.org\/{rel}","templated":true}]}}