{"id":112798,"date":"2022-11-23T15:03:17","date_gmt":"2022-11-23T18:03:17","guid":{"rendered":"https:\/\/eldiariodesanpedro.com.ar\/sitio\/?p=112798"},"modified":"2022-11-23T15:03:18","modified_gmt":"2022-11-23T18:03:18","slug":"reunion-por-obras-y-programas-del-ministerio-de-desarrollo-social-en-san-pedro","status":"publish","type":"post","link":"https:\/\/eldiariodesanpedro.com.ar\/sitio\/reunion-por-obras-y-programas-del-ministerio-de-desarrollo-social-en-san-pedro\/","title":{"rendered":"Reuni\u00f3n por obras y programas del Ministerio de Desarrollo Social en San Pedro"},"content":{"rendered":"<!-- VideographyWP Plugin Message: Automatic video embedding prevented by plugin options. -->\n\n<p>Victoria Tolosa, Ministra de Desarrollo Social de la Naci\u00f3n recibi\u00f3 ayer al Secretario de Desarrollo Humano de la Municipalidad Walter S\u00e1nchez junto a Cecilio Salazar y Natalia S\u00e1nchez J\u00e1uregui en una reuni\u00f3n gestionada para analizar el estado de situaci\u00f3n de algunas acciones coordinadas desde ese ministerio y la implementaci\u00f3n de otros programas que tienen que ver con su cartera.<\/p>\n\n\n\n<p>Desde el gobierno local y con el anterior titular del ministerio Juanchi Zabaleta quien regres\u00f3 a su cargo como Intendente de Hurlingham, se hab\u00edan acordado obras relacionadas con el apoyo a sectores populares muy importantes y sobre los mismos, que incluyen la construcci\u00f3n de playones deportivos y otras obras relevantes, se establecieron pasos a seguir, a trav\u00e9s de la Ministra Tolosa Paz y del Secretario de Articulaci\u00f3n de Pol\u00edtica Social del ministerio, Profesor Leonardo Moyano.<\/p>\n","protected":false},"excerpt":{"rendered":"<p>Victoria Tolosa, Ministra de Desarrollo Social de la Naci\u00f3n recibi\u00f3 ayer al Secretario de Desarrollo Humano de la Municipalidad Walter S\u00e1nchez junto a Cecilio Salazar y Natalia S\u00e1nchez J\u00e1uregui en una reuni\u00f3n gestionada para analizar el estado de situaci\u00f3n de algunas acciones coordinadas desde ese ministerio y la implementaci\u00f3n de otros programas que tienen que [&hellip;]<\/p>\n","protected":false},"author":4,"featured_media":112799,"comment_status":"closed","ping_status":"closed","sticky":false,"template":"","format":"standard","meta":{"om_disable_all_campaigns":false,"_jetpack_memberships_contains_paid_content":false,"footnotes":""},"categories":[50,101,2],"tags":[197,696,33,19],"class_list":["post-112798","post","type-post","status-publish","format-standard","has-post-thumbnail","hentry","category-destacadas","category-interes-general-locales","category-locales","tag-buenos-aires","tag-interes-general","tag-locales","tag-san-pedro"],"aioseo_notices":[],"gutentor_comment":0,"jetpack_featured_media_url":"https:\/\/eldiariodesanpedro.com.ar\/sitio\/wp-content\/uploads\/2022\/11\/WhatsApp-Image-2022-11-23-at-12.46.49.jpeg","jetpack_shortlink":"https:\/\/wp.me\/p6RhLt-tlk","jetpack_sharing_enabled":true,"_links":{"self":[{"href":"https:\/\/eldiariodesanpedro.com.ar\/sitio\/wp-json\/wp\/v2\/posts\/112798","targetHints":{"allow":["GET"]}}],"collection":[{"href":"https:\/\/eldiariodesanpedro.com.ar\/sitio\/wp-json\/wp\/v2\/posts"}],"about":[{"href":"https:\/\/eldiariodesanpedro.com.ar\/sitio\/wp-json\/wp\/v2\/types\/post"}],"author":[{"embeddable":true,"href":"https:\/\/eldiariodesanpedro.com.ar\/sitio\/wp-json\/wp\/v2\/users\/4"}],"replies":[{"embeddable":true,"href":"https:\/\/eldiariodesanpedro.com.ar\/sitio\/wp-json\/wp\/v2\/comments?post=112798"}],"version-history":[{"count":1,"href":"https:\/\/eldiariodesanpedro.com.ar\/sitio\/wp-json\/wp\/v2\/posts\/112798\/revisions"}],"predecessor-version":[{"id":112800,"href":"https:\/\/eldiariodesanpedro.com.ar\/sitio\/wp-json\/wp\/v2\/posts\/112798\/revisions\/112800"}],"wp:featuredmedia":[{"embeddable":true,"href":"https:\/\/eldiariodesanpedro.com.ar\/sitio\/wp-json\/wp\/v2\/media\/112799"}],"wp:attachment":[{"href":"https:\/\/eldiariodesanpedro.com.ar\/sitio\/wp-json\/wp\/v2\/media?parent=112798"}],"wp:term":[{"taxonomy":"category","embeddable":true,"href":"https:\/\/eldiariodesanpedro.com.ar\/sitio\/wp-json\/wp\/v2\/categories?post=112798"},{"taxonomy":"post_tag","embeddable":true,"href":"https:\/\/eldiariodesanpedro.com.ar\/sitio\/wp-json\/wp\/v2\/tags?post=112798"}],"curies":[{"name":"wp","href":"https:\/\/api.w.org\/{rel}","templated":true}]}}