{"id":112796,"date":"2022-11-23T14:17:15","date_gmt":"2022-11-23T17:17:15","guid":{"rendered":"https:\/\/eldiariodesanpedro.com.ar\/sitio\/?p=112796"},"modified":"2022-11-23T14:17:16","modified_gmt":"2022-11-23T17:17:16","slug":"continua-la-campana-de-vacunacion","status":"publish","type":"post","link":"https:\/\/eldiariodesanpedro.com.ar\/sitio\/continua-la-campana-de-vacunacion\/","title":{"rendered":"Contin\u00faa la campa\u00f1a de vacunaci\u00f3n"},"content":{"rendered":"<!-- VideographyWP Plugin Message: Automatic video embedding prevented by plugin options. -->\n\n<p>Desde la coordinaci\u00f3n de vacunaci\u00f3n de la Secretar\u00eda de Salud de la Municipalidad de San Pedro se recuerda que el Ministerio de Salud provincial, ha extendido hasta el 11 de diciembre pr\u00f3ximo, la Campa\u00f1a Nacional de Vacunaci\u00f3n contra sarampi\u00f3n, rub\u00e9ola, paperas y poliomielitis 2022, con el objetivo de que m\u00e1s ni\u00f1os y ni\u00f1as reciban las dosis adicionales.<\/p>\n\n\n\n<p>Seg\u00fan los datos relevados no se alcanzaron el 90% de la poblaci\u00f3n a la que se desea llegar, por lo tanto, se ha resuelto continuar con este operativo que incluye a los hospitales, centros de salud y campa\u00f1as en los barrios.<br>Hasta el 11 de diciembre, se buscar\u00e1 que ni\u00f1as y ni\u00f1os bonaerenses de 13 meses a 4 a\u00f1os inclusive reciban las dosis adicionales, gratuitas y obligatorias de la vacuna Triple Viral (contra sarampi\u00f3n, rub\u00e9ola y paperas), y de la vacuna IPV (con el virus inactivado de la polio) m\u00e1s all\u00e1 de las dosis recibidas previamente; y sin necesidad de orden m\u00e9dica.<\/p>\n\n\n\n<p>En el Partido de San Pedro, la campa\u00f1a \u00abVamos a Vacunarnos\u00bb que busca mantener la eliminaci\u00f3n del sarampi\u00f3n, la rub\u00e9ola, el s\u00edndrome de rub\u00e9ola cong\u00e9nita y la poliomielitis logrado en el pa\u00eds cuenta pone al alcance de las familias las vacunas correspondientes con las siguientes opciones:<\/p>\n\n\n\n<p>Hospital Emilio Ruffa &#8211; lunes a viernes de 8 a 14 horas<br>Hospital de Santa Luc\u00eda &#8211; lunes a viernes de 8.00 a 17.00 hs. S\u00e1bados y domingos de 10 a 16 hs.<br>Hospital \u00ab26 de Julio\u00bb de Gobernador Castro &#8211; lunes a viernes de 8.00 a 16.00 hs. S\u00e1bados y domingos de 8 a 12 hs.<br>Centros de Salud en San Pedro Ciudad &#8211; de lunes a viernes de 8 a 12.30 hs.<br>En el Centro de Salud Intercultural \u00abDalagaic Piogonac\u00bb &#8211; lunes a viernes de 12.00 a 17.00 hs.<br>Centros de Salud de R\u00edo Tala y Vuelta de Obligado &#8211; lunes a viernes de 8.00 a 16.00 hs. S\u00e1bados y domingos de 10 a 16 hs.<br>Hospital Privado Sadiv &#8211; Lunes a viernes de 14 a 17 hs.<\/p>\n\n\n\n<p>Para m\u00e1s informaci\u00f3n se puede ingresar en www.gba.gob.ar\/vacunacion.<\/p>\n","protected":false},"excerpt":{"rendered":"<p>Desde la coordinaci\u00f3n de vacunaci\u00f3n de la Secretar\u00eda de Salud de la Municipalidad de San Pedro se recuerda que el Ministerio de Salud provincial, ha extendido hasta el 11 de diciembre pr\u00f3ximo, la Campa\u00f1a Nacional de Vacunaci\u00f3n contra sarampi\u00f3n, rub\u00e9ola, paperas y poliomielitis 2022, con el objetivo de que m\u00e1s ni\u00f1os y ni\u00f1as reciban las [&hellip;]<\/p>\n","protected":false},"author":4,"featured_media":111173,"comment_status":"closed","ping_status":"closed","sticky":false,"template":"","format":"standard","meta":{"om_disable_all_campaigns":false,"_jetpack_memberships_contains_paid_content":false,"footnotes":""},"categories":[101,2],"tags":[197,696,33,19],"class_list":["post-112796","post","type-post","status-publish","format-standard","has-post-thumbnail","hentry","category-interes-general-locales","category-locales","tag-buenos-aires","tag-interes-general","tag-locales","tag-san-pedro"],"aioseo_notices":[],"gutentor_comment":0,"jetpack_featured_media_url":"https:\/\/eldiariodesanpedro.com.ar\/sitio\/wp-content\/uploads\/2022\/10\/WhatsApp-Image-2022-10-02-at-11.53.42.jpeg","jetpack_shortlink":"https:\/\/wp.me\/p6RhLt-tli","jetpack_sharing_enabled":true,"_links":{"self":[{"href":"https:\/\/eldiariodesanpedro.com.ar\/sitio\/wp-json\/wp\/v2\/posts\/112796","targetHints":{"allow":["GET"]}}],"collection":[{"href":"https:\/\/eldiariodesanpedro.com.ar\/sitio\/wp-json\/wp\/v2\/posts"}],"about":[{"href":"https:\/\/eldiariodesanpedro.com.ar\/sitio\/wp-json\/wp\/v2\/types\/post"}],"author":[{"embeddable":true,"href":"https:\/\/eldiariodesanpedro.com.ar\/sitio\/wp-json\/wp\/v2\/users\/4"}],"replies":[{"embeddable":true,"href":"https:\/\/eldiariodesanpedro.com.ar\/sitio\/wp-json\/wp\/v2\/comments?post=112796"}],"version-history":[{"count":1,"href":"https:\/\/eldiariodesanpedro.com.ar\/sitio\/wp-json\/wp\/v2\/posts\/112796\/revisions"}],"predecessor-version":[{"id":112797,"href":"https:\/\/eldiariodesanpedro.com.ar\/sitio\/wp-json\/wp\/v2\/posts\/112796\/revisions\/112797"}],"wp:featuredmedia":[{"embeddable":true,"href":"https:\/\/eldiariodesanpedro.com.ar\/sitio\/wp-json\/wp\/v2\/media\/111173"}],"wp:attachment":[{"href":"https:\/\/eldiariodesanpedro.com.ar\/sitio\/wp-json\/wp\/v2\/media?parent=112796"}],"wp:term":[{"taxonomy":"category","embeddable":true,"href":"https:\/\/eldiariodesanpedro.com.ar\/sitio\/wp-json\/wp\/v2\/categories?post=112796"},{"taxonomy":"post_tag","embeddable":true,"href":"https:\/\/eldiariodesanpedro.com.ar\/sitio\/wp-json\/wp\/v2\/tags?post=112796"}],"curies":[{"name":"wp","href":"https:\/\/api.w.org\/{rel}","templated":true}]}}