{"id":112793,"date":"2022-11-23T14:08:28","date_gmt":"2022-11-23T17:08:28","guid":{"rendered":"https:\/\/eldiariodesanpedro.com.ar\/sitio\/?p=112793"},"modified":"2022-11-23T14:08:29","modified_gmt":"2022-11-23T17:08:29","slug":"gugger-es-imposible-sostener-la-detencion-de-dominguez-porque-se-cae-de-maduro-que-no-tuvo-participacion-en-el-hecho","status":"publish","type":"post","link":"https:\/\/eldiariodesanpedro.com.ar\/sitio\/gugger-es-imposible-sostener-la-detencion-de-dominguez-porque-se-cae-de-maduro-que-no-tuvo-participacion-en-el-hecho\/","title":{"rendered":"Gugger: \u201cEs imposible sostener la detenci\u00f3n de Dom\u00ednguez porque se cae de maduro que no tuvo participaci\u00f3n en el hecho\u201d"},"content":{"rendered":"<!-- VideographyWP Plugin Message: Automatic video embedding prevented by plugin options. -->\n\n<p>El corredor de autos y concejal suplente se present\u00f3 en la ma\u00f1ana del martes en la ciudad de Chacabuco en donde finalmente qued\u00f3 detenido. As\u00ed lo explic\u00f3 su abogado defensor quien adem\u00e1s asegur\u00f3 tener todas las pruebas para certificar la inocencia de su defendido.<\/p>\n\n\n\n<p>Desde hace unos dos meses la justicia libr\u00f3 el pedido de detenci\u00f3n de tres personas oriundas de nuestra ciudad vinculadas a un presunto hecho de piratas del asfalto. Se trata del transportista Gustavo \u201cPescado\u201d Dom\u00ednguez, su hijo Federico Dom\u00ednguez, piloto de autos y concejal suplente del Frente de Todos y el chofer del cami\u00f3n en cuesti\u00f3n, Juan Carlos Mendizabal.<\/p>\n\n\n\n<p>En medios de diversos rumores y trascendidos en la ma\u00f1ana del martes Federico Dom\u00ednguez se present\u00f3 por sus propios medios ante la justicia en la ciudad de Chacabuco en donde finalmente prest\u00f3 declaraci\u00f3n y qued\u00f3 detenido siendo alojado en la Comisar\u00eda misma de esa localidad que en la misma jurisdicci\u00f3n donde se produjo el hecho.<\/p>\n\n\n\n<p>\u201cFederico (Dom\u00ednguez) no estaba pr\u00f3fugo, pesaba sobre \u00e9l una orden de detenci\u00f3n que hab\u00eda sido apelada y que incluso la C\u00e1mara de Apelaciones de Jun\u00edn todav\u00eda no se expidi\u00f3 sobre la eximici\u00f3n de prisi\u00f3n que se hab\u00eda planteado oportunamente y sin perjuicio de eso la decisi\u00f3n de mi defendido fue la de presentarse ante la justicia y que le reciban declaraci\u00f3n\u201d, manifest\u00f3 el Dr. Gugger en el aire de FM G\u00e9nesis. &nbsp;<\/p>\n\n\n\n<p>En todas estas semanas se han vertido datos y versiones totalmente incorrectas, que no son ciertas, hasta llegar a trascender que Dom\u00ednguez no estaba en el pa\u00eds, por ejemplo; adem\u00e1s la fiscal Lisazo no habl\u00f3 todav\u00eda y por estos d\u00edas est\u00e1 de licencia.<\/p>\n\n\n\n<p>Federico (Dom\u00ednguez) se present\u00f3, hizo una declaraci\u00f3n sobre el modo, el tiempo y el lugar donde se encontraba en el momento del hecho que se investiga y que \u00e9l no estaba en el lugar del hecho obviamente, estaba a m\u00e1s de 100 kil\u00f3metros de esa ubicaci\u00f3n y adem\u00e1s ofreci\u00f3 pruebas que acreditan sus dichos. Su defensa tiene fundamentos\u201d, asegur\u00f3.<\/p>\n\n\n\n<p>\u201cEl delito que se le est\u00e1 imputando fue robo agravado por el uso de arma de fuego en despoblado y en banda con privaci\u00f3n ileg\u00edtima de la libertad y \u00e9l en ese hecho no tuvo ning\u00fan tipo de participaci\u00f3n\u201d.<\/p>\n\n\n\n<p>\u201cLa vinculaci\u00f3n de Dom\u00ednguez con el hecho se hace debido a un transporte que se hizo de mercader\u00eda y que result\u00f3 ser una mercader\u00eda de ese caso, pero en realidad \u00e9l se enter\u00f3 un mes despu\u00e9s de lo que hab\u00eda transportado\u201d, relat\u00f3 el abogado.<\/p>\n\n\n\n<p>\u201cTodo aquel que tiene una empresa de transporte sabe que cuando le asignan un viaje se coordina con quien lo contrat\u00f3, incluso Federico hab\u00eda hecho un viaje con unos amigos porque cumpl\u00eda 30 a\u00f1os y anduvo un mes por Europa, se fue y volvi\u00f3, y no ten\u00eda idea que lo estaban investigando, lo que pas\u00f3 fue que ante la consulta \u00e9l tiene la titularidad del cami\u00f3n\u201d.<\/p>\n\n\n\n<p>\u201cAc\u00e1 el responsable es la persona que lo contrat\u00f3 para hacer el flete, el pedio se hizo por tel\u00e9fono, un allegado suyo, y no sabe qui\u00e9n es. \u00c9l lo \u00fanico que puede declarar es lo que hizo en esos d\u00edas, d\u00f3nde estuvo antes, durante y despu\u00e9s de transportada la mercader\u00eda\u201d, afirm\u00f3 Gugger.<\/p>\n\n\n\n<p>\u201cEl cami\u00f3n fue robado en jurisdicci\u00f3n de Chacabuco y \u00e9l ese d\u00eda estaba en San Pedro, por eso pusimos a disposici\u00f3n su tel\u00e9fono para que se lo analice\u201d. &nbsp;<\/p>\n\n\n\n<p>\u201cLa idea era sostener la libertad durante el proceso porque siempre estuvo a disposici\u00f3n de la justicia pero al haber transcurrido el tiempo sin que la C\u00e1mara se expida se dispuso su detenci\u00f3n. De todos modos es imposible sostener la detenci\u00f3n porque se cae de maduro que no tuvo participaci\u00f3n en el hecho, as\u00ed que vamos a estar a la espera de los resultados de las pericias\u201d, asegur\u00f3 el abogado defensor de Federico Dom\u00ednguez. &nbsp;&nbsp;&nbsp;&nbsp;&nbsp;<\/p>\n","protected":false},"excerpt":{"rendered":"<p>El corredor de autos y concejal suplente se present\u00f3 en la ma\u00f1ana del martes en la ciudad de Chacabuco en donde finalmente qued\u00f3 detenido. As\u00ed lo explic\u00f3 su abogado defensor quien adem\u00e1s asegur\u00f3 tener todas las pruebas para certificar la inocencia de su defendido. Desde hace unos dos meses la justicia libr\u00f3 el pedido de [&hellip;]<\/p>\n","protected":false},"author":4,"featured_media":112794,"comment_status":"closed","ping_status":"closed","sticky":false,"template":"","format":"standard","meta":{"om_disable_all_campaigns":false,"_jetpack_memberships_contains_paid_content":false,"footnotes":""},"categories":[50,101,2],"tags":[197,696,33,19],"class_list":["post-112793","post","type-post","status-publish","format-standard","has-post-thumbnail","hentry","category-destacadas","category-interes-general-locales","category-locales","tag-buenos-aires","tag-interes-general","tag-locales","tag-san-pedro"],"aioseo_notices":[],"gutentor_comment":0,"jetpack_featured_media_url":"https:\/\/eldiariodesanpedro.com.ar\/sitio\/wp-content\/uploads\/2022\/11\/0000021429-resized-1920x1080-1.jpg","jetpack_shortlink":"https:\/\/wp.me\/p6RhLt-tlf","jetpack_sharing_enabled":true,"_links":{"self":[{"href":"https:\/\/eldiariodesanpedro.com.ar\/sitio\/wp-json\/wp\/v2\/posts\/112793","targetHints":{"allow":["GET"]}}],"collection":[{"href":"https:\/\/eldiariodesanpedro.com.ar\/sitio\/wp-json\/wp\/v2\/posts"}],"about":[{"href":"https:\/\/eldiariodesanpedro.com.ar\/sitio\/wp-json\/wp\/v2\/types\/post"}],"author":[{"embeddable":true,"href":"https:\/\/eldiariodesanpedro.com.ar\/sitio\/wp-json\/wp\/v2\/users\/4"}],"replies":[{"embeddable":true,"href":"https:\/\/eldiariodesanpedro.com.ar\/sitio\/wp-json\/wp\/v2\/comments?post=112793"}],"version-history":[{"count":1,"href":"https:\/\/eldiariodesanpedro.com.ar\/sitio\/wp-json\/wp\/v2\/posts\/112793\/revisions"}],"predecessor-version":[{"id":112795,"href":"https:\/\/eldiariodesanpedro.com.ar\/sitio\/wp-json\/wp\/v2\/posts\/112793\/revisions\/112795"}],"wp:featuredmedia":[{"embeddable":true,"href":"https:\/\/eldiariodesanpedro.com.ar\/sitio\/wp-json\/wp\/v2\/media\/112794"}],"wp:attachment":[{"href":"https:\/\/eldiariodesanpedro.com.ar\/sitio\/wp-json\/wp\/v2\/media?parent=112793"}],"wp:term":[{"taxonomy":"category","embeddable":true,"href":"https:\/\/eldiariodesanpedro.com.ar\/sitio\/wp-json\/wp\/v2\/categories?post=112793"},{"taxonomy":"post_tag","embeddable":true,"href":"https:\/\/eldiariodesanpedro.com.ar\/sitio\/wp-json\/wp\/v2\/tags?post=112793"}],"curies":[{"name":"wp","href":"https:\/\/api.w.org\/{rel}","templated":true}]}}