{"id":112791,"date":"2022-11-23T14:03:10","date_gmt":"2022-11-23T17:03:10","guid":{"rendered":"https:\/\/eldiariodesanpedro.com.ar\/sitio\/?p=112791"},"modified":"2022-11-23T14:03:11","modified_gmt":"2022-11-23T17:03:11","slug":"desde-hoy-cambio-el-horario-en-los-bancos-de-la-provincia-de-buenos-aires","status":"publish","type":"post","link":"https:\/\/eldiariodesanpedro.com.ar\/sitio\/desde-hoy-cambio-el-horario-en-los-bancos-de-la-provincia-de-buenos-aires\/","title":{"rendered":"Desde hoy cambio el horario en los bancos de la provincia de Buenos Aires"},"content":{"rendered":"<!-- VideographyWP Plugin Message: Automatic video embedding prevented by plugin options. -->\n\n<p>Un decreto provincial dispuso la modificaci\u00f3n de la apertura y el cierre en las sucursales bonaerenses; hasta cu\u00e1ndo regir\u00e1 esta disposici\u00f3n.<\/p>\n\n\n\n<p>Distintos distritos de la provincia de Buenos Aires cambiar\u00e1n su horario de atenci\u00f3n al p\u00fablico durante la \u00e9poca de m\u00e1s altas temperaturas y a partir de este martes 22 de noviembre abrir\u00e1n sus puertas entre las 8 y las 13, dos horas antes de lo habitual.<\/p>\n\n\n\n<p>La decisi\u00f3n se conoci\u00f3 este fin de semana mediante una resoluci\u00f3n publicada en el Bolet\u00edn Oficial de la provincia de Buenos Aires, que establece el cambio que se aplicar\u00e1 en la entidades durante los pr\u00f3ximos cuatro meses.<\/p>\n\n\n\n<p>Seg\u00fan la norma aplicada por el decreto provincial 1085\/2020, la medida comenz\u00f3 a regir desde el 21 de noviembre (aunque se aplicar\u00e1 a partir del martes 22 por el feriado \u201cpuente\u201d en conmemoraci\u00f3n del D\u00eda de la Soberan\u00eda Nacional)&nbsp;hasta el viernes 31 de marzo de 2023, lo cual supone que el lunes 3 de abril de ese a\u00f1o se volver\u00e1 al horario normal de 10 a 15 horas para la atenci\u00f3n al p\u00fablico.<\/p>\n","protected":false},"excerpt":{"rendered":"<p>Un decreto provincial dispuso la modificaci\u00f3n de la apertura y el cierre en las sucursales bonaerenses; hasta cu\u00e1ndo regir\u00e1 esta disposici\u00f3n. Distintos distritos de la provincia de Buenos Aires cambiar\u00e1n su horario de atenci\u00f3n al p\u00fablico durante la \u00e9poca de m\u00e1s altas temperaturas y a partir de este martes 22 de noviembre abrir\u00e1n sus puertas [&hellip;]<\/p>\n","protected":false},"author":4,"featured_media":56724,"comment_status":"closed","ping_status":"closed","sticky":false,"template":"","format":"standard","meta":{"om_disable_all_campaigns":false,"_jetpack_memberships_contains_paid_content":false,"footnotes":""},"categories":[101,2],"tags":[197,696,33,19],"class_list":["post-112791","post","type-post","status-publish","format-standard","has-post-thumbnail","hentry","category-interes-general-locales","category-locales","tag-buenos-aires","tag-interes-general","tag-locales","tag-san-pedro"],"aioseo_notices":[],"gutentor_comment":0,"jetpack_featured_media_url":"https:\/\/eldiariodesanpedro.com.ar\/sitio\/wp-content\/uploads\/2019\/07\/banco_provincia_1.jpg","jetpack_shortlink":"https:\/\/wp.me\/p6RhLt-tld","jetpack_sharing_enabled":true,"_links":{"self":[{"href":"https:\/\/eldiariodesanpedro.com.ar\/sitio\/wp-json\/wp\/v2\/posts\/112791","targetHints":{"allow":["GET"]}}],"collection":[{"href":"https:\/\/eldiariodesanpedro.com.ar\/sitio\/wp-json\/wp\/v2\/posts"}],"about":[{"href":"https:\/\/eldiariodesanpedro.com.ar\/sitio\/wp-json\/wp\/v2\/types\/post"}],"author":[{"embeddable":true,"href":"https:\/\/eldiariodesanpedro.com.ar\/sitio\/wp-json\/wp\/v2\/users\/4"}],"replies":[{"embeddable":true,"href":"https:\/\/eldiariodesanpedro.com.ar\/sitio\/wp-json\/wp\/v2\/comments?post=112791"}],"version-history":[{"count":1,"href":"https:\/\/eldiariodesanpedro.com.ar\/sitio\/wp-json\/wp\/v2\/posts\/112791\/revisions"}],"predecessor-version":[{"id":112792,"href":"https:\/\/eldiariodesanpedro.com.ar\/sitio\/wp-json\/wp\/v2\/posts\/112791\/revisions\/112792"}],"wp:featuredmedia":[{"embeddable":true,"href":"https:\/\/eldiariodesanpedro.com.ar\/sitio\/wp-json\/wp\/v2\/media\/56724"}],"wp:attachment":[{"href":"https:\/\/eldiariodesanpedro.com.ar\/sitio\/wp-json\/wp\/v2\/media?parent=112791"}],"wp:term":[{"taxonomy":"category","embeddable":true,"href":"https:\/\/eldiariodesanpedro.com.ar\/sitio\/wp-json\/wp\/v2\/categories?post=112791"},{"taxonomy":"post_tag","embeddable":true,"href":"https:\/\/eldiariodesanpedro.com.ar\/sitio\/wp-json\/wp\/v2\/tags?post=112791"}],"curies":[{"name":"wp","href":"https:\/\/api.w.org\/{rel}","templated":true}]}}