{"id":112782,"date":"2022-11-23T13:22:09","date_gmt":"2022-11-23T16:22:09","guid":{"rendered":"https:\/\/eldiariodesanpedro.com.ar\/sitio\/?p=112782"},"modified":"2022-11-23T13:22:58","modified_gmt":"2022-11-23T16:22:58","slug":"fallecio-el-motociclista-que-habia-embestido-a-una-mujer","status":"publish","type":"post","link":"https:\/\/eldiariodesanpedro.com.ar\/sitio\/fallecio-el-motociclista-que-habia-embestido-a-una-mujer\/","title":{"rendered":"Falleci\u00f3 el motociclista que hab\u00eda embestido a una mujer"},"content":{"rendered":"<!-- VideographyWP Plugin Message: Automatic video embedding prevented by plugin options. -->\n\n<p>El pasado sabado un hombre de 50 a\u00f1os hab\u00eda sufrido graves lesiones luego del accidente. Sucedi\u00f3 en la noche del s\u00e1bado en e barrio Las Canaletas. La mujer, hija de la concejal Rosa Celi\u00e9, se repone de las lesiones sufridas.<\/p>\n\n\n\n<p>Un motociclista de 50 a\u00f1os identificado como Oscar Marcelo Olmos falleci\u00f3 el domingo en el Hospital luego de que ingresara con graves lesiones tras protagonizar un accidente de tr\u00e1nsito.<\/p>\n\n\n\n<p>El hombre hab\u00eda sufrido un traumatismo de cr\u00e1neo severo luego de que el s\u00e1bado alrededor de las 22 horas embistiera a una mujer sobre la calle Juan Ismael Jim\u00e9nez al 1900.<\/p>\n\n\n\n<p>Olmos circulaba en una moto Guerrero 150cc a alta velocidad junto a otras dos personas cuando por cuestiones que se desconocen se sali\u00f3 de la calzada, se subi\u00f3 a la vereda y choc\u00f3 a una mujer que se encontraba en la vereda.<\/p>\n\n\n\n<p>Mar\u00eda Eugenia Trotta, de 45 a\u00f1os e hija de la concejal Rosa Celi\u00e9, pr\u00e1cticamente fue levantada por el aire sufriendo tambi\u00e9n graves lesiones como traumatismo de cr\u00e1neo con p\u00e9rdida de conocimiento, traumatismo de cadera y costal, m\u00e1s un profundo corte en su pierna derecha que origin\u00f3 que le aplicaran varios puntos de sutura. La mujer se repone de las lesiones en el Hospital local.<\/p>\n\n\n\n<p>La causa est\u00e1 a cargo de la fiscal\u00eda 5 del Dr. Manso.<\/p>\n","protected":false},"excerpt":{"rendered":"<p>El pasado sabado un hombre de 50 a\u00f1os hab\u00eda sufrido graves lesiones luego del accidente. Sucedi\u00f3 en la noche del s\u00e1bado en e barrio Las Canaletas. La mujer, hija de la concejal Rosa Celi\u00e9, se repone de las lesiones sufridas. Un motociclista de 50 a\u00f1os identificado como Oscar Marcelo Olmos falleci\u00f3 el domingo en el [&hellip;]<\/p>\n","protected":false},"author":4,"featured_media":112783,"comment_status":"closed","ping_status":"closed","sticky":false,"template":"","format":"standard","meta":{"om_disable_all_campaigns":false,"_jetpack_memberships_contains_paid_content":false,"footnotes":""},"categories":[50,2,103],"tags":[197,696,33,19],"class_list":["post-112782","post","type-post","status-publish","format-standard","has-post-thumbnail","hentry","category-destacadas","category-locales","category-policiales-locales","tag-buenos-aires","tag-interes-general","tag-locales","tag-san-pedro"],"aioseo_notices":[],"gutentor_comment":0,"jetpack_featured_media_url":"https:\/\/eldiariodesanpedro.com.ar\/sitio\/wp-content\/uploads\/2022\/11\/0000021425-resized-1920x1080-1.jpg","jetpack_shortlink":"https:\/\/wp.me\/p6RhLt-tl4","jetpack_sharing_enabled":true,"_links":{"self":[{"href":"https:\/\/eldiariodesanpedro.com.ar\/sitio\/wp-json\/wp\/v2\/posts\/112782","targetHints":{"allow":["GET"]}}],"collection":[{"href":"https:\/\/eldiariodesanpedro.com.ar\/sitio\/wp-json\/wp\/v2\/posts"}],"about":[{"href":"https:\/\/eldiariodesanpedro.com.ar\/sitio\/wp-json\/wp\/v2\/types\/post"}],"author":[{"embeddable":true,"href":"https:\/\/eldiariodesanpedro.com.ar\/sitio\/wp-json\/wp\/v2\/users\/4"}],"replies":[{"embeddable":true,"href":"https:\/\/eldiariodesanpedro.com.ar\/sitio\/wp-json\/wp\/v2\/comments?post=112782"}],"version-history":[{"count":2,"href":"https:\/\/eldiariodesanpedro.com.ar\/sitio\/wp-json\/wp\/v2\/posts\/112782\/revisions"}],"predecessor-version":[{"id":112785,"href":"https:\/\/eldiariodesanpedro.com.ar\/sitio\/wp-json\/wp\/v2\/posts\/112782\/revisions\/112785"}],"wp:featuredmedia":[{"embeddable":true,"href":"https:\/\/eldiariodesanpedro.com.ar\/sitio\/wp-json\/wp\/v2\/media\/112783"}],"wp:attachment":[{"href":"https:\/\/eldiariodesanpedro.com.ar\/sitio\/wp-json\/wp\/v2\/media?parent=112782"}],"wp:term":[{"taxonomy":"category","embeddable":true,"href":"https:\/\/eldiariodesanpedro.com.ar\/sitio\/wp-json\/wp\/v2\/categories?post=112782"},{"taxonomy":"post_tag","embeddable":true,"href":"https:\/\/eldiariodesanpedro.com.ar\/sitio\/wp-json\/wp\/v2\/tags?post=112782"}],"curies":[{"name":"wp","href":"https:\/\/api.w.org\/{rel}","templated":true}]}}