{"id":112779,"date":"2022-11-23T13:06:40","date_gmt":"2022-11-23T16:06:40","guid":{"rendered":"https:\/\/eldiariodesanpedro.com.ar\/sitio\/?p=112779"},"modified":"2022-11-23T13:06:41","modified_gmt":"2022-11-23T16:06:41","slug":"san-pedro-lo-dio-vuelta-y-se-consagro-campeon-del-torneo-de-selecciones","status":"publish","type":"post","link":"https:\/\/eldiariodesanpedro.com.ar\/sitio\/san-pedro-lo-dio-vuelta-y-se-consagro-campeon-del-torneo-de-selecciones\/","title":{"rendered":"San Pedro lo di\u00f3 vuelta y se consagr\u00f3 campe\u00f3n del Torneo de Selecciones"},"content":{"rendered":"<!-- VideographyWP Plugin Message: Automatic video embedding prevented by plugin options. -->\n\n<p>El combinado \u00abRojo y Negro\u00bb derrot\u00f3 a la selecci\u00f3n de Rojas como visitante y se adjudic\u00f3 el certamen de la Federaci\u00f3n Norte. Se impuso 2 a 0 defini\u00f3 la serie en la definici\u00f3n por penales. FM Genesis y El Cl\u00e1sico transmitieron en directo las alternativas de la final.<\/p>\n\n\n\n<p>La selecci\u00f3n de San Pedro se consagr\u00f3 campe\u00f3n del Torneo de Selecciones Sub 13 perteneciente a la Federaci\u00f3n Norte de F\u00fatbol al imponerse c\u00f3mo visitante al combinado de la ciudad de Rojas.<\/p>\n\n\n\n<p>El partido se disput\u00f3 en el atardecer del lunes en la cancha de Jorge Newbery de Rojas<\/p>\n\n\n\n<p>El equipo dirigido por Aldo el \u00abTurco\u00bb Repetti estaba obligado a ganar al menos por dos goles para aspirar a dar vuelta la serie ya que en el partido de ida jugado en nuestra ciudad hab\u00eda ganado la visita.<\/p>\n\n\n\n<p>La revancha tuvo un tr\u00e1mite parejo pero siempre fueron los sampedrinos qui\u00e9nes llevaron la iniciativa aunque ambos tuvieron chances de abrir el marcador.<\/p>\n\n\n\n<p>San Pedro movi\u00f3 las piezas en el segundo tiempo y con un planteo inteligente y disputando cada pelota como si fuera la \u00faltima se adue\u00f1\u00f3 del juego y cuando promediaba el periodo comenz\u00f3 a dar vuelta la historia.<\/p>\n\n\n\n<p>Rom\u00e1n Andrada a los 25 minutos y Segundo Trezzini a los 29 igualaron la serie y pusieron a San Pedro al borde de la haza\u00f1a pero hubo que esperar a la definici\u00f3n por penales para alcanzar la merecida consagraci\u00f3n.<\/p>\n\n\n\n<p>En una definici\u00f3n no apta para card\u00edacos los \u00abRojo y Negro\u00bb se impusieron por 7 a 6 y se quedaron con el anciano t\u00edtulo.<\/p>\n\n\n\n<p>S\u00edntesis<br>ROJAS 0 (6)<br>SAN PEDRO 2 (7)<\/p>\n\n\n\n<p>Rojas: C\u00f3rdoba, Lucino, Marzano, Martino, Gim\u00e9nez, Laplace, Quiroga, Olivera, Silva, Zarza, Llamayarre. DT: Ger\u00f3nimo.<br>Suplentes: Roca, Cabrera, Perassolo, Molina, Cascardo, L\u00f3pez, Stocco.<\/p>\n\n\n\n<p>San Pedro: Julian J\u00e1uregui, Thiago Molina, Rufino Perez, Dylan Negrete, Thiago Perez, Ramiro Correa, Mateo Garcia, Dylan Maldonado, Benjam\u00edn Ramirez, Renzo Vega, Martino Raviola. DT: Aldo Repetti.<br>Suplentes: Benjam\u00edn Pratts, Marcos Echevette, Benjam\u00edn Franco, Rom\u00e1n Andrada, Santiago Negrete, Benjam\u00edn Torrens, Segundo Trezzini.<\/p>\n\n\n\n<p>Goles: 25&#8217;ST Rom\u00e1n Andrada; 29&#8217;ST Segundo Trezzini.<br>Cancha: Jorge Newbery.<br>Arbitro: Nicol\u00e1s Matocio (Chivilcoy).<br>Asistentes: Mario Mart\u00edn; Alexander Jara.<\/p>\n\n\n\n<p>Definici\u00f3n por penales<br>Rojas (5): Silva (G), Laplace (G), Cascardo (A), Gim\u00e9nez (E), C\u00f3rdoba (G), Lucino (G), Martino (G), Marzano (E) .<br>San Pedro (6): Correa (G), D. Negrette (G), Andrada (G), Echevette (E), Franco (E), Maldonado (G), T. Negrete (G), Molina (G).<\/p>\n","protected":false},"excerpt":{"rendered":"<p>El combinado \u00abRojo y Negro\u00bb derrot\u00f3 a la selecci\u00f3n de Rojas como visitante y se adjudic\u00f3 el certamen de la Federaci\u00f3n Norte. Se impuso 2 a 0 defini\u00f3 la serie en la definici\u00f3n por penales. FM Genesis y El Cl\u00e1sico transmitieron en directo las alternativas de la final. La selecci\u00f3n de San Pedro se consagr\u00f3 [&hellip;]<\/p>\n","protected":false},"author":4,"featured_media":112780,"comment_status":"closed","ping_status":"closed","sticky":false,"template":"","format":"standard","meta":{"om_disable_all_campaigns":false,"_jetpack_memberships_contains_paid_content":false,"footnotes":""},"categories":[101,2],"tags":[197,696,33,19],"class_list":["post-112779","post","type-post","status-publish","format-standard","has-post-thumbnail","hentry","category-interes-general-locales","category-locales","tag-buenos-aires","tag-interes-general","tag-locales","tag-san-pedro"],"aioseo_notices":[],"gutentor_comment":0,"jetpack_featured_media_url":"https:\/\/eldiariodesanpedro.com.ar\/sitio\/wp-content\/uploads\/2022\/11\/0000021428-resized-1920x1080-1.jpg","jetpack_shortlink":"https:\/\/wp.me\/p6RhLt-tl1","jetpack_sharing_enabled":true,"_links":{"self":[{"href":"https:\/\/eldiariodesanpedro.com.ar\/sitio\/wp-json\/wp\/v2\/posts\/112779","targetHints":{"allow":["GET"]}}],"collection":[{"href":"https:\/\/eldiariodesanpedro.com.ar\/sitio\/wp-json\/wp\/v2\/posts"}],"about":[{"href":"https:\/\/eldiariodesanpedro.com.ar\/sitio\/wp-json\/wp\/v2\/types\/post"}],"author":[{"embeddable":true,"href":"https:\/\/eldiariodesanpedro.com.ar\/sitio\/wp-json\/wp\/v2\/users\/4"}],"replies":[{"embeddable":true,"href":"https:\/\/eldiariodesanpedro.com.ar\/sitio\/wp-json\/wp\/v2\/comments?post=112779"}],"version-history":[{"count":1,"href":"https:\/\/eldiariodesanpedro.com.ar\/sitio\/wp-json\/wp\/v2\/posts\/112779\/revisions"}],"predecessor-version":[{"id":112781,"href":"https:\/\/eldiariodesanpedro.com.ar\/sitio\/wp-json\/wp\/v2\/posts\/112779\/revisions\/112781"}],"wp:featuredmedia":[{"embeddable":true,"href":"https:\/\/eldiariodesanpedro.com.ar\/sitio\/wp-json\/wp\/v2\/media\/112780"}],"wp:attachment":[{"href":"https:\/\/eldiariodesanpedro.com.ar\/sitio\/wp-json\/wp\/v2\/media?parent=112779"}],"wp:term":[{"taxonomy":"category","embeddable":true,"href":"https:\/\/eldiariodesanpedro.com.ar\/sitio\/wp-json\/wp\/v2\/categories?post=112779"},{"taxonomy":"post_tag","embeddable":true,"href":"https:\/\/eldiariodesanpedro.com.ar\/sitio\/wp-json\/wp\/v2\/tags?post=112779"}],"curies":[{"name":"wp","href":"https:\/\/api.w.org\/{rel}","templated":true}]}}