{"id":112776,"date":"2022-11-23T12:49:22","date_gmt":"2022-11-23T15:49:22","guid":{"rendered":"https:\/\/eldiariodesanpedro.com.ar\/sitio\/?p=112776"},"modified":"2022-11-23T12:49:23","modified_gmt":"2022-11-23T15:49:23","slug":"en-movimiento-gym-alcanzo-importantes-logros-a-nivel-nacional","status":"publish","type":"post","link":"https:\/\/eldiariodesanpedro.com.ar\/sitio\/en-movimiento-gym-alcanzo-importantes-logros-a-nivel-nacional\/","title":{"rendered":"\u00abEn Movimiento Gym\u00bb alcanz\u00f3 importantes logros a nivel nacional"},"content":{"rendered":"<!-- VideographyWP Plugin Message: Automatic video embedding prevented by plugin options. -->\n\n<p>El gimnasio sampedrino alcanz\u00f3 los t\u00edtulos m\u00e1s importantes en el certamen nacional que se desarroll\u00f3 en Villa Ballester.<\/p>\n\n\n\n<p>La Academia de Danzas y Fitness \u00abEn Movimiento Gym\u00bb a cargo de la profesora Cecilia Lina, junto con la profesora Lucia Sierra, con su grupo de&nbsp;categor\u00eda Pre-J\u00f3venes obtuvo la calificaci\u00f3n mas elevada en las Finales Nacionales de&nbsp;All Dance Argentina llevadas a cabo en La Sociedad Alemana de Villa Ballester el pasado fin de semana. Con su coreograf\u00eda RIO, inspirada en la conocida pel\u00edcula infantil fueron ganadoras, con un puntaje final de 92.50, de una BECA para participar en el CAMPEONATO OFICIAL SUDAMERICANO&nbsp;DE DANZAS ALL DANCE VI\u00d1A DEL MAR 2023 con sede en Valparaiso, Chile.<\/p>\n\n\n\n<p>Las j\u00f3venes de entre 11 y 16 a\u00f1os que podr\u00e1n representar a nuestro pa\u00eds a nivel continental son: Celeste Leguizam\u00f3n, Alma Azula, Luz Perfume, Julia S\u00e1nchez, Mia Gonz\u00e1lez, Sofia Manicler, Amparo Marigliano, Emilia Beltr\u00e1n, Ana Sol Agusti, Julia Guzzo, Guillermina Anghilante, Pilar S\u00e1nchez y Nerina Tettamanti.<\/p>\n\n\n\n<p>Cabe destacar que todas las categor\u00edas presentadas por el Equipo Lina-Sierra-Nouet&nbsp;han obtenido los primeros puestos con puntajes de Nivel ELITE.<\/p>\n\n\n\n<p>El Equipo de En Movimiento Gym y las familias de las bailarinas se encuentran evaluando distintas alternativas que les permitan cumplir el sue\u00f1o de competir a nivel internacional representando a la Argentina.<\/p>\n","protected":false},"excerpt":{"rendered":"<p>El gimnasio sampedrino alcanz\u00f3 los t\u00edtulos m\u00e1s importantes en el certamen nacional que se desarroll\u00f3 en Villa Ballester. La Academia de Danzas y Fitness \u00abEn Movimiento Gym\u00bb a cargo de la profesora Cecilia Lina, junto con la profesora Lucia Sierra, con su grupo de&nbsp;categor\u00eda Pre-J\u00f3venes obtuvo la calificaci\u00f3n mas elevada en las Finales Nacionales de&nbsp;All [&hellip;]<\/p>\n","protected":false},"author":4,"featured_media":112777,"comment_status":"closed","ping_status":"closed","sticky":false,"template":"","format":"standard","meta":{"om_disable_all_campaigns":false,"_jetpack_memberships_contains_paid_content":false,"footnotes":""},"categories":[101,2],"tags":[197,696,33,19],"class_list":["post-112776","post","type-post","status-publish","format-standard","has-post-thumbnail","hentry","category-interes-general-locales","category-locales","tag-buenos-aires","tag-interes-general","tag-locales","tag-san-pedro"],"aioseo_notices":[],"gutentor_comment":0,"jetpack_featured_media_url":"https:\/\/eldiariodesanpedro.com.ar\/sitio\/wp-content\/uploads\/2022\/11\/0000021417-resized-1920x1080-1.jpg","jetpack_shortlink":"https:\/\/wp.me\/p6RhLt-tkY","jetpack_sharing_enabled":true,"_links":{"self":[{"href":"https:\/\/eldiariodesanpedro.com.ar\/sitio\/wp-json\/wp\/v2\/posts\/112776","targetHints":{"allow":["GET"]}}],"collection":[{"href":"https:\/\/eldiariodesanpedro.com.ar\/sitio\/wp-json\/wp\/v2\/posts"}],"about":[{"href":"https:\/\/eldiariodesanpedro.com.ar\/sitio\/wp-json\/wp\/v2\/types\/post"}],"author":[{"embeddable":true,"href":"https:\/\/eldiariodesanpedro.com.ar\/sitio\/wp-json\/wp\/v2\/users\/4"}],"replies":[{"embeddable":true,"href":"https:\/\/eldiariodesanpedro.com.ar\/sitio\/wp-json\/wp\/v2\/comments?post=112776"}],"version-history":[{"count":1,"href":"https:\/\/eldiariodesanpedro.com.ar\/sitio\/wp-json\/wp\/v2\/posts\/112776\/revisions"}],"predecessor-version":[{"id":112778,"href":"https:\/\/eldiariodesanpedro.com.ar\/sitio\/wp-json\/wp\/v2\/posts\/112776\/revisions\/112778"}],"wp:featuredmedia":[{"embeddable":true,"href":"https:\/\/eldiariodesanpedro.com.ar\/sitio\/wp-json\/wp\/v2\/media\/112777"}],"wp:attachment":[{"href":"https:\/\/eldiariodesanpedro.com.ar\/sitio\/wp-json\/wp\/v2\/media?parent=112776"}],"wp:term":[{"taxonomy":"category","embeddable":true,"href":"https:\/\/eldiariodesanpedro.com.ar\/sitio\/wp-json\/wp\/v2\/categories?post=112776"},{"taxonomy":"post_tag","embeddable":true,"href":"https:\/\/eldiariodesanpedro.com.ar\/sitio\/wp-json\/wp\/v2\/tags?post=112776"}],"curies":[{"name":"wp","href":"https:\/\/api.w.org\/{rel}","templated":true}]}}