{"id":112773,"date":"2022-11-23T11:16:32","date_gmt":"2022-11-23T14:16:32","guid":{"rendered":"https:\/\/eldiariodesanpedro.com.ar\/sitio\/?p=112773"},"modified":"2022-11-23T11:16:33","modified_gmt":"2022-11-23T14:16:33","slug":"asesinaron-a-tiros-a-chofer-sampedrino-en-la-ciudad-de-colon","status":"publish","type":"post","link":"https:\/\/eldiariodesanpedro.com.ar\/sitio\/asesinaron-a-tiros-a-chofer-sampedrino-en-la-ciudad-de-colon\/","title":{"rendered":"Asesinaron a tiros a chofer sampedrino en la ciudad de Col\u00f3n"},"content":{"rendered":"<!-- VideographyWP Plugin Message: Automatic video embedding prevented by plugin options. -->\n\n<p>La v\u00edctima fue identificada como Mauricio Cordara, de 48 a\u00f1os. Se desempe\u00f1aba como chofer del dirigente gremial de la Uatre, Pablo Ansaloni. Una persona lo sorprendi\u00f3 en la puerta de la casa del propio sindicalista y lo acribill\u00f3 a pocos cent\u00edmetros de distancia.<\/p>\n\n\n\n<p>La fiscal&nbsp;Magdalena Brandt, del la Fiscal\u00eda General del Departamento Judicial Pergamino, investiga el asesinato de un chofer sampedrino que se origin\u00f3 en la tarde del viernes en la ciudad bonaerense de Col\u00f3n, puntualmente en calle 20 entre 43 y 44.<\/p>\n\n\n\n<p>La v\u00edctima fue identificada como Mauricio Cordara, de 48 a\u00f1os, y perteneciente a una querida familia sampedrina.<\/p>\n\n\n\n<p>Todo sucedi\u00f3 sobre el frente de la casa del dirigente gremial de la Uatre y ex diputado Pablo Ansaloni, adonde el hombre hab\u00eda llegado hace pocos minutos debido a que se desempe\u00f1aba como chofer desde hace varios a\u00f1os.<\/p>\n\n\n\n<p>Cordara hab\u00eda trasladado a los hijos de Ansaloni hasta ese domicilio y fue sorprendido por una persona joven, flaca, pelo corto y gorra oscura que se le acerc\u00f3 y sin mediar palabra le aplic\u00f3 entre cinco y siete disparos.<\/p>\n\n\n\n<p>El asesino huy\u00f3 r\u00e1pidamente del lugar y habr\u00eda abordado un auto que lo esperaba a pocos metros del donde se produjo el hecho.<\/p>\n\n\n\n<p>El hombre fue asistido y trasladado de urgencia al hospital de la localidad pero pr\u00e1cticamente su deceso se hab\u00eda producido en el acto.<\/p>\n\n\n\n<p>Los investigadores eval\u00faan datos e hip\u00f3tesis aunque habr\u00eda detalles del hecho que llevar\u00edan a la conclusi\u00f3n de que se trat\u00f3 de un crimen mafioso y hay dudas sobre si era Cordara el destinatario de los disparos.<\/p>\n\n\n\n<p>Foto: Diario Nucleo.<\/p>\n\n\n\n<p><\/p>\n","protected":false},"excerpt":{"rendered":"<p>La v\u00edctima fue identificada como Mauricio Cordara, de 48 a\u00f1os. Se desempe\u00f1aba como chofer del dirigente gremial de la Uatre, Pablo Ansaloni. Una persona lo sorprendi\u00f3 en la puerta de la casa del propio sindicalista y lo acribill\u00f3 a pocos cent\u00edmetros de distancia. La fiscal&nbsp;Magdalena Brandt, del la Fiscal\u00eda General del Departamento Judicial Pergamino, investiga [&hellip;]<\/p>\n","protected":false},"author":4,"featured_media":112774,"comment_status":"closed","ping_status":"closed","sticky":false,"template":"","format":"standard","meta":{"om_disable_all_campaigns":false,"_jetpack_memberships_contains_paid_content":false,"footnotes":""},"categories":[50,101,2],"tags":[197,696,33,19],"class_list":["post-112773","post","type-post","status-publish","format-standard","has-post-thumbnail","hentry","category-destacadas","category-interes-general-locales","category-locales","tag-buenos-aires","tag-interes-general","tag-locales","tag-san-pedro"],"aioseo_notices":[],"gutentor_comment":0,"jetpack_featured_media_url":"https:\/\/eldiariodesanpedro.com.ar\/sitio\/wp-content\/uploads\/2022\/11\/0000021419-resized-1920x1080-1.jpg","jetpack_shortlink":"https:\/\/wp.me\/p6RhLt-tkV","jetpack_sharing_enabled":true,"_links":{"self":[{"href":"https:\/\/eldiariodesanpedro.com.ar\/sitio\/wp-json\/wp\/v2\/posts\/112773","targetHints":{"allow":["GET"]}}],"collection":[{"href":"https:\/\/eldiariodesanpedro.com.ar\/sitio\/wp-json\/wp\/v2\/posts"}],"about":[{"href":"https:\/\/eldiariodesanpedro.com.ar\/sitio\/wp-json\/wp\/v2\/types\/post"}],"author":[{"embeddable":true,"href":"https:\/\/eldiariodesanpedro.com.ar\/sitio\/wp-json\/wp\/v2\/users\/4"}],"replies":[{"embeddable":true,"href":"https:\/\/eldiariodesanpedro.com.ar\/sitio\/wp-json\/wp\/v2\/comments?post=112773"}],"version-history":[{"count":1,"href":"https:\/\/eldiariodesanpedro.com.ar\/sitio\/wp-json\/wp\/v2\/posts\/112773\/revisions"}],"predecessor-version":[{"id":112775,"href":"https:\/\/eldiariodesanpedro.com.ar\/sitio\/wp-json\/wp\/v2\/posts\/112773\/revisions\/112775"}],"wp:featuredmedia":[{"embeddable":true,"href":"https:\/\/eldiariodesanpedro.com.ar\/sitio\/wp-json\/wp\/v2\/media\/112774"}],"wp:attachment":[{"href":"https:\/\/eldiariodesanpedro.com.ar\/sitio\/wp-json\/wp\/v2\/media?parent=112773"}],"wp:term":[{"taxonomy":"category","embeddable":true,"href":"https:\/\/eldiariodesanpedro.com.ar\/sitio\/wp-json\/wp\/v2\/categories?post=112773"},{"taxonomy":"post_tag","embeddable":true,"href":"https:\/\/eldiariodesanpedro.com.ar\/sitio\/wp-json\/wp\/v2\/tags?post=112773"}],"curies":[{"name":"wp","href":"https:\/\/api.w.org\/{rel}","templated":true}]}}