{"id":112769,"date":"2022-11-23T11:02:38","date_gmt":"2022-11-23T14:02:38","guid":{"rendered":"https:\/\/eldiariodesanpedro.com.ar\/sitio\/?p=112769"},"modified":"2022-11-23T11:02:40","modified_gmt":"2022-11-23T14:02:40","slug":"bomberos-anuncio-la-instalacion-del-destacamento-de-rio-tala","status":"publish","type":"post","link":"https:\/\/eldiariodesanpedro.com.ar\/sitio\/bomberos-anuncio-la-instalacion-del-destacamento-de-rio-tala\/","title":{"rendered":"Bomberos anuncio la instalaci\u00f3n del destacamento de R\u00edo Tala"},"content":{"rendered":"<!-- VideographyWP Plugin Message: Automatic video embedding prevented by plugin options. -->\n\n<p>El anuncio lo realizaron las autoridades de la entidad luego de que se firmar\u00e1 un convenio con el Autom\u00f3vil Club Argentino. El objetivo es que en 6 meses est\u00e9 funcionando.<\/p>\n\n\n\n<p>Una vez firmado el acuerdo con los representantes del Autom\u00f3vil Club Argentino las autoridades de la Asociaci\u00f3n de Bomberos Voluntarios de San Pedro comunicaron que se har\u00e1 realidad la instalaci\u00f3n del destacamento n\u00famero 2 en jurisdicci\u00f3n de R\u00edo Tala.<\/p>\n\n\n\n<p>El importante anuncio lo realiz\u00f3 el presidente de la entidad Mauro Rasio en una rueda de prensa realizada en la ma\u00f1ana del viernes en el predio qu\u00e9 ser\u00e1 sede de la base.<\/p>\n\n\n\n<p>El mismo funcionar\u00e1 en el propiedad ubicado sobre la ex Ruta 9 a metros de su intersecci\u00f3n con la Ruta Provincial 1001, el mismo que en su momento iba a ser refaccionado por el municipio pero por falta de presupuesto no se pudo concretar. De todos modos el delegado municipal de la localidad de R\u00edo Tala Walter D\u00edaz adelant\u00f3 que acompa\u00f1ar\u00e1n el proyecto en todo lo que tenga a su alcance.<\/p>\n\n\n\n<p>El presidente de Bomberos manifest\u00f3 que las instalaciones del lugar presentan un importante deterioro como producto de los actos de vandalismo que se vienen cometiendo desde hace tiempo pero se trabajar\u00e1 en la reparaci\u00f3n del mismo para que en un t\u00e9rmino de 6 meses el lugar pueda estar operativo, al menos con una guardia m\u00ednima y que sirva para intervenir de inmediato en todo tipo de siniestros que se originen en esa jurisdicci\u00f3n.<\/p>\n\n\n\n<p>Pronto se anunciar\u00e1 la apertura de una capacitaci\u00f3n para sumar bomberos de la localidad que conformen la dotaci\u00f3n para dicho destacamento.<\/p>\n\n\n\n<iframe data-src=\"https:\/\/www.facebook.com\/plugins\/video.php?height=314&#038;href=https%3A%2F%2Fwww.facebook.com%2Fdiariosp2%2Fvideos%2F5770068533055626%2F&#038;show_text=false&#038;width=560&#038;t=0\" width=\"560\" height=\"314\" style=\"border:none;overflow:hidden\" scrolling=\"no\" frameborder=\"0\" allowfullscreen=\"true\" allow=\"autoplay; clipboard-write; encrypted-media; picture-in-picture; web-share\" allowFullScreen=\"true\" src=\"data:image\/svg+xml;base64,PHN2ZyB3aWR0aD0iMSIgaGVpZ2h0PSIxIiB4bWxucz0iaHR0cDovL3d3dy53My5vcmcvMjAwMC9zdmciPjwvc3ZnPg==\" class=\"lazyload\" data-load-mode=\"1\"><\/iframe>\n","protected":false},"excerpt":{"rendered":"<p>El anuncio lo realizaron las autoridades de la entidad luego de que se firmar\u00e1 un convenio con el Autom\u00f3vil Club Argentino. El objetivo es que en 6 meses est\u00e9 funcionando. Una vez firmado el acuerdo con los representantes del Autom\u00f3vil Club Argentino las autoridades de la Asociaci\u00f3n de Bomberos Voluntarios de San Pedro comunicaron que [&hellip;]<\/p>\n","protected":false},"author":4,"featured_media":112770,"comment_status":"closed","ping_status":"closed","sticky":false,"template":"","format":"standard","meta":{"om_disable_all_campaigns":false,"_jetpack_memberships_contains_paid_content":false,"footnotes":""},"categories":[50,101,2],"tags":[197,696,33,19],"class_list":["post-112769","post","type-post","status-publish","format-standard","has-post-thumbnail","hentry","category-destacadas","category-interes-general-locales","category-locales","tag-buenos-aires","tag-interes-general","tag-locales","tag-san-pedro"],"aioseo_notices":[],"gutentor_comment":0,"jetpack_featured_media_url":"https:\/\/eldiariodesanpedro.com.ar\/sitio\/wp-content\/uploads\/2022\/11\/Imagen-de-WhatsApp-2022-11-18-a-las-11.41.39.jpg","jetpack_shortlink":"https:\/\/wp.me\/p6RhLt-tkR","jetpack_sharing_enabled":true,"_links":{"self":[{"href":"https:\/\/eldiariodesanpedro.com.ar\/sitio\/wp-json\/wp\/v2\/posts\/112769","targetHints":{"allow":["GET"]}}],"collection":[{"href":"https:\/\/eldiariodesanpedro.com.ar\/sitio\/wp-json\/wp\/v2\/posts"}],"about":[{"href":"https:\/\/eldiariodesanpedro.com.ar\/sitio\/wp-json\/wp\/v2\/types\/post"}],"author":[{"embeddable":true,"href":"https:\/\/eldiariodesanpedro.com.ar\/sitio\/wp-json\/wp\/v2\/users\/4"}],"replies":[{"embeddable":true,"href":"https:\/\/eldiariodesanpedro.com.ar\/sitio\/wp-json\/wp\/v2\/comments?post=112769"}],"version-history":[{"count":1,"href":"https:\/\/eldiariodesanpedro.com.ar\/sitio\/wp-json\/wp\/v2\/posts\/112769\/revisions"}],"predecessor-version":[{"id":112771,"href":"https:\/\/eldiariodesanpedro.com.ar\/sitio\/wp-json\/wp\/v2\/posts\/112769\/revisions\/112771"}],"wp:featuredmedia":[{"embeddable":true,"href":"https:\/\/eldiariodesanpedro.com.ar\/sitio\/wp-json\/wp\/v2\/media\/112770"}],"wp:attachment":[{"href":"https:\/\/eldiariodesanpedro.com.ar\/sitio\/wp-json\/wp\/v2\/media?parent=112769"}],"wp:term":[{"taxonomy":"category","embeddable":true,"href":"https:\/\/eldiariodesanpedro.com.ar\/sitio\/wp-json\/wp\/v2\/categories?post=112769"},{"taxonomy":"post_tag","embeddable":true,"href":"https:\/\/eldiariodesanpedro.com.ar\/sitio\/wp-json\/wp\/v2\/tags?post=112769"}],"curies":[{"name":"wp","href":"https:\/\/api.w.org\/{rel}","templated":true}]}}