{"id":112766,"date":"2022-11-23T10:59:04","date_gmt":"2022-11-23T13:59:04","guid":{"rendered":"https:\/\/eldiariodesanpedro.com.ar\/sitio\/?p=112766"},"modified":"2022-11-23T10:59:05","modified_gmt":"2022-11-23T13:59:05","slug":"up-3-de-san-nicolas-fallecio-el-detenido-walter-alves","status":"publish","type":"post","link":"https:\/\/eldiariodesanpedro.com.ar\/sitio\/up-3-de-san-nicolas-fallecio-el-detenido-walter-alves\/","title":{"rendered":"UP 3 de San Nicol\u00e1s: Falleci\u00f3 el detenido Walter Alves"},"content":{"rendered":"<!-- VideographyWP Plugin Message: Automatic video embedding prevented by plugin options. -->\n\n<p>El sospechoso, de 45 a\u00f1os, se encontraba imputado en un hecho de robo cometido a principio de a\u00f1o. Tuvo una descompensaci\u00f3n card\u00edaca mientras permanec\u00eda en uno de los pabellones del Penal.<\/p>\n\n\n\n<p>En la ma\u00f1ana de este viernes falleci\u00f3 Walter Alves, el hombre de 45 a\u00f1os que se encontraba imputado en un hecho de robo cometido a principios de este a\u00f1o en un establecimiento rural.<\/p>\n\n\n\n<p>El acusado, quien a la vez era parte del cuerpo activo de Bomberos Voluntarios de San Pedro, se encontraba alojado en la Unidad Penal N\u00b0 3 de San Nicol\u00e1s cuando sufri\u00f3 una descompensaci\u00f3n card\u00edaca que fue irreversible.<\/p>\n\n\n\n<p>Alves estaba sospechado de integrar una banda que asalt\u00f3 una propiedad ubicada en inmediaciones de la \u201cCurva de la Muerte\u201d, sobre la Ruta 191. Sucedi\u00f3 el 4 de enero pasado y fue detenido por la polic\u00eda cuando presuntamente intentaba escapar junto a otros integrantes de la banda a trav\u00e9s de los campos linderos.<\/p>\n\n\n\n<p>El imputado siempre reclam\u00f3 por su inocencia sosteniendo que no ten\u00eda nada que ver y que hab\u00eda sido enga\u00f1ado por los otros delincuentes.<\/p>\n\n\n\n<p>Hace pocas semanas, como lo hab\u00eda adelantado este medio, la causa hab\u00eda sido elevada a juicio por la fiscal Vivana Ramos y el principal acusado es quien lideraba la banda, Sergio \u201cMangacho\u201d Campod\u00f3nico.&nbsp;<\/p>\n","protected":false},"excerpt":{"rendered":"<p>El sospechoso, de 45 a\u00f1os, se encontraba imputado en un hecho de robo cometido a principio de a\u00f1o. Tuvo una descompensaci\u00f3n card\u00edaca mientras permanec\u00eda en uno de los pabellones del Penal. En la ma\u00f1ana de este viernes falleci\u00f3 Walter Alves, el hombre de 45 a\u00f1os que se encontraba imputado en un hecho de robo cometido [&hellip;]<\/p>\n","protected":false},"author":4,"featured_media":112767,"comment_status":"closed","ping_status":"closed","sticky":false,"template":"","format":"standard","meta":{"om_disable_all_campaigns":false,"_jetpack_memberships_contains_paid_content":false,"footnotes":""},"categories":[101,2],"tags":[197,33,95,19],"class_list":["post-112766","post","type-post","status-publish","format-standard","has-post-thumbnail","hentry","category-interes-general-locales","category-locales","tag-buenos-aires","tag-locales","tag-policiales","tag-san-pedro"],"aioseo_notices":[],"gutentor_comment":0,"jetpack_featured_media_url":"https:\/\/eldiariodesanpedro.com.ar\/sitio\/wp-content\/uploads\/2022\/11\/0000021416-resized-1920x1080-1.jpg","jetpack_shortlink":"https:\/\/wp.me\/p6RhLt-tkO","jetpack_sharing_enabled":true,"_links":{"self":[{"href":"https:\/\/eldiariodesanpedro.com.ar\/sitio\/wp-json\/wp\/v2\/posts\/112766","targetHints":{"allow":["GET"]}}],"collection":[{"href":"https:\/\/eldiariodesanpedro.com.ar\/sitio\/wp-json\/wp\/v2\/posts"}],"about":[{"href":"https:\/\/eldiariodesanpedro.com.ar\/sitio\/wp-json\/wp\/v2\/types\/post"}],"author":[{"embeddable":true,"href":"https:\/\/eldiariodesanpedro.com.ar\/sitio\/wp-json\/wp\/v2\/users\/4"}],"replies":[{"embeddable":true,"href":"https:\/\/eldiariodesanpedro.com.ar\/sitio\/wp-json\/wp\/v2\/comments?post=112766"}],"version-history":[{"count":1,"href":"https:\/\/eldiariodesanpedro.com.ar\/sitio\/wp-json\/wp\/v2\/posts\/112766\/revisions"}],"predecessor-version":[{"id":112768,"href":"https:\/\/eldiariodesanpedro.com.ar\/sitio\/wp-json\/wp\/v2\/posts\/112766\/revisions\/112768"}],"wp:featuredmedia":[{"embeddable":true,"href":"https:\/\/eldiariodesanpedro.com.ar\/sitio\/wp-json\/wp\/v2\/media\/112767"}],"wp:attachment":[{"href":"https:\/\/eldiariodesanpedro.com.ar\/sitio\/wp-json\/wp\/v2\/media?parent=112766"}],"wp:term":[{"taxonomy":"category","embeddable":true,"href":"https:\/\/eldiariodesanpedro.com.ar\/sitio\/wp-json\/wp\/v2\/categories?post=112766"},{"taxonomy":"post_tag","embeddable":true,"href":"https:\/\/eldiariodesanpedro.com.ar\/sitio\/wp-json\/wp\/v2\/tags?post=112766"}],"curies":[{"name":"wp","href":"https:\/\/api.w.org\/{rel}","templated":true}]}}