{"id":112762,"date":"2022-11-23T10:53:42","date_gmt":"2022-11-23T13:53:42","guid":{"rendered":"https:\/\/eldiariodesanpedro.com.ar\/sitio\/?p=112762"},"modified":"2022-11-23T10:53:43","modified_gmt":"2022-11-23T13:53:43","slug":"nuevas-reuniones-barriales-con-comisiones-de-fomento","status":"publish","type":"post","link":"https:\/\/eldiariodesanpedro.com.ar\/sitio\/nuevas-reuniones-barriales-con-comisiones-de-fomento\/","title":{"rendered":"Nuevas reuniones barriales con Comisiones de Fomento"},"content":{"rendered":"<!-- VideographyWP Plugin Message: Automatic video embedding prevented by plugin options. -->\n\n<p>La nueva directora de Comisiones de Fomento Jimena Mari\u00f1o comenz\u00f3 a visitar a las comisiones de fomento de los diferentes barrios y localidades de San Pedro, continuando con la modalidad con la que viene trabajando el \u00e1rea dentro del gobierno municipal.<\/p>\n\n\n\n<p>El objetivo es acercarse a los referentes de cada comisi\u00f3n y junto a funcionarios de otras \u00e1reas analizar inquietudes y darles curso a solicitudes que surgen de cada zona. La \u00faltima reuni\u00f3n fue este lunes con los vecinos de la Comisi\u00f3n de Fomento de \u00abLos Aromitos\u00bb, junto al Secretario de Desarrollo Humano Walter S\u00e1nchez y al Secretario de Seguridad Juan Carlos Ag\u00fcero.<\/p>\n\n\n\n<p>La Direcci\u00f3n de Comisiones de Fomento funciona en el \u00e1mbito de la Secretar\u00eda de Desarrollo Humano y los que deseen contactarse pueden hacerlo al\u00a03329\u00a063-6296.<\/p>\n\n\n\n<figure class=\"wp-block-image size-full\"><img decoding=\"async\" width=\"840\" height=\"630\" data-attachment-id=\"112764\" data-permalink=\"https:\/\/eldiariodesanpedro.com.ar\/sitio\/nuevas-reuniones-barriales-con-comisiones-de-fomento\/imagen-de-whatsapp-2022-11-22-a-las-17-43-15\/\" data-orig-file=\"https:\/\/eldiariodesanpedro.com.ar\/sitio\/wp-content\/uploads\/2022\/11\/Imagen-de-WhatsApp-2022-11-22-a-las-17.43.15.jpg\" data-orig-size=\"840,630\" data-comments-opened=\"0\" data-image-meta=\"{&quot;aperture&quot;:&quot;0&quot;,&quot;credit&quot;:&quot;&quot;,&quot;camera&quot;:&quot;&quot;,&quot;caption&quot;:&quot;&quot;,&quot;created_timestamp&quot;:&quot;0&quot;,&quot;copyright&quot;:&quot;&quot;,&quot;focal_length&quot;:&quot;0&quot;,&quot;iso&quot;:&quot;0&quot;,&quot;shutter_speed&quot;:&quot;0&quot;,&quot;title&quot;:&quot;&quot;,&quot;orientation&quot;:&quot;0&quot;}\" data-image-title=\"Imagen de WhatsApp 2022-11-22 a las 17.43.15\" data-image-description=\"\" data-image-caption=\"\" data-large-file=\"https:\/\/eldiariodesanpedro.com.ar\/sitio\/wp-content\/uploads\/2022\/11\/Imagen-de-WhatsApp-2022-11-22-a-las-17.43.15.jpg\" data-src=\"https:\/\/eldiariodesanpedro.com.ar\/sitio\/wp-content\/uploads\/2022\/11\/Imagen-de-WhatsApp-2022-11-22-a-las-17.43.15.jpg\" alt=\"\" class=\"wp-image-112764 lazyload\" data-srcset=\"https:\/\/eldiariodesanpedro.com.ar\/sitio\/wp-content\/uploads\/2022\/11\/Imagen-de-WhatsApp-2022-11-22-a-las-17.43.15.jpg 840w, https:\/\/eldiariodesanpedro.com.ar\/sitio\/wp-content\/uploads\/2022\/11\/Imagen-de-WhatsApp-2022-11-22-a-las-17.43.15-300x225.jpg 300w, https:\/\/eldiariodesanpedro.com.ar\/sitio\/wp-content\/uploads\/2022\/11\/Imagen-de-WhatsApp-2022-11-22-a-las-17.43.15-768x576.jpg 768w, https:\/\/eldiariodesanpedro.com.ar\/sitio\/wp-content\/uploads\/2022\/11\/Imagen-de-WhatsApp-2022-11-22-a-las-17.43.15-272x204.jpg 272w\" data-sizes=\"(max-width: 840px) 100vw, 840px\" src=\"data:image\/svg+xml;base64,PHN2ZyB3aWR0aD0iMSIgaGVpZ2h0PSIxIiB4bWxucz0iaHR0cDovL3d3dy53My5vcmcvMjAwMC9zdmciPjwvc3ZnPg==\" style=\"--smush-placeholder-width: 840px; --smush-placeholder-aspect-ratio: 840\/630;\" \/><\/figure>\n","protected":false},"excerpt":{"rendered":"<p>La nueva directora de Comisiones de Fomento Jimena Mari\u00f1o comenz\u00f3 a visitar a las comisiones de fomento de los diferentes barrios y localidades de San Pedro, continuando con la modalidad con la que viene trabajando el \u00e1rea dentro del gobierno municipal. El objetivo es acercarse a los referentes de cada comisi\u00f3n y junto a funcionarios [&hellip;]<\/p>\n","protected":false},"author":4,"featured_media":112763,"comment_status":"closed","ping_status":"closed","sticky":false,"template":"","format":"standard","meta":{"om_disable_all_campaigns":false,"_jetpack_memberships_contains_paid_content":false,"footnotes":""},"categories":[101,2],"tags":[197,696,33,19],"class_list":["post-112762","post","type-post","status-publish","format-standard","has-post-thumbnail","hentry","category-interes-general-locales","category-locales","tag-buenos-aires","tag-interes-general","tag-locales","tag-san-pedro"],"aioseo_notices":[],"gutentor_comment":0,"jetpack_featured_media_url":"https:\/\/eldiariodesanpedro.com.ar\/sitio\/wp-content\/uploads\/2022\/11\/Imagen-de-WhatsApp-2022-11-22-a-las-17.43.12.jpg","jetpack_shortlink":"https:\/\/wp.me\/p6RhLt-tkK","jetpack_sharing_enabled":true,"_links":{"self":[{"href":"https:\/\/eldiariodesanpedro.com.ar\/sitio\/wp-json\/wp\/v2\/posts\/112762","targetHints":{"allow":["GET"]}}],"collection":[{"href":"https:\/\/eldiariodesanpedro.com.ar\/sitio\/wp-json\/wp\/v2\/posts"}],"about":[{"href":"https:\/\/eldiariodesanpedro.com.ar\/sitio\/wp-json\/wp\/v2\/types\/post"}],"author":[{"embeddable":true,"href":"https:\/\/eldiariodesanpedro.com.ar\/sitio\/wp-json\/wp\/v2\/users\/4"}],"replies":[{"embeddable":true,"href":"https:\/\/eldiariodesanpedro.com.ar\/sitio\/wp-json\/wp\/v2\/comments?post=112762"}],"version-history":[{"count":1,"href":"https:\/\/eldiariodesanpedro.com.ar\/sitio\/wp-json\/wp\/v2\/posts\/112762\/revisions"}],"predecessor-version":[{"id":112765,"href":"https:\/\/eldiariodesanpedro.com.ar\/sitio\/wp-json\/wp\/v2\/posts\/112762\/revisions\/112765"}],"wp:featuredmedia":[{"embeddable":true,"href":"https:\/\/eldiariodesanpedro.com.ar\/sitio\/wp-json\/wp\/v2\/media\/112763"}],"wp:attachment":[{"href":"https:\/\/eldiariodesanpedro.com.ar\/sitio\/wp-json\/wp\/v2\/media?parent=112762"}],"wp:term":[{"taxonomy":"category","embeddable":true,"href":"https:\/\/eldiariodesanpedro.com.ar\/sitio\/wp-json\/wp\/v2\/categories?post=112762"},{"taxonomy":"post_tag","embeddable":true,"href":"https:\/\/eldiariodesanpedro.com.ar\/sitio\/wp-json\/wp\/v2\/tags?post=112762"}],"curies":[{"name":"wp","href":"https:\/\/api.w.org\/{rel}","templated":true}]}}