{"id":112757,"date":"2022-11-23T10:46:05","date_gmt":"2022-11-23T13:46:05","guid":{"rendered":"https:\/\/eldiariodesanpedro.com.ar\/sitio\/?p=112757"},"modified":"2022-11-23T10:46:07","modified_gmt":"2022-11-23T13:46:07","slug":"todo-es-posible-hasta-lo-imposible-charla-con-silvio-velo-en-el-centro-de-comercios%ef%bf%bc","status":"publish","type":"post","link":"https:\/\/eldiariodesanpedro.com.ar\/sitio\/todo-es-posible-hasta-lo-imposible-charla-con-silvio-velo-en-el-centro-de-comercios%ef%bf%bc\/","title":{"rendered":"Todo es posible, hasta lo imposible, charla con Silvio Velo en el Centro de Comercios\ufffc"},"content":{"rendered":"<!-- VideographyWP Plugin Message: Automatic video embedding prevented by plugin options. -->\n\n<p>El reconocido deportista sampedrino, consagrado como el mejor jugador de f\u00fatbol para no videntes Silvio Velo fue invitado por el Centro de Comercio Industria y Turismo a compartir una&nbsp;<strong>charla abierta e interactiva<\/strong>&nbsp;sobre&nbsp;<em>\u00abliderazgo y motivaci\u00f3n en empresas y organizaciones\u00bb.<\/em><\/p>\n\n\n\n<p>El pr\u00f3ximo viernes 25 de noviembre a las 20 horas, el gran capit\u00e1n de la selecci\u00f3n \u00abLos Murci\u00e9lagos\u00bb repasar\u00e1 aspectos de su vida, desde sus or\u00edgenes en San Pedro, nacido en una familia de 13 hermanos hasta haber conformado una hermosa familia con 7 hijos y dos nietos y haber dejado una huella hist\u00f3rica en el deporte adaptado del pa\u00eds y del mundo.<\/p>\n\n\n\n<p>Sus experiencias y desaf\u00edos personales, partiendo de disyuntivas tan contundentes como \u00abrenegar o potenciar lo que tengo\u00bb le dan forma a una charla que seguramente resultar\u00e1 muy valiosa para quienes se sumen a participar. y aprovechen la oportunidad de formular preguntas y dialogar con el invitado.<\/p>\n\n\n\n<figure class=\"wp-block-image size-full\"><img decoding=\"async\" width=\"630\" height=\"630\" data-attachment-id=\"112760\" data-permalink=\"https:\/\/eldiariodesanpedro.com.ar\/sitio\/todo-es-posible-hasta-lo-imposible-charla-con-silvio-velo-en-el-centro-de-comercios%ef%bf%bc\/silvio-velo-9\/\" data-orig-file=\"https:\/\/eldiariodesanpedro.com.ar\/sitio\/wp-content\/uploads\/2022\/11\/SILVIO-VELO.jpeg\" data-orig-size=\"630,630\" data-comments-opened=\"0\" data-image-meta=\"{&quot;aperture&quot;:&quot;0&quot;,&quot;credit&quot;:&quot;&quot;,&quot;camera&quot;:&quot;&quot;,&quot;caption&quot;:&quot;&quot;,&quot;created_timestamp&quot;:&quot;0&quot;,&quot;copyright&quot;:&quot;&quot;,&quot;focal_length&quot;:&quot;0&quot;,&quot;iso&quot;:&quot;0&quot;,&quot;shutter_speed&quot;:&quot;0&quot;,&quot;title&quot;:&quot;&quot;,&quot;orientation&quot;:&quot;0&quot;}\" data-image-title=\"SILVIO-VELO\" data-image-description=\"\" data-image-caption=\"\" data-large-file=\"https:\/\/eldiariodesanpedro.com.ar\/sitio\/wp-content\/uploads\/2022\/11\/SILVIO-VELO.jpeg\" data-src=\"https:\/\/eldiariodesanpedro.com.ar\/sitio\/wp-content\/uploads\/2022\/11\/SILVIO-VELO.jpeg\" alt=\"\" class=\"wp-image-112760 lazyload\" data-srcset=\"https:\/\/eldiariodesanpedro.com.ar\/sitio\/wp-content\/uploads\/2022\/11\/SILVIO-VELO.jpeg 630w, https:\/\/eldiariodesanpedro.com.ar\/sitio\/wp-content\/uploads\/2022\/11\/SILVIO-VELO-300x300.jpeg 300w, https:\/\/eldiariodesanpedro.com.ar\/sitio\/wp-content\/uploads\/2022\/11\/SILVIO-VELO-150x150.jpeg 150w\" data-sizes=\"(max-width: 630px) 100vw, 630px\" src=\"data:image\/svg+xml;base64,PHN2ZyB3aWR0aD0iMSIgaGVpZ2h0PSIxIiB4bWxucz0iaHR0cDovL3d3dy53My5vcmcvMjAwMC9zdmciPjwvc3ZnPg==\" style=\"--smush-placeholder-width: 630px; --smush-placeholder-aspect-ratio: 630\/630;\" \/><\/figure>\n","protected":false},"excerpt":{"rendered":"<p>El reconocido deportista sampedrino, consagrado como el mejor jugador de f\u00fatbol para no videntes Silvio Velo fue invitado por el Centro de Comercio Industria y Turismo a compartir una&nbsp;charla abierta e interactiva&nbsp;sobre&nbsp;\u00abliderazgo y motivaci\u00f3n en empresas y organizaciones\u00bb. El pr\u00f3ximo viernes 25 de noviembre a las 20 horas, el gran capit\u00e1n de la selecci\u00f3n \u00abLos [&hellip;]<\/p>\n","protected":false},"author":4,"featured_media":112759,"comment_status":"closed","ping_status":"closed","sticky":false,"template":"","format":"standard","meta":{"om_disable_all_campaigns":false,"_jetpack_memberships_contains_paid_content":false,"footnotes":""},"categories":[101,2],"tags":[197,3245,3244,696,33,19,3243],"class_list":["post-112757","post","type-post","status-publish","format-standard","has-post-thumbnail","hentry","category-interes-general-locales","category-locales","tag-buenos-aires","tag-charla-con-silvio-velo-en-el-centro-de-comercios","tag-hasta-lo-imposible","tag-interes-general","tag-locales","tag-san-pedro","tag-todo-es-posible"],"aioseo_notices":[],"gutentor_comment":0,"jetpack_featured_media_url":"https:\/\/eldiariodesanpedro.com.ar\/sitio\/wp-content\/uploads\/2022\/11\/RIO2016_FUTBOL-PARA-CIEGOS_Murcielagos-vs-Mexico_08-1024x683-1.jpg","jetpack_shortlink":"https:\/\/wp.me\/p6RhLt-tkF","jetpack_sharing_enabled":true,"_links":{"self":[{"href":"https:\/\/eldiariodesanpedro.com.ar\/sitio\/wp-json\/wp\/v2\/posts\/112757","targetHints":{"allow":["GET"]}}],"collection":[{"href":"https:\/\/eldiariodesanpedro.com.ar\/sitio\/wp-json\/wp\/v2\/posts"}],"about":[{"href":"https:\/\/eldiariodesanpedro.com.ar\/sitio\/wp-json\/wp\/v2\/types\/post"}],"author":[{"embeddable":true,"href":"https:\/\/eldiariodesanpedro.com.ar\/sitio\/wp-json\/wp\/v2\/users\/4"}],"replies":[{"embeddable":true,"href":"https:\/\/eldiariodesanpedro.com.ar\/sitio\/wp-json\/wp\/v2\/comments?post=112757"}],"version-history":[{"count":1,"href":"https:\/\/eldiariodesanpedro.com.ar\/sitio\/wp-json\/wp\/v2\/posts\/112757\/revisions"}],"predecessor-version":[{"id":112761,"href":"https:\/\/eldiariodesanpedro.com.ar\/sitio\/wp-json\/wp\/v2\/posts\/112757\/revisions\/112761"}],"wp:featuredmedia":[{"embeddable":true,"href":"https:\/\/eldiariodesanpedro.com.ar\/sitio\/wp-json\/wp\/v2\/media\/112759"}],"wp:attachment":[{"href":"https:\/\/eldiariodesanpedro.com.ar\/sitio\/wp-json\/wp\/v2\/media?parent=112757"}],"wp:term":[{"taxonomy":"category","embeddable":true,"href":"https:\/\/eldiariodesanpedro.com.ar\/sitio\/wp-json\/wp\/v2\/categories?post=112757"},{"taxonomy":"post_tag","embeddable":true,"href":"https:\/\/eldiariodesanpedro.com.ar\/sitio\/wp-json\/wp\/v2\/tags?post=112757"}],"curies":[{"name":"wp","href":"https:\/\/api.w.org\/{rel}","templated":true}]}}