{"id":112754,"date":"2022-11-23T10:39:14","date_gmt":"2022-11-23T13:39:14","guid":{"rendered":"https:\/\/eldiariodesanpedro.com.ar\/sitio\/?p=112754"},"modified":"2022-11-23T10:39:16","modified_gmt":"2022-11-23T13:39:16","slug":"balance-del-fin-de-semana-largo-en-san-pedro","status":"publish","type":"post","link":"https:\/\/eldiariodesanpedro.com.ar\/sitio\/balance-del-fin-de-semana-largo-en-san-pedro\/","title":{"rendered":"Balance del fin de semana largo en San Pedro"},"content":{"rendered":"<!-- VideographyWP Plugin Message: Automatic video embedding prevented by plugin options. -->\n\n<p>La Secretar\u00eda de Turismo y Cultura informa que en el cierre del fin de semana largo por el D\u00eda de la Soberan\u00eda, San Pedro se ubic\u00f3 dentro de las ciudades con m\u00e1s afluencia tur\u00edstica en un per\u00edodo que en general tuvo un movimiento importante pero inferior al de otros feriados \u00abpuente\u00bb.<\/p>\n\n\n\n<p>Las condiciones clim\u00e1ticas de nuestra regi\u00f3n disminuyeron tambi\u00e9n el movimiento especialmente el s\u00e1bado, en el que se registr\u00f3 un 70% de ocupaci\u00f3n relevada.<\/p>\n\n\n\n<p>El domingo se increment\u00f3 a un 85% promedio, con visitantes que eligieron la ciudad para permanecer hasta el lunes. Dentro de la oferta para turistas y sampedrinos estuvieron el Festival de la Soberan\u00eda y Encuentro Norte\u00f1o en el Paseo P\u00fablico, un encuentro musical de Musica Esperanza en Vuelta de Obligado y otras actividades.<\/p>\n\n\n\n<p>Se registraron consultas y reservas para el verano y las perspectivas de San Pedro para los pr\u00f3ximos meses son muy importantes, considerando adem\u00e1s la oferta de pr\u00f3ximos eventos y el atractivo natural del verano.<\/p>\n\n\n\n<p>En Vuelta de Obligado, con el museo de sitio abierto todo el fin de semana, se registr\u00f3 un excelente movimiento, visitando los monumentos hist\u00f3ricos que recuerdan la gesta de Obligado.<\/p>\n\n\n\n<p>Esta semana se anunciar\u00e1 el pr\u00f3ximo jueves la agenda para los fines de semana&nbsp;venideros.<\/p>\n","protected":false},"excerpt":{"rendered":"<p>La Secretar\u00eda de Turismo y Cultura informa que en el cierre del fin de semana largo por el D\u00eda de la Soberan\u00eda, San Pedro se ubic\u00f3 dentro de las ciudades con m\u00e1s afluencia tur\u00edstica en un per\u00edodo que en general tuvo un movimiento importante pero inferior al de otros feriados \u00abpuente\u00bb. Las condiciones clim\u00e1ticas de [&hellip;]<\/p>\n","protected":false},"author":4,"featured_media":112755,"comment_status":"closed","ping_status":"closed","sticky":false,"template":"","format":"standard","meta":{"om_disable_all_campaigns":false,"_jetpack_memberships_contains_paid_content":false,"footnotes":""},"categories":[50,101,2],"tags":[197,696,33,19],"class_list":["post-112754","post","type-post","status-publish","format-standard","has-post-thumbnail","hentry","category-destacadas","category-interes-general-locales","category-locales","tag-buenos-aires","tag-interes-general","tag-locales","tag-san-pedro"],"aioseo_notices":[],"gutentor_comment":0,"jetpack_featured_media_url":"https:\/\/eldiariodesanpedro.com.ar\/sitio\/wp-content\/uploads\/2022\/11\/Imagen-de-WhatsApp-2022-11-20-a-las-11.29.13.jpg","jetpack_shortlink":"https:\/\/wp.me\/p6RhLt-tkC","jetpack_sharing_enabled":true,"_links":{"self":[{"href":"https:\/\/eldiariodesanpedro.com.ar\/sitio\/wp-json\/wp\/v2\/posts\/112754","targetHints":{"allow":["GET"]}}],"collection":[{"href":"https:\/\/eldiariodesanpedro.com.ar\/sitio\/wp-json\/wp\/v2\/posts"}],"about":[{"href":"https:\/\/eldiariodesanpedro.com.ar\/sitio\/wp-json\/wp\/v2\/types\/post"}],"author":[{"embeddable":true,"href":"https:\/\/eldiariodesanpedro.com.ar\/sitio\/wp-json\/wp\/v2\/users\/4"}],"replies":[{"embeddable":true,"href":"https:\/\/eldiariodesanpedro.com.ar\/sitio\/wp-json\/wp\/v2\/comments?post=112754"}],"version-history":[{"count":1,"href":"https:\/\/eldiariodesanpedro.com.ar\/sitio\/wp-json\/wp\/v2\/posts\/112754\/revisions"}],"predecessor-version":[{"id":112756,"href":"https:\/\/eldiariodesanpedro.com.ar\/sitio\/wp-json\/wp\/v2\/posts\/112754\/revisions\/112756"}],"wp:featuredmedia":[{"embeddable":true,"href":"https:\/\/eldiariodesanpedro.com.ar\/sitio\/wp-json\/wp\/v2\/media\/112755"}],"wp:attachment":[{"href":"https:\/\/eldiariodesanpedro.com.ar\/sitio\/wp-json\/wp\/v2\/media?parent=112754"}],"wp:term":[{"taxonomy":"category","embeddable":true,"href":"https:\/\/eldiariodesanpedro.com.ar\/sitio\/wp-json\/wp\/v2\/categories?post=112754"},{"taxonomy":"post_tag","embeddable":true,"href":"https:\/\/eldiariodesanpedro.com.ar\/sitio\/wp-json\/wp\/v2\/tags?post=112754"}],"curies":[{"name":"wp","href":"https:\/\/api.w.org\/{rel}","templated":true}]}}