{"id":112748,"date":"2022-11-23T10:27:11","date_gmt":"2022-11-23T13:27:11","guid":{"rendered":"https:\/\/eldiariodesanpedro.com.ar\/sitio\/?p=112748"},"modified":"2022-11-23T10:34:50","modified_gmt":"2022-11-23T13:34:50","slug":"el-ministro-katopodis-recibio-al-intendente-para-analizar-obras-proyectadas-para-san-pedro","status":"publish","type":"post","link":"https:\/\/eldiariodesanpedro.com.ar\/sitio\/el-ministro-katopodis-recibio-al-intendente-para-analizar-obras-proyectadas-para-san-pedro\/","title":{"rendered":"El Ministro Katopodis recibi\u00f3 al Intendente para analizar obras proyectadas para San Pedro"},"content":{"rendered":"<!-- VideographyWP Plugin Message: Automatic video embedding prevented by plugin options. -->\n\n<p>El Intendente Ram\u00f3n Salazar y el Secretario de Obras P\u00fablicas Javier Silva fueron recibidos el pasado viernes en la Ciudad de Buenos Aires por el ministro de Obras P\u00fablicas de la Naci\u00f3n, Gabriel Katopodis, en una reuni\u00f3n que fue solicitada por el jefe comunal para analizar proyectos para San Pedro.<\/p>\n\n\n\n<p>Con la excelente predisposici\u00f3n que siempre ha caracterizado al v\u00ednculo que se mantiene con el ministro, que tiene un conocimiento pleno del funcionamiento de los municipios por su experiencia como intendente de uno de los distritos provinciales m\u00e1s importantes, se analizaron proyectos para concretar obras de pavimentaci\u00f3n en diferentes puntos del Partido y finalizar otras que se encuentran&nbsp;en&nbsp;ejecuci\u00f3n.<\/p>\n\n\n\n<figure class=\"wp-block-image size-large\"><img decoding=\"async\" width=\"1024\" height=\"497\" data-attachment-id=\"112749\" data-permalink=\"https:\/\/eldiariodesanpedro.com.ar\/sitio\/el-ministro-katopodis-recibio-al-intendente-para-analizar-obras-proyectadas-para-san-pedro\/imagen-de-whatsapp-2022-11-18-a-las-21-06-48\/\" data-orig-file=\"https:\/\/eldiariodesanpedro.com.ar\/sitio\/wp-content\/uploads\/2022\/11\/Imagen-de-WhatsApp-2022-11-18-a-las-21.06.48.jpg\" data-orig-size=\"1200,583\" data-comments-opened=\"0\" data-image-meta=\"{&quot;aperture&quot;:&quot;0&quot;,&quot;credit&quot;:&quot;&quot;,&quot;camera&quot;:&quot;&quot;,&quot;caption&quot;:&quot;&quot;,&quot;created_timestamp&quot;:&quot;0&quot;,&quot;copyright&quot;:&quot;&quot;,&quot;focal_length&quot;:&quot;0&quot;,&quot;iso&quot;:&quot;0&quot;,&quot;shutter_speed&quot;:&quot;0&quot;,&quot;title&quot;:&quot;&quot;,&quot;orientation&quot;:&quot;0&quot;}\" data-image-title=\"Imagen de WhatsApp 2022-11-18 a las 21.06.48\" data-image-description=\"\" data-image-caption=\"\" data-large-file=\"https:\/\/eldiariodesanpedro.com.ar\/sitio\/wp-content\/uploads\/2022\/11\/Imagen-de-WhatsApp-2022-11-18-a-las-21.06.48-1024x497.jpg\" data-src=\"https:\/\/eldiariodesanpedro.com.ar\/sitio\/wp-content\/uploads\/2022\/11\/Imagen-de-WhatsApp-2022-11-18-a-las-21.06.48-1024x497.jpg\" alt=\"\" class=\"wp-image-112749 lazyload\" data-srcset=\"https:\/\/eldiariodesanpedro.com.ar\/sitio\/wp-content\/uploads\/2022\/11\/Imagen-de-WhatsApp-2022-11-18-a-las-21.06.48-1024x497.jpg 1024w, https:\/\/eldiariodesanpedro.com.ar\/sitio\/wp-content\/uploads\/2022\/11\/Imagen-de-WhatsApp-2022-11-18-a-las-21.06.48-300x146.jpg 300w, https:\/\/eldiariodesanpedro.com.ar\/sitio\/wp-content\/uploads\/2022\/11\/Imagen-de-WhatsApp-2022-11-18-a-las-21.06.48-768x373.jpg 768w, https:\/\/eldiariodesanpedro.com.ar\/sitio\/wp-content\/uploads\/2022\/11\/Imagen-de-WhatsApp-2022-11-18-a-las-21.06.48.jpg 1200w\" data-sizes=\"(max-width: 1024px) 100vw, 1024px\" src=\"data:image\/svg+xml;base64,PHN2ZyB3aWR0aD0iMSIgaGVpZ2h0PSIxIiB4bWxucz0iaHR0cDovL3d3dy53My5vcmcvMjAwMC9zdmciPjwvc3ZnPg==\" style=\"--smush-placeholder-width: 1024px; --smush-placeholder-aspect-ratio: 1024\/497;\" \/><\/figure>\n","protected":false},"excerpt":{"rendered":"<p>El Intendente Ram\u00f3n Salazar y el Secretario de Obras P\u00fablicas Javier Silva fueron recibidos el pasado viernes en la Ciudad de Buenos Aires por el ministro de Obras P\u00fablicas de la Naci\u00f3n, Gabriel Katopodis, en una reuni\u00f3n que fue solicitada por el jefe comunal para analizar proyectos para San Pedro. Con la excelente predisposici\u00f3n que [&hellip;]<\/p>\n","protected":false},"author":4,"featured_media":112751,"comment_status":"closed","ping_status":"closed","sticky":false,"template":"","format":"standard","meta":{"om_disable_all_campaigns":false,"_jetpack_memberships_contains_paid_content":false,"footnotes":""},"categories":[101,2],"tags":[197,696,33,19],"class_list":["post-112748","post","type-post","status-publish","format-standard","has-post-thumbnail","hentry","category-interes-general-locales","category-locales","tag-buenos-aires","tag-interes-general","tag-locales","tag-san-pedro"],"aioseo_notices":[],"gutentor_comment":0,"jetpack_featured_media_url":"https:\/\/eldiariodesanpedro.com.ar\/sitio\/wp-content\/uploads\/2022\/11\/Imagen-de-WhatsApp-2022-11-18-a-las-21.06.52.jpg","jetpack_shortlink":"https:\/\/wp.me\/p6RhLt-tkw","jetpack_sharing_enabled":true,"_links":{"self":[{"href":"https:\/\/eldiariodesanpedro.com.ar\/sitio\/wp-json\/wp\/v2\/posts\/112748","targetHints":{"allow":["GET"]}}],"collection":[{"href":"https:\/\/eldiariodesanpedro.com.ar\/sitio\/wp-json\/wp\/v2\/posts"}],"about":[{"href":"https:\/\/eldiariodesanpedro.com.ar\/sitio\/wp-json\/wp\/v2\/types\/post"}],"author":[{"embeddable":true,"href":"https:\/\/eldiariodesanpedro.com.ar\/sitio\/wp-json\/wp\/v2\/users\/4"}],"replies":[{"embeddable":true,"href":"https:\/\/eldiariodesanpedro.com.ar\/sitio\/wp-json\/wp\/v2\/comments?post=112748"}],"version-history":[{"count":2,"href":"https:\/\/eldiariodesanpedro.com.ar\/sitio\/wp-json\/wp\/v2\/posts\/112748\/revisions"}],"predecessor-version":[{"id":112753,"href":"https:\/\/eldiariodesanpedro.com.ar\/sitio\/wp-json\/wp\/v2\/posts\/112748\/revisions\/112753"}],"wp:featuredmedia":[{"embeddable":true,"href":"https:\/\/eldiariodesanpedro.com.ar\/sitio\/wp-json\/wp\/v2\/media\/112751"}],"wp:attachment":[{"href":"https:\/\/eldiariodesanpedro.com.ar\/sitio\/wp-json\/wp\/v2\/media?parent=112748"}],"wp:term":[{"taxonomy":"category","embeddable":true,"href":"https:\/\/eldiariodesanpedro.com.ar\/sitio\/wp-json\/wp\/v2\/categories?post=112748"},{"taxonomy":"post_tag","embeddable":true,"href":"https:\/\/eldiariodesanpedro.com.ar\/sitio\/wp-json\/wp\/v2\/tags?post=112748"}],"curies":[{"name":"wp","href":"https:\/\/api.w.org\/{rel}","templated":true}]}}