{"id":112735,"date":"2022-11-22T15:36:33","date_gmt":"2022-11-22T18:36:33","guid":{"rendered":"https:\/\/eldiariodesanpedro.com.ar\/sitio\/?p=112735"},"modified":"2022-11-22T15:36:36","modified_gmt":"2022-11-22T18:36:36","slug":"difunden-documentos-ineditos-de-la-capilla-san-patricio","status":"publish","type":"post","link":"https:\/\/eldiariodesanpedro.com.ar\/sitio\/difunden-documentos-ineditos-de-la-capilla-san-patricio\/","title":{"rendered":"Difunden documentos in\u00e9ditos de la capilla san patricio"},"content":{"rendered":"<!-- VideographyWP Plugin Message: Automatic video embedding prevented by plugin options. -->\n\n<p><strong>Es la digitalizaci\u00f3n del \u00fanico Libro de Bautismos conocido de la iglesia irlandesa que funcion\u00f3 en la localidad de Santa Luc\u00eda<\/strong><\/p>\n\n\n\n<p>La Capilla San Patricio fue el templo que cobij\u00f3 las plegarias y actos de fe de los colonos, mayormente de origen irland\u00e9s, que trabajaron la tierra en la zona de la localidad de Santa Luc\u00eda, partido de San Pedro, hasta los primeros a\u00f1os de la d\u00e9cada del \u00b470, en que fue demolida en circunstancias no del todo claras.<\/p>\n\n\n\n<p>De aquel templo y el movimiento social que generaba a su alrededor, s\u00f3lo quedaron unos pocos objetos que hoy se resguardan en la iglesia de Santa Luc\u00eda.<\/p>\n\n\n\n<p>Pero tambi\u00e9n sobrevivi\u00f3 un libro de bautismos. Un registro de bautizados durante el a\u00f1o <strong>1882<\/strong> donde quedaron plasmados nombres y apellidos, nacionalidades y dem\u00e1s datos hist\u00f3ricos de padres, madres y bautizados en aquella capilla.<\/p>\n\n\n\n<p>Personas de origen irland\u00e9s, belga, franc\u00e9s, alem\u00e1n, espa\u00f1ol, italiano, entre otros, figuran en esos folios.<\/p>\n\n\n\n<p><img decoding=\"async\" width=\"351\" height=\"451\" src=\"\" alt=\"DSC08479.jpg\">Ese libro permaneci\u00f3 en la actual iglesia de la localidad y hace varios a\u00f1os, sus hojas fueron escaneadas por <strong>Mabel Ferreto<\/strong> y su hijo, <strong>Diego Rodr\u00edguez<\/strong>; ambos, impulsores del <strong>Museo del Centenario<\/strong> de Santa Luc\u00eda.<\/p>\n\n\n\n<p>Esa digitalizaci\u00f3n, lleg\u00f3 a manos del equipo del <strong>Museo Paleontol\u00f3gico de San Pedro<\/strong> y, a partir de all\u00ed, se inici\u00f3 un trabajo conjunto entre los dos museos y el <strong>Padre Gustavo<\/strong>, actual sacerdote a cargo de la iglesia de la localidad.<\/p>\n\n\n\n<p>Esta interacci\u00f3n ha permitido que hoy se pueda brindar al p\u00fablico interesado esta informaci\u00f3n in\u00e9dita de alta connotaci\u00f3n hist\u00f3rica para los numerosos descendientes de aquellos colonos que forjaron el pasado de la localidad y su zona de influencia.<\/p>\n\n\n\n<p>Para quienes deseen consultar estos documentos que se suman al acervo hist\u00f3rico del partido de San Pedro, pueden contactarse con:<\/p>\n\n\n\n<p><strong>Museo del Centenario<\/strong> (diegorodrigz@yahoo.com.ar))<\/p>\n\n\n\n<p><strong>Museo Paleontol\u00f3gico de San Pedro<\/strong> (gcfosiles@gmail.com)<\/p>\n\n\n\n<p><strong>Iglesia de Santa Luc\u00eda<\/strong> (facebook Parroquia Santa Luc\u00eda)<\/p>\n\n\n\n<p>Desde los dos museos se agradece la buena predisposici\u00f3n del Padre Gustavo, quien facilit\u00f3 la publicaci\u00f3n de esta valiosa informaci\u00f3n.<\/p>\n\n\n\n<figure class=\"wp-block-image size-full\"><img decoding=\"async\" width=\"473\" height=\"630\" data-attachment-id=\"112736\" data-permalink=\"https:\/\/eldiariodesanpedro.com.ar\/sitio\/difunden-documentos-ineditos-de-la-capilla-san-patricio\/dsc08511\/\" data-orig-file=\"https:\/\/eldiariodesanpedro.com.ar\/sitio\/wp-content\/uploads\/2022\/11\/DSC08511.jpg\" data-orig-size=\"473,630\" data-comments-opened=\"0\" data-image-meta=\"{&quot;aperture&quot;:&quot;2.7&quot;,&quot;credit&quot;:&quot;&quot;,&quot;camera&quot;:&quot;DSC-W320&quot;,&quot;caption&quot;:&quot;&quot;,&quot;created_timestamp&quot;:&quot;1436114665&quot;,&quot;copyright&quot;:&quot;&quot;,&quot;focal_length&quot;:&quot;4.7&quot;,&quot;iso&quot;:&quot;80&quot;,&quot;shutter_speed&quot;:&quot;0.008&quot;,&quot;title&quot;:&quot;&quot;,&quot;orientation&quot;:&quot;1&quot;}\" data-image-title=\"DSC08511\" data-image-description=\"\" data-image-caption=\"\" data-large-file=\"https:\/\/eldiariodesanpedro.com.ar\/sitio\/wp-content\/uploads\/2022\/11\/DSC08511.jpg\" data-src=\"https:\/\/eldiariodesanpedro.com.ar\/sitio\/wp-content\/uploads\/2022\/11\/DSC08511.jpg\" alt=\"\" class=\"wp-image-112736 lazyload\" data-srcset=\"https:\/\/eldiariodesanpedro.com.ar\/sitio\/wp-content\/uploads\/2022\/11\/DSC08511.jpg 473w, https:\/\/eldiariodesanpedro.com.ar\/sitio\/wp-content\/uploads\/2022\/11\/DSC08511-225x300.jpg 225w\" data-sizes=\"(max-width: 473px) 100vw, 473px\" src=\"data:image\/svg+xml;base64,PHN2ZyB3aWR0aD0iMSIgaGVpZ2h0PSIxIiB4bWxucz0iaHR0cDovL3d3dy53My5vcmcvMjAwMC9zdmciPjwvc3ZnPg==\" style=\"--smush-placeholder-width: 473px; --smush-placeholder-aspect-ratio: 473\/630;\" \/><\/figure>\n","protected":false},"excerpt":{"rendered":"<p>Es la digitalizaci\u00f3n del \u00fanico Libro de Bautismos conocido de la iglesia irlandesa que funcion\u00f3 en la localidad de Santa Luc\u00eda La Capilla San Patricio fue el templo que cobij\u00f3 las plegarias y actos de fe de los colonos, mayormente de origen irland\u00e9s, que trabajaron la tierra en la zona de la localidad de Santa [&hellip;]<\/p>\n","protected":false},"author":4,"featured_media":112737,"comment_status":"closed","ping_status":"closed","sticky":false,"template":"","format":"standard","meta":{"om_disable_all_campaigns":false,"_jetpack_memberships_contains_paid_content":false,"footnotes":""},"categories":[50,101,2],"tags":[197,696,33,19],"class_list":["post-112735","post","type-post","status-publish","format-standard","has-post-thumbnail","hentry","category-destacadas","category-interes-general-locales","category-locales","tag-buenos-aires","tag-interes-general","tag-locales","tag-san-pedro"],"aioseo_notices":[],"gutentor_comment":0,"jetpack_featured_media_url":"https:\/\/eldiariodesanpedro.com.ar\/sitio\/wp-content\/uploads\/2022\/11\/medida-12.png","jetpack_shortlink":"https:\/\/wp.me\/p6RhLt-tkj","jetpack_sharing_enabled":true,"_links":{"self":[{"href":"https:\/\/eldiariodesanpedro.com.ar\/sitio\/wp-json\/wp\/v2\/posts\/112735","targetHints":{"allow":["GET"]}}],"collection":[{"href":"https:\/\/eldiariodesanpedro.com.ar\/sitio\/wp-json\/wp\/v2\/posts"}],"about":[{"href":"https:\/\/eldiariodesanpedro.com.ar\/sitio\/wp-json\/wp\/v2\/types\/post"}],"author":[{"embeddable":true,"href":"https:\/\/eldiariodesanpedro.com.ar\/sitio\/wp-json\/wp\/v2\/users\/4"}],"replies":[{"embeddable":true,"href":"https:\/\/eldiariodesanpedro.com.ar\/sitio\/wp-json\/wp\/v2\/comments?post=112735"}],"version-history":[{"count":1,"href":"https:\/\/eldiariodesanpedro.com.ar\/sitio\/wp-json\/wp\/v2\/posts\/112735\/revisions"}],"predecessor-version":[{"id":112738,"href":"https:\/\/eldiariodesanpedro.com.ar\/sitio\/wp-json\/wp\/v2\/posts\/112735\/revisions\/112738"}],"wp:featuredmedia":[{"embeddable":true,"href":"https:\/\/eldiariodesanpedro.com.ar\/sitio\/wp-json\/wp\/v2\/media\/112737"}],"wp:attachment":[{"href":"https:\/\/eldiariodesanpedro.com.ar\/sitio\/wp-json\/wp\/v2\/media?parent=112735"}],"wp:term":[{"taxonomy":"category","embeddable":true,"href":"https:\/\/eldiariodesanpedro.com.ar\/sitio\/wp-json\/wp\/v2\/categories?post=112735"},{"taxonomy":"post_tag","embeddable":true,"href":"https:\/\/eldiariodesanpedro.com.ar\/sitio\/wp-json\/wp\/v2\/tags?post=112735"}],"curies":[{"name":"wp","href":"https:\/\/api.w.org\/{rel}","templated":true}]}}