{"id":112709,"date":"2022-11-18T13:46:07","date_gmt":"2022-11-18T16:46:07","guid":{"rendered":"https:\/\/eldiariodesanpedro.com.ar\/sitio\/?p=112709"},"modified":"2022-11-18T13:46:08","modified_gmt":"2022-11-18T16:46:08","slug":"reconocimiento-a-los-participantes-de-los-juegos-nacionales-evita","status":"publish","type":"post","link":"https:\/\/eldiariodesanpedro.com.ar\/sitio\/reconocimiento-a-los-participantes-de-los-juegos-nacionales-evita\/","title":{"rendered":"Reconocimiento a los participantes de los Juegos Nacionales Evita"},"content":{"rendered":"<!-- VideographyWP Plugin Message: Automatic video embedding prevented by plugin options. -->\n\n<p>Este jueves en el Sal\u00f3n Dorado del Honorable Concejo Deliberante fueron reconocidos los deportistas que participaron de los Juegos Nacionales Evita, el encuentro deportivo y cultural m\u00e1s grande del pa\u00eds, que cuenta con un proceso clasificatorio en cada provincia en el que participan alrededor de 1 mill\u00f3n de ni\u00f1os, ni\u00f1as, j\u00f3venes y personas mayores de cada rinc\u00f3n del pa\u00eds y una fase final, dividida en cinco grandes eventos, a la que acceden 25 mil competidores.<\/p>\n\n\n\n<p>La delegaci\u00f3n sampedrina concluy\u00f3 una gran participaci\u00f3n, aportando en futsal una medalla de bronce en el medallero general que lider\u00f3 la Provincia de Buenos Aires; el rugby femenino en su modalidad Seven, alcanz\u00f3 el s\u00e9ptimo lugar, con la particularidad de que entrenadores de la Uni\u00f3n Argentina de Rugby (UAR) presentes en los juegos observaron a jugadoras de este equipo y en esgrima nuestra sampedrina, fue la m\u00e1s joven dentro de la disciplina.<\/p>\n\n\n\n<p>Durante el encuentro, el Secretario de Gobierno, Mart\u00edn Baraybar y el Director de Deportes, Mariano Arnal, entregaron medallas y diplomas a los deportistas que nos representaron a nivel nacional en los Juegos Evita.<\/p>\n\n\n\n<p>Deportistas reconocidos:<\/p>\n\n\n\n<p>Esgrima: Sara Olivieri y su Entrenador: Ciro<\/p>\n\n\n\n<p>Rugby Seven: Barre Amalia, Carro Adelina, Fenouil Pilar, Lagarreta Agostina, Rossi Clarita, Urunde Giordana. Entrenador: Denmon Carlos<\/p>\n\n\n\n<p>Futsal: Pascual Sim\u00f3n, S\u00e1nchez R\u00edos Joaqu\u00edn, Panizza Facundo, G\u00f3mez Agust\u00edn, Carro Luka, Scarfo Benjam\u00edn, Arregui Enzo, Rodr\u00edguez Juan Bautista, Gamietea Nicol\u00e1s, Fiore Valentino. Entrenador: Pablo Velo<\/p>\n\n\n\n<figure class=\"wp-block-image size-full\"><img decoding=\"async\" width=\"945\" height=\"630\" data-attachment-id=\"112711\" data-permalink=\"https:\/\/eldiariodesanpedro.com.ar\/sitio\/reconocimiento-a-los-participantes-de-los-juegos-nacionales-evita\/whatsapp-image-2022-11-18-at-10-04-14\/\" data-orig-file=\"https:\/\/eldiariodesanpedro.com.ar\/sitio\/wp-content\/uploads\/2022\/11\/WhatsApp-Image-2022-11-18-at-10.04.14.jpeg\" data-orig-size=\"945,630\" data-comments-opened=\"0\" data-image-meta=\"{&quot;aperture&quot;:&quot;0&quot;,&quot;credit&quot;:&quot;&quot;,&quot;camera&quot;:&quot;&quot;,&quot;caption&quot;:&quot;&quot;,&quot;created_timestamp&quot;:&quot;0&quot;,&quot;copyright&quot;:&quot;&quot;,&quot;focal_length&quot;:&quot;0&quot;,&quot;iso&quot;:&quot;0&quot;,&quot;shutter_speed&quot;:&quot;0&quot;,&quot;title&quot;:&quot;&quot;,&quot;orientation&quot;:&quot;0&quot;}\" data-image-title=\"WhatsApp Image 2022-11-18 at 10.04.14\" data-image-description=\"\" data-image-caption=\"\" data-large-file=\"https:\/\/eldiariodesanpedro.com.ar\/sitio\/wp-content\/uploads\/2022\/11\/WhatsApp-Image-2022-11-18-at-10.04.14.jpeg\" data-src=\"https:\/\/eldiariodesanpedro.com.ar\/sitio\/wp-content\/uploads\/2022\/11\/WhatsApp-Image-2022-11-18-at-10.04.14.jpeg\" alt=\"\" class=\"wp-image-112711 lazyload\" data-srcset=\"https:\/\/eldiariodesanpedro.com.ar\/sitio\/wp-content\/uploads\/2022\/11\/WhatsApp-Image-2022-11-18-at-10.04.14.jpeg 945w, https:\/\/eldiariodesanpedro.com.ar\/sitio\/wp-content\/uploads\/2022\/11\/WhatsApp-Image-2022-11-18-at-10.04.14-300x200.jpeg 300w, https:\/\/eldiariodesanpedro.com.ar\/sitio\/wp-content\/uploads\/2022\/11\/WhatsApp-Image-2022-11-18-at-10.04.14-768x512.jpeg 768w\" data-sizes=\"(max-width: 945px) 100vw, 945px\" src=\"data:image\/svg+xml;base64,PHN2ZyB3aWR0aD0iMSIgaGVpZ2h0PSIxIiB4bWxucz0iaHR0cDovL3d3dy53My5vcmcvMjAwMC9zdmciPjwvc3ZnPg==\" style=\"--smush-placeholder-width: 945px; --smush-placeholder-aspect-ratio: 945\/630;\" \/><\/figure>\n\n\n\n<figure class=\"wp-block-image size-full\"><img decoding=\"async\" width=\"945\" height=\"630\" data-attachment-id=\"112710\" data-permalink=\"https:\/\/eldiariodesanpedro.com.ar\/sitio\/reconocimiento-a-los-participantes-de-los-juegos-nacionales-evita\/whatsapp-image-2022-11-18-at-10-04-13\/\" data-orig-file=\"https:\/\/eldiariodesanpedro.com.ar\/sitio\/wp-content\/uploads\/2022\/11\/WhatsApp-Image-2022-11-18-at-10.04.13.jpeg\" data-orig-size=\"945,630\" data-comments-opened=\"0\" data-image-meta=\"{&quot;aperture&quot;:&quot;0&quot;,&quot;credit&quot;:&quot;&quot;,&quot;camera&quot;:&quot;&quot;,&quot;caption&quot;:&quot;&quot;,&quot;created_timestamp&quot;:&quot;0&quot;,&quot;copyright&quot;:&quot;&quot;,&quot;focal_length&quot;:&quot;0&quot;,&quot;iso&quot;:&quot;0&quot;,&quot;shutter_speed&quot;:&quot;0&quot;,&quot;title&quot;:&quot;&quot;,&quot;orientation&quot;:&quot;0&quot;}\" data-image-title=\"WhatsApp Image 2022-11-18 at 10.04.13\" data-image-description=\"\" data-image-caption=\"\" data-large-file=\"https:\/\/eldiariodesanpedro.com.ar\/sitio\/wp-content\/uploads\/2022\/11\/WhatsApp-Image-2022-11-18-at-10.04.13.jpeg\" data-src=\"https:\/\/eldiariodesanpedro.com.ar\/sitio\/wp-content\/uploads\/2022\/11\/WhatsApp-Image-2022-11-18-at-10.04.13.jpeg\" alt=\"\" class=\"wp-image-112710 lazyload\" data-srcset=\"https:\/\/eldiariodesanpedro.com.ar\/sitio\/wp-content\/uploads\/2022\/11\/WhatsApp-Image-2022-11-18-at-10.04.13.jpeg 945w, https:\/\/eldiariodesanpedro.com.ar\/sitio\/wp-content\/uploads\/2022\/11\/WhatsApp-Image-2022-11-18-at-10.04.13-300x200.jpeg 300w, https:\/\/eldiariodesanpedro.com.ar\/sitio\/wp-content\/uploads\/2022\/11\/WhatsApp-Image-2022-11-18-at-10.04.13-768x512.jpeg 768w\" data-sizes=\"(max-width: 945px) 100vw, 945px\" src=\"data:image\/svg+xml;base64,PHN2ZyB3aWR0aD0iMSIgaGVpZ2h0PSIxIiB4bWxucz0iaHR0cDovL3d3dy53My5vcmcvMjAwMC9zdmciPjwvc3ZnPg==\" style=\"--smush-placeholder-width: 945px; --smush-placeholder-aspect-ratio: 945\/630;\" \/><\/figure>\n\n\n\n<figure class=\"wp-block-image size-full\"><img decoding=\"async\" width=\"945\" height=\"630\" data-attachment-id=\"112713\" data-permalink=\"https:\/\/eldiariodesanpedro.com.ar\/sitio\/reconocimiento-a-los-participantes-de-los-juegos-nacionales-evita\/whatsapp-image-2022-11-18-at-10-04-19\/\" data-orig-file=\"https:\/\/eldiariodesanpedro.com.ar\/sitio\/wp-content\/uploads\/2022\/11\/WhatsApp-Image-2022-11-18-at-10.04.19.jpeg\" data-orig-size=\"945,630\" data-comments-opened=\"0\" data-image-meta=\"{&quot;aperture&quot;:&quot;0&quot;,&quot;credit&quot;:&quot;&quot;,&quot;camera&quot;:&quot;&quot;,&quot;caption&quot;:&quot;&quot;,&quot;created_timestamp&quot;:&quot;0&quot;,&quot;copyright&quot;:&quot;&quot;,&quot;focal_length&quot;:&quot;0&quot;,&quot;iso&quot;:&quot;0&quot;,&quot;shutter_speed&quot;:&quot;0&quot;,&quot;title&quot;:&quot;&quot;,&quot;orientation&quot;:&quot;0&quot;}\" data-image-title=\"WhatsApp Image 2022-11-18 at 10.04.19\" data-image-description=\"\" data-image-caption=\"\" data-large-file=\"https:\/\/eldiariodesanpedro.com.ar\/sitio\/wp-content\/uploads\/2022\/11\/WhatsApp-Image-2022-11-18-at-10.04.19.jpeg\" data-src=\"https:\/\/eldiariodesanpedro.com.ar\/sitio\/wp-content\/uploads\/2022\/11\/WhatsApp-Image-2022-11-18-at-10.04.19.jpeg\" alt=\"\" class=\"wp-image-112713 lazyload\" data-srcset=\"https:\/\/eldiariodesanpedro.com.ar\/sitio\/wp-content\/uploads\/2022\/11\/WhatsApp-Image-2022-11-18-at-10.04.19.jpeg 945w, https:\/\/eldiariodesanpedro.com.ar\/sitio\/wp-content\/uploads\/2022\/11\/WhatsApp-Image-2022-11-18-at-10.04.19-300x200.jpeg 300w, https:\/\/eldiariodesanpedro.com.ar\/sitio\/wp-content\/uploads\/2022\/11\/WhatsApp-Image-2022-11-18-at-10.04.19-768x512.jpeg 768w\" data-sizes=\"(max-width: 945px) 100vw, 945px\" src=\"data:image\/svg+xml;base64,PHN2ZyB3aWR0aD0iMSIgaGVpZ2h0PSIxIiB4bWxucz0iaHR0cDovL3d3dy53My5vcmcvMjAwMC9zdmciPjwvc3ZnPg==\" style=\"--smush-placeholder-width: 945px; --smush-placeholder-aspect-ratio: 945\/630;\" \/><\/figure>\n\n\n\n<figure class=\"wp-block-image size-full\"><img decoding=\"async\" width=\"945\" height=\"630\" data-attachment-id=\"112714\" data-permalink=\"https:\/\/eldiariodesanpedro.com.ar\/sitio\/reconocimiento-a-los-participantes-de-los-juegos-nacionales-evita\/whatsapp-image-2022-11-18-at-10-04-20\/\" data-orig-file=\"https:\/\/eldiariodesanpedro.com.ar\/sitio\/wp-content\/uploads\/2022\/11\/WhatsApp-Image-2022-11-18-at-10.04.20.jpeg\" data-orig-size=\"945,630\" data-comments-opened=\"0\" data-image-meta=\"{&quot;aperture&quot;:&quot;0&quot;,&quot;credit&quot;:&quot;&quot;,&quot;camera&quot;:&quot;&quot;,&quot;caption&quot;:&quot;&quot;,&quot;created_timestamp&quot;:&quot;0&quot;,&quot;copyright&quot;:&quot;&quot;,&quot;focal_length&quot;:&quot;0&quot;,&quot;iso&quot;:&quot;0&quot;,&quot;shutter_speed&quot;:&quot;0&quot;,&quot;title&quot;:&quot;&quot;,&quot;orientation&quot;:&quot;0&quot;}\" data-image-title=\"WhatsApp Image 2022-11-18 at 10.04.20\" data-image-description=\"\" data-image-caption=\"\" data-large-file=\"https:\/\/eldiariodesanpedro.com.ar\/sitio\/wp-content\/uploads\/2022\/11\/WhatsApp-Image-2022-11-18-at-10.04.20.jpeg\" data-src=\"https:\/\/eldiariodesanpedro.com.ar\/sitio\/wp-content\/uploads\/2022\/11\/WhatsApp-Image-2022-11-18-at-10.04.20.jpeg\" alt=\"\" class=\"wp-image-112714 lazyload\" data-srcset=\"https:\/\/eldiariodesanpedro.com.ar\/sitio\/wp-content\/uploads\/2022\/11\/WhatsApp-Image-2022-11-18-at-10.04.20.jpeg 945w, https:\/\/eldiariodesanpedro.com.ar\/sitio\/wp-content\/uploads\/2022\/11\/WhatsApp-Image-2022-11-18-at-10.04.20-300x200.jpeg 300w, https:\/\/eldiariodesanpedro.com.ar\/sitio\/wp-content\/uploads\/2022\/11\/WhatsApp-Image-2022-11-18-at-10.04.20-768x512.jpeg 768w\" data-sizes=\"(max-width: 945px) 100vw, 945px\" src=\"data:image\/svg+xml;base64,PHN2ZyB3aWR0aD0iMSIgaGVpZ2h0PSIxIiB4bWxucz0iaHR0cDovL3d3dy53My5vcmcvMjAwMC9zdmciPjwvc3ZnPg==\" style=\"--smush-placeholder-width: 945px; --smush-placeholder-aspect-ratio: 945\/630;\" \/><\/figure>\n\n\n\n<figure class=\"wp-block-image size-full\"><img decoding=\"async\" width=\"945\" height=\"630\" data-attachment-id=\"112715\" data-permalink=\"https:\/\/eldiariodesanpedro.com.ar\/sitio\/reconocimiento-a-los-participantes-de-los-juegos-nacionales-evita\/whatsapp-image-2022-11-18-at-10-04-21\/\" data-orig-file=\"https:\/\/eldiariodesanpedro.com.ar\/sitio\/wp-content\/uploads\/2022\/11\/WhatsApp-Image-2022-11-18-at-10.04.21.jpeg\" data-orig-size=\"945,630\" data-comments-opened=\"0\" data-image-meta=\"{&quot;aperture&quot;:&quot;0&quot;,&quot;credit&quot;:&quot;&quot;,&quot;camera&quot;:&quot;&quot;,&quot;caption&quot;:&quot;&quot;,&quot;created_timestamp&quot;:&quot;0&quot;,&quot;copyright&quot;:&quot;&quot;,&quot;focal_length&quot;:&quot;0&quot;,&quot;iso&quot;:&quot;0&quot;,&quot;shutter_speed&quot;:&quot;0&quot;,&quot;title&quot;:&quot;&quot;,&quot;orientation&quot;:&quot;0&quot;}\" data-image-title=\"WhatsApp Image 2022-11-18 at 10.04.21\" data-image-description=\"\" data-image-caption=\"\" data-large-file=\"https:\/\/eldiariodesanpedro.com.ar\/sitio\/wp-content\/uploads\/2022\/11\/WhatsApp-Image-2022-11-18-at-10.04.21.jpeg\" data-src=\"https:\/\/eldiariodesanpedro.com.ar\/sitio\/wp-content\/uploads\/2022\/11\/WhatsApp-Image-2022-11-18-at-10.04.21.jpeg\" alt=\"\" class=\"wp-image-112715 lazyload\" data-srcset=\"https:\/\/eldiariodesanpedro.com.ar\/sitio\/wp-content\/uploads\/2022\/11\/WhatsApp-Image-2022-11-18-at-10.04.21.jpeg 945w, https:\/\/eldiariodesanpedro.com.ar\/sitio\/wp-content\/uploads\/2022\/11\/WhatsApp-Image-2022-11-18-at-10.04.21-300x200.jpeg 300w, https:\/\/eldiariodesanpedro.com.ar\/sitio\/wp-content\/uploads\/2022\/11\/WhatsApp-Image-2022-11-18-at-10.04.21-768x512.jpeg 768w\" data-sizes=\"(max-width: 945px) 100vw, 945px\" src=\"data:image\/svg+xml;base64,PHN2ZyB3aWR0aD0iMSIgaGVpZ2h0PSIxIiB4bWxucz0iaHR0cDovL3d3dy53My5vcmcvMjAwMC9zdmciPjwvc3ZnPg==\" style=\"--smush-placeholder-width: 945px; --smush-placeholder-aspect-ratio: 945\/630;\" \/><\/figure>\n","protected":false},"excerpt":{"rendered":"<p>Este jueves en el Sal\u00f3n Dorado del Honorable Concejo Deliberante fueron reconocidos los deportistas que participaron de los Juegos Nacionales Evita, el encuentro deportivo y cultural m\u00e1s grande del pa\u00eds, que cuenta con un proceso clasificatorio en cada provincia en el que participan alrededor de 1 mill\u00f3n de ni\u00f1os, ni\u00f1as, j\u00f3venes y personas mayores de [&hellip;]<\/p>\n","protected":false},"author":4,"featured_media":112712,"comment_status":"closed","ping_status":"closed","sticky":false,"template":"","format":"standard","meta":{"om_disable_all_campaigns":false,"_jetpack_memberships_contains_paid_content":false,"footnotes":""},"categories":[50,101,2],"tags":[197,696,33,19],"class_list":["post-112709","post","type-post","status-publish","format-standard","has-post-thumbnail","hentry","category-destacadas","category-interes-general-locales","category-locales","tag-buenos-aires","tag-interes-general","tag-locales","tag-san-pedro"],"aioseo_notices":[],"gutentor_comment":0,"jetpack_featured_media_url":"https:\/\/eldiariodesanpedro.com.ar\/sitio\/wp-content\/uploads\/2022\/11\/WhatsApp-Image-2022-11-18-at-10.04.18.jpeg","jetpack_shortlink":"https:\/\/wp.me\/p6RhLt-tjT","jetpack_sharing_enabled":true,"_links":{"self":[{"href":"https:\/\/eldiariodesanpedro.com.ar\/sitio\/wp-json\/wp\/v2\/posts\/112709","targetHints":{"allow":["GET"]}}],"collection":[{"href":"https:\/\/eldiariodesanpedro.com.ar\/sitio\/wp-json\/wp\/v2\/posts"}],"about":[{"href":"https:\/\/eldiariodesanpedro.com.ar\/sitio\/wp-json\/wp\/v2\/types\/post"}],"author":[{"embeddable":true,"href":"https:\/\/eldiariodesanpedro.com.ar\/sitio\/wp-json\/wp\/v2\/users\/4"}],"replies":[{"embeddable":true,"href":"https:\/\/eldiariodesanpedro.com.ar\/sitio\/wp-json\/wp\/v2\/comments?post=112709"}],"version-history":[{"count":1,"href":"https:\/\/eldiariodesanpedro.com.ar\/sitio\/wp-json\/wp\/v2\/posts\/112709\/revisions"}],"predecessor-version":[{"id":112716,"href":"https:\/\/eldiariodesanpedro.com.ar\/sitio\/wp-json\/wp\/v2\/posts\/112709\/revisions\/112716"}],"wp:featuredmedia":[{"embeddable":true,"href":"https:\/\/eldiariodesanpedro.com.ar\/sitio\/wp-json\/wp\/v2\/media\/112712"}],"wp:attachment":[{"href":"https:\/\/eldiariodesanpedro.com.ar\/sitio\/wp-json\/wp\/v2\/media?parent=112709"}],"wp:term":[{"taxonomy":"category","embeddable":true,"href":"https:\/\/eldiariodesanpedro.com.ar\/sitio\/wp-json\/wp\/v2\/categories?post=112709"},{"taxonomy":"post_tag","embeddable":true,"href":"https:\/\/eldiariodesanpedro.com.ar\/sitio\/wp-json\/wp\/v2\/tags?post=112709"}],"curies":[{"name":"wp","href":"https:\/\/api.w.org\/{rel}","templated":true}]}}